{"id":2113694,"date":"2026-08-26T11:54:17","date_gmt":"2026-08-26T08:54:17","guid":{"rendered":"https:\/\/analyse.optim.biz\/?p=2113694"},"modified":"2026-08-26T11:54:17","modified_gmt":"2026-08-26T08:54:17","slug":"gala-scriitorilor-teleormaneni-ziarul-liber-in-teleorman","status":"publish","type":"post","link":"https:\/\/analyse.optim.biz\/?p=2113694","title":{"rendered":"Gala scriitorilor teleorm\u0103neni &#8211; Ziarul Liber in Teleorman"},"content":{"rendered":"<p>[analyse_image type=&#8221;featured&#8221; src=&#8221;https:\/\/liberinteleorman.ro\/wp-content\/uploads\/2026\/08\/IMG_1210.png&#8221;]<\/p>\n<div class=\"entry-content single56__content single56__post_content single56__body_area\">\n<p>Cu prilejul Zilelor Municipiului Alexandria, Consiliul Jude\u021bean Teleorman, Prim\u0103ria Municipiului Alexandria \u0219i Biblioteca Jude\u021bean\u0103 \u201eMarin Preda\u201d Teleorman organizeaz\u0103\u00a0\u201dGala scriitorilor teleorm\u0103neni\u201d, un eveniment dedicat literaturii, scriitorilor \u0219i dialogului cultural.<\/p>\n<p>Evenimentul va avea loc vineri, 28 august 2026, \u00eencep\u00e2nd cu ora 14:00, \u00een Sala de lectur\u0103 a Bibliotecii Jude\u021bene.\u00a0<\/p>\n<p>Gala \u00ee\u0219i propune s\u0103 aduc\u0103 \u00een aten\u021bia publicului crea\u021bia literar\u0103 teleorm\u0103nean\u0103 \u0219i s\u0103 ofere un spa\u021biu de \u00eent\u00e2lnire \u00eentre scriitori, cititori \u0219i iubitorii de cultur\u0103, \u00eentr-un demers menit s\u0103 sus\u021bin\u0103 \u0219i s\u0103 promoveze valorile culturale ale jude\u021bului.<\/p>\n<p>La eveniment vor participa scriitorii:<\/p>\n<p>Ana Dobre,\u00a0Nicoleta Milea, Florin Burtan, Stan V. Cristea, Mioara Bahna, Florina Carvaci, Domni\u021ba Neaga, Gabriel Cristian Moraru, Liviu Nanu, Iulian Bitoleanu, George B\u0103icoianu, Florin T\u0103nase, Iancu B\u00e2\u021b\u0103 \u0219i Tudor Matre\u0219u.<\/p>\n<p>Programul evenimentului va include \u0219i momente muzicale sus\u021binute de flautistul Ionu\u021b Bogdan \u0218tef\u0103nescu, care va completa atmosfera cultural\u0103 a galei printr-un moment artistic special.<\/p>\n<p>Un alt punct important al \u00eent\u00e2lnirii \u00eel reprezint\u0103\u00a0\u0219i\u00a0lansarea\u00a0volumelor:\u00a0<\/p>\n<p>\u2022\u00a0\u201e\u0218tefan Mitroi: Cu aripi de p\u0103m\u00e2nt prin cer\u201d, autor Ana Dobre, volum ap\u0103rut la Editura Vinea, Bucure\u0219ti, 2026<\/p>\n<p>\u2022\u00a0\u201e\u00cen c\u0103utarea nefericirii, \u00een continuare\u201d, autor Ioana Dr\u0103gan, volum ap\u0103rut la Editura Tracus Arte, 2026<\/p>\n<p>Evenimentul, ini\u021biat de scriitorul \u0219i jurnalistul \u0218tefan Mitroi, va fi moderat de acesta, facilit\u00e2nd dialogul dintre invita\u021bi \u0219i public \u0219i contur\u00e2nd o \u00eent\u00e2lnire dedicat\u0103 literaturii contemporane \u0219i personalit\u0103\u021bilor culturale ale Teleormanului.<\/p>\n<p>Gala scriitorilor teleorm\u0103neni se dore\u0219te a fi mai mult dec\u00e2t o manifestare cultural\u0103: o celebrare a c\u0103r\u021bii, a scrisului \u0219i a oamenilor care, prin crea\u021bia lor, contribuie la p\u0103strarea \u0219i \u00eembog\u0103\u021birea patrimoniului cultural al jude\u021bului Teleorman.<\/p>\n<\/div>\n<p>[analyse_source url=&#8221;https:\/\/liberinteleorman.ro\/gala-scriitorilor-teleormaneni\/&#8221;]<\/p>\n","protected":false},"excerpt":{"rendered":"<p>[analyse_image type=&#8221;featured&#8221; src=&#8221;https:\/\/liberinteleorman.ro\/wp-content\/uploads\/2026\/08\/IMG_1210.png&#8221;] Cu prilejul Zilelor Municipiului Alexandria, Consiliul Jude\u021bean Teleorman, Prim\u0103ria Municipiului Alexandria \u0219i Biblioteca Jude\u021bean\u0103 \u201eMarin Preda\u201d Teleorman organizeaz\u0103\u00a0\u201dGala scriitorilor teleorm\u0103neni\u201d, un eveniment dedicat literaturii, scriitorilor \u0219i dialogului cultural. Evenimentul va avea loc vineri, 28 august 2026, \u00eencep\u00e2nd cu ora 14:00, \u00een Sala de lectur\u0103 a Bibliotecii Jude\u021bene.\u00a0 Gala \u00ee\u0219i propune s\u0103 aduc\u0103 [&hellip;]<\/p>\n","protected":false},"author":1,"featured_media":0,"comment_status":"open","ping_status":"","sticky":false,"template":"","format":"standard","meta":{"footnotes":""},"categories":[89],"tags":[226,181],"class_list":["post-2113694","post","type-post","status-publish","format-standard","hentry","category-romania","tag-crawlmanager","tag-liberinteleorman-ro"],"_links":{"self":[{"href":"https:\/\/analyse.optim.biz\/index.php?rest_route=\/wp\/v2\/posts\/2113694","targetHints":{"allow":["GET"]}}],"collection":[{"href":"https:\/\/analyse.optim.biz\/index.php?rest_route=\/wp\/v2\/posts"}],"about":[{"href":"https:\/\/analyse.optim.biz\/index.php?rest_route=\/wp\/v2\/types\/post"}],"author":[{"embeddable":true,"href":"https:\/\/analyse.optim.biz\/index.php?rest_route=\/wp\/v2\/users\/1"}],"replies":[{"embeddable":true,"href":"https:\/\/analyse.optim.biz\/index.php?rest_route=%2Fwp%2Fv2%2Fcomments&post=2113694"}],"version-history":[{"count":0,"href":"https:\/\/analyse.optim.biz\/index.php?rest_route=\/wp\/v2\/posts\/2113694\/revisions"}],"wp:attachment":[{"href":"https:\/\/analyse.optim.biz\/index.php?rest_route=%2Fwp%2Fv2%2Fmedia&parent=2113694"}],"wp:term":[{"taxonomy":"category","embeddable":true,"href":"https:\/\/analyse.optim.biz\/index.php?rest_route=%2Fwp%2Fv2%2Fcategories&post=2113694"},{"taxonomy":"post_tag","embeddable":true,"href":"https:\/\/analyse.optim.biz\/index.php?rest_route=%2Fwp%2Fv2%2Ftags&post=2113694"}],"curies":[{"name":"wp","href":"https:\/\/api.w.org\/{rel}","templated":true}]}}