{"id":2113522,"date":"2026-08-25T21:00:00","date_gmt":"2026-08-25T18:00:00","guid":{"rendered":"https:\/\/analyse.optim.biz\/?p=2113522"},"modified":"2026-08-25T21:00:00","modified_gmt":"2026-08-25T18:00:00","slug":"fetita-de-3-ani-ranita-dupa-ce-o-usa-a-cazut-peste-ea","status":"publish","type":"post","link":"https:\/\/analyse.optim.biz\/?p=2113522","title":{"rendered":"Feti\u021b\u0103 de 3 ani, r\u0103nit\u0103 dup\u0103 ce o u\u0219\u0103 a c\u0103zut peste ea"},"content":{"rendered":"<p>[analyse_image type=&#8221;featured&#8221; src=&#8221;https:\/\/www.monitoruldevrancea.ro\/wp-content\/uploads\/2026\/08\/IMG-20260826-WA0024-scaled.jpg&#8221;]<\/p>\n<div class=\"td_block_wrap tdb_single_content tdi_123 td-pb-border-top td_block_template_1 td-post-content tagdiv-type\" data-td-block-uid=\"tdi_123\">\n<div class=\"tdb-block-inner td-fix-index\">\n<p>Comunicat de pres\u0103, IPJ Vrancea:<\/p>\n<p>*MINOR\u0102, \u00ceN V\u00c2RST\u0102 DE 3 ANI, R\u0102NIT\u0102*<\/p>\n<p>La data de 26 august a.c., la ora 20:17, poli\u021bi\u0219tii din cadrul Inspectoratului de Poli\u021bie Jude\u021bean Vrancea au fost sesiza\u021bi, prin S.N.U.A.U. 112, de c\u0103tre o femeie, \u00een v\u00e2rst\u0103 de 41 de ani, din comuna Slobozia Bradului, cu privire la faptul c\u0103 fiica sa, \u00een v\u00e2rst\u0103 de 3 ani, ar fi fost r\u0103nit\u0103 dup\u0103 ce o u\u0219\u0103, care era sprijinit\u0103 de imobil, ar fi c\u0103zut peste aceasta.<\/p>\n<p>Minora a fost preluat\u0103 de un echipaj medical \u0219i transportat\u0103 la o unitate medical\u0103, \u00een vederea acord\u0103rii de \u00eengrijiri medicale de specialitate.<\/p>\n<p>\u00cen cauz\u0103, poli\u021bi\u0219tii au \u00eentocmit dosar penal, sub aspectul s\u0103v\u00e2r\u0219irii infrac\u021biunii de v\u0103t\u0103mare corporal\u0103 din culp\u0103, cercet\u0103rile fiind continuate \u00een vederea stabilirii cu exactitate a \u00eemprejur\u0103rilor \u00een care s-a produs evenimentul.<\/p>\n<p>Foto cu rol ilustrativ<\/p>\n<\/div>\n<\/div>\n<p>[analyse_source url=&#8221;https:\/\/www.monitoruldevrancea.ro\/2026\/08\/26\/fetita-de-3-ani-ranita-dupa-ce-o-usa-a-cazut-peste-ea\/&#8221;]<\/p>\n","protected":false},"excerpt":{"rendered":"<p>[analyse_image type=&#8221;featured&#8221; src=&#8221;https:\/\/www.monitoruldevrancea.ro\/wp-content\/uploads\/2026\/08\/IMG-20260826-WA0024-scaled.jpg&#8221;] Comunicat de pres\u0103, IPJ Vrancea: *MINOR\u0102, \u00ceN V\u00c2RST\u0102 DE 3 ANI, R\u0102NIT\u0102* La data de 26 august a.c., la ora 20:17, poli\u021bi\u0219tii din cadrul Inspectoratului de Poli\u021bie Jude\u021bean Vrancea au fost sesiza\u021bi, prin S.N.U.A.U. 112, de c\u0103tre o femeie, \u00een v\u00e2rst\u0103 de 41 de ani, din comuna Slobozia Bradului, cu privire la [&hellip;]<\/p>\n","protected":false},"author":1,"featured_media":0,"comment_status":"open","ping_status":"","sticky":false,"template":"","format":"standard","meta":{"footnotes":""},"categories":[89],"tags":[226,209],"class_list":["post-2113522","post","type-post","status-publish","format-standard","hentry","category-romania","tag-crawlmanager","tag-monitoruldevrancea-ro"],"_links":{"self":[{"href":"https:\/\/analyse.optim.biz\/index.php?rest_route=\/wp\/v2\/posts\/2113522","targetHints":{"allow":["GET"]}}],"collection":[{"href":"https:\/\/analyse.optim.biz\/index.php?rest_route=\/wp\/v2\/posts"}],"about":[{"href":"https:\/\/analyse.optim.biz\/index.php?rest_route=\/wp\/v2\/types\/post"}],"author":[{"embeddable":true,"href":"https:\/\/analyse.optim.biz\/index.php?rest_route=\/wp\/v2\/users\/1"}],"replies":[{"embeddable":true,"href":"https:\/\/analyse.optim.biz\/index.php?rest_route=%2Fwp%2Fv2%2Fcomments&post=2113522"}],"version-history":[{"count":0,"href":"https:\/\/analyse.optim.biz\/index.php?rest_route=\/wp\/v2\/posts\/2113522\/revisions"}],"wp:attachment":[{"href":"https:\/\/analyse.optim.biz\/index.php?rest_route=%2Fwp%2Fv2%2Fmedia&parent=2113522"}],"wp:term":[{"taxonomy":"category","embeddable":true,"href":"https:\/\/analyse.optim.biz\/index.php?rest_route=%2Fwp%2Fv2%2Fcategories&post=2113522"},{"taxonomy":"post_tag","embeddable":true,"href":"https:\/\/analyse.optim.biz\/index.php?rest_route=%2Fwp%2Fv2%2Ftags&post=2113522"}],"curies":[{"name":"wp","href":"https:\/\/api.w.org\/{rel}","templated":true}]}}