{"id":2113510,"date":"2026-08-24T08:08:09","date_gmt":"2026-08-24T05:08:09","guid":{"rendered":"https:\/\/analyse.optim.biz\/?p=2113510"},"modified":"2026-08-24T08:08:09","modified_gmt":"2026-08-24T05:08:09","slug":"actiuni-de-dezinsectie-terestra-in-luna-septembrie-anuntate-de-primaria-timisoara","status":"publish","type":"post","link":"https:\/\/analyse.optim.biz\/?p=2113510","title":{"rendered":"Ac\u021biuni de dezinsec\u021bie terestr\u0103 \u00een luna septembrie, anun\u0163ate de Prim\u0103ria Timi\u0219oara"},"content":{"rendered":"<p>[analyse_image type=&#8221;featured&#8221; src=&#8221;https:\/\/renasterea.ro\/ro\/wp-content\/uploads\/dezinsectie.jpghttps:\/\/renasterea.ro\/ro\/wp-content\/uploads\/dezinsectie.jpg&#8221;]<\/p>\n<div class=\"entry-content\"><img loading=\"lazy\" decoding=\"async\" width=\"800\" height=\"460\" src=\"https:\/\/renasterea.ro\/ro\/wp-content\/uploads\/dezinsectie.jpg\" class=\"attachment-medium size-medium wp-post-image\" alt=\"Ac\u021biuni de dezinsec\u021bie terestr\u0103 \u00een luna septembrie, anun\u0163ate de Prim\u0103ria Timi\u0219oara\" title=\"Ac\u021biuni de dezinsec\u021bie terestr\u0103 \u00een luna septembrie, anun\u0163ate de Prim\u0103ria Timi\u0219oara 1\"><\/p>\n<h4><strong>Ac\u021biuni de dezinsec\u021bie terestr\u0103 \u00een luna septembrie, la Timi\u0219oara.<\/strong><\/h4>\n<p>Continu\u0103 \u0219i \u00een luna septembrie ac\u021biunile de dezinsec\u021bie terestr\u0103 pe domeniul public al ora\u0219ului Timi\u0219oara pentru combaterea \u021b\u00e2n\u021barilor \u0219i a larvelor acestora.<\/p>\n<p>Interven\u021biile sunt programate \u00een perioada 2-7 septembrie 2026.<\/p>\n<p>Opera\u021biunile de dezinsec\u021bie vor avea loc pe timpul nop\u021bii, \u00eentre orele 22:00 \u0219i 06:00, pentru a reduce disconfortul pentru locuitori.<\/p>\n<p>Se recomand\u0103 evitarea zonelor de ac\u0163iune a utilajelor \u00een timpul pulveriz\u0103rii solu\u021biilor. Aceast\u0103 recomandare vizeaz\u0103 \u00een special copiii, persoanele v\u00e2rstnice, persoanele cu afec\u021biuni cardiace, astmatice sau alergice la diver\u0219i compu\u0219i chimici.<\/p>\n<p>De asemenea, cresc\u0103torii de albine sunt ruga\u021bi ca, \u00een perioada men\u0163ionat\u0103, s\u0103 ia toate m\u0103surile necesare pentru protejarea albinelor, inclusiv mutarea stupilor \u00een afara ariei de stropire.<\/p>\n<p>Produsele folosite sunt avizate de Comisia Na\u0163ional\u0103 pentru Produse Biocide din cadrul Ministerului S\u0103n\u0103t\u0103\u0163ii \u015fi se reg\u0103sesc \u00een Registrul Na\u0163ional al Produselor Biocide avizate pentru profilaxia sanitar-uman\u0103 de c\u0103tre Ministerul S\u0103n\u0103t\u0103\u0163ii (Cymina Super, Vectobac WG). Substan\u0163ele fac parte din Grupa III de toxicitate (pesticide non-agricole), Tip 18 (insecticide, acaricide \u015fi produse pentru combaterea artropodelor).<\/p>\n<p>Personalul implicat \u00een efectuarea lucr\u0103rilor este calificat \u015fi autorizat \u00een conformitate cu legisla\u0163ia \u00een vigoare, fiind dotat cu echipament de protec\u0163ie corespunz\u0103tor.<\/p>\n<p>\u00cen cazul \u00een care vremea va fi nefavorabil\u0103, perioada de desf\u0103\u0219urare a acestor ac\u021biuni va fi decalat\u0103.<\/p>\n<h2><strong>CITE\u0218TE \u0218I: <a href=\"https:\/\/renasterea.ro\/o-metropola-europeana-va-avea-una-dintre-cele-mai-scumpe-taxe-turistice-din-lume\/\">O metropol\u0103 european\u0103 va avea una dintre cele mai scumpe taxe turistice din lume<\/a><\/strong><\/h2>\n<\/div>\n<p>[analyse_source url=&#8221;https:\/\/renasterea.ro\/actiuni-de-dezinsectie-terestra-in-luna-septembrie-la-timisoara\/&#8221;]<\/p>\n","protected":false},"excerpt":{"rendered":"<p>[analyse_image type=&#8221;featured&#8221; src=&#8221;https:\/\/renasterea.ro\/ro\/wp-content\/uploads\/dezinsectie.jpghttps:\/\/renasterea.ro\/ro\/wp-content\/uploads\/dezinsectie.jpg&#8221;] Ac\u021biuni de dezinsec\u021bie terestr\u0103 \u00een luna septembrie, la Timi\u0219oara. Continu\u0103 \u0219i \u00een luna septembrie ac\u021biunile de dezinsec\u021bie terestr\u0103 pe domeniul public al ora\u0219ului Timi\u0219oara pentru combaterea \u021b\u00e2n\u021barilor \u0219i a larvelor acestora. Interven\u021biile sunt programate \u00een perioada 2-7 septembrie 2026. Opera\u021biunile de dezinsec\u021bie vor avea loc pe timpul nop\u021bii, \u00eentre orele 22:00 \u0219i [&hellip;]<\/p>\n","protected":false},"author":1,"featured_media":0,"comment_status":"open","ping_status":"","sticky":false,"template":"","format":"standard","meta":{"footnotes":""},"categories":[89],"tags":[226,188],"class_list":["post-2113510","post","type-post","status-publish","format-standard","hentry","category-romania","tag-crawlmanager","tag-renasterea-ro"],"_links":{"self":[{"href":"https:\/\/analyse.optim.biz\/index.php?rest_route=\/wp\/v2\/posts\/2113510","targetHints":{"allow":["GET"]}}],"collection":[{"href":"https:\/\/analyse.optim.biz\/index.php?rest_route=\/wp\/v2\/posts"}],"about":[{"href":"https:\/\/analyse.optim.biz\/index.php?rest_route=\/wp\/v2\/types\/post"}],"author":[{"embeddable":true,"href":"https:\/\/analyse.optim.biz\/index.php?rest_route=\/wp\/v2\/users\/1"}],"replies":[{"embeddable":true,"href":"https:\/\/analyse.optim.biz\/index.php?rest_route=%2Fwp%2Fv2%2Fcomments&post=2113510"}],"version-history":[{"count":0,"href":"https:\/\/analyse.optim.biz\/index.php?rest_route=\/wp\/v2\/posts\/2113510\/revisions"}],"wp:attachment":[{"href":"https:\/\/analyse.optim.biz\/index.php?rest_route=%2Fwp%2Fv2%2Fmedia&parent=2113510"}],"wp:term":[{"taxonomy":"category","embeddable":true,"href":"https:\/\/analyse.optim.biz\/index.php?rest_route=%2Fwp%2Fv2%2Fcategories&post=2113510"},{"taxonomy":"post_tag","embeddable":true,"href":"https:\/\/analyse.optim.biz\/index.php?rest_route=%2Fwp%2Fv2%2Ftags&post=2113510"}],"curies":[{"name":"wp","href":"https:\/\/api.w.org\/{rel}","templated":true}]}}