{"id":2113509,"date":"2026-08-26T07:59:22","date_gmt":"2026-08-26T04:59:22","guid":{"rendered":"https:\/\/analyse.optim.biz\/?p=2113509"},"modified":"2026-08-26T07:59:22","modified_gmt":"2026-08-26T04:59:22","slug":"se-inchide-traficul-rutier-pe-bulevardul-revolutiei-din-1989-la-timisoara-rute-ocolitoare","status":"publish","type":"post","link":"https:\/\/analyse.optim.biz\/?p=2113509","title":{"rendered":"Se \u00eenchide traficul rutier pe Bulevardul Revolu\u021biei din 1989, la Timi\u015foara! Rute ocolitoare"},"content":{"rendered":"<p>[analyse_image type=&#8221;featured&#8221; src=&#8221;https:\/\/renasterea.ro\/ro\/wp-content\/uploads\/restrictii-rutiere-3.jpghttps:\/\/renasterea.ro\/ro\/wp-content\/uploads\/restrictii-rutiere-3.jpg&#8221;]<\/p>\n<div class=\"entry-content\"><img loading=\"lazy\" decoding=\"async\" width=\"616\" height=\"371\" src=\"https:\/\/renasterea.ro\/ro\/wp-content\/uploads\/restrictii-rutiere-3.jpg\" class=\"attachment-medium size-medium wp-post-image\" alt=\"Se \u00eenchide traficul rutier pe Bulevardul Revolu\u021biei din 1989, la Timi\u015foara! Rute ocolitoare\" title=\"Se \u00eenchide traficul rutier pe Bulevardul Revolu\u021biei din 1989, la Timi\u015foara! Rute ocolitoare 1\"><\/p>\n<h4>Se \u00eenchide traficul rutier pe Bulevardul Revolu\u021biei din 1989, la Timi\u015foara! Rute ocolitoare<\/h4>\n<p>La solicitarea Societ\u0103\u021bii Drumuri Municipale, comisia de circula\u021bie din cadrul Prim\u0103riei Municipiului Timi\u0219oara a avizat \u00eenchiderea traficului rutier pe bulevardul Revolu\u021biei din 1989, \u00eencepand de joi, 27.08.2026, \u00een vederea execut\u0103rii lucr\u0103rilor de \u00eentre\u021binere \u0219i repara\u021bii a carosabilului.<\/p>\n<p>Astfel, \u00een perioada 27.08.2026-6.09.2026, circula\u021bia rutier\u0103 va fi \u00eenchis\u0103 etapizat, pe tronsonul de drum cuprins \u00eentre Podul Decebal \u0219i strada Nicu Filipescu, pe sensul de mers c\u0103tre strada Nicu Filipescu. Deasemenea, devierea circula\u021biei se va face pe liniile de tramvai de la Podul Decebal, p\u00e2n\u0103 la intersec\u021bia cu bulevardul Mihai Eminescu.<\/p>\n<p>Men\u021bion\u0103m c\u0103, \u00eentr-o prima etap\u0103, lucr\u0103rile au vizat banda 1 a bulevardului Revolu\u021biei 1989, \u00eentre str\u0103zile Andrei Mocioni \u0219i Hector, precum \u0219i intersec\u021bia cu strada Nicolae Filipescu. \u00cen etapa a doua, interven\u021biile s-au mutat pe banda 2, pe acela\u0219i tronson, f\u0103r\u0103 \u00eenchiderea intersec\u021biei cu strada Nicolae Filipescu.<\/p>\n<p>De asemenea, 27.08.2026-06.09.2026, traficul rutier va fi \u00eenchis pe Calea Martirilor 1989, pe tronsonul cuprins \u00eentre strada Dr. Ioan Mure\u0219an \u0219i strada Mare\u0219al Constantin Prezan, \u00een vederea turn\u0103rii stratului de uzur\u0103.<\/p>\n<p>Pe durata lucr\u0103rilor, circula\u021bia va fi deviat\u0103 pe strada C\u00e2ntului care va avea circula\u021bie \u00een ambele sensuri \u0219i pe strada Martir Ioan Stanciu. Dinspre strada Martir Ciopec, circula\u021bia va fi obligatoriu la st\u00e2nga pe strada Martir Ioan Stanciu. De asemenea, strada Br\u0103iloiu (Stegarilor) va avea sens unic, cu viraj obligatoriu la dreapta pe strada Martir Ioan Stanciu, cu excep\u021bia riveranilor \u0219i a autospecialelor Sec\u021biei 2 de Poli\u021bie.<\/p>\n<\/div>\n<p>[analyse_source url=&#8221;https:\/\/renasterea.ro\/se-inchide-traficul-rutier-pe-bulevardul-revolutiei-din-1989-la-timisoara-rute-ocolitoare\/&#8221;]<\/p>\n","protected":false},"excerpt":{"rendered":"<p>[analyse_image type=&#8221;featured&#8221; src=&#8221;https:\/\/renasterea.ro\/ro\/wp-content\/uploads\/restrictii-rutiere-3.jpghttps:\/\/renasterea.ro\/ro\/wp-content\/uploads\/restrictii-rutiere-3.jpg&#8221;] Se \u00eenchide traficul rutier pe Bulevardul Revolu\u021biei din 1989, la Timi\u015foara! Rute ocolitoare La solicitarea Societ\u0103\u021bii Drumuri Municipale, comisia de circula\u021bie din cadrul Prim\u0103riei Municipiului Timi\u0219oara a avizat \u00eenchiderea traficului rutier pe bulevardul Revolu\u021biei din 1989, \u00eencepand de joi, 27.08.2026, \u00een vederea execut\u0103rii lucr\u0103rilor de \u00eentre\u021binere \u0219i repara\u021bii a carosabilului. Astfel, \u00een [&hellip;]<\/p>\n","protected":false},"author":1,"featured_media":0,"comment_status":"open","ping_status":"","sticky":false,"template":"","format":"standard","meta":{"footnotes":""},"categories":[89],"tags":[226,188],"class_list":["post-2113509","post","type-post","status-publish","format-standard","hentry","category-romania","tag-crawlmanager","tag-renasterea-ro"],"_links":{"self":[{"href":"https:\/\/analyse.optim.biz\/index.php?rest_route=\/wp\/v2\/posts\/2113509","targetHints":{"allow":["GET"]}}],"collection":[{"href":"https:\/\/analyse.optim.biz\/index.php?rest_route=\/wp\/v2\/posts"}],"about":[{"href":"https:\/\/analyse.optim.biz\/index.php?rest_route=\/wp\/v2\/types\/post"}],"author":[{"embeddable":true,"href":"https:\/\/analyse.optim.biz\/index.php?rest_route=\/wp\/v2\/users\/1"}],"replies":[{"embeddable":true,"href":"https:\/\/analyse.optim.biz\/index.php?rest_route=%2Fwp%2Fv2%2Fcomments&post=2113509"}],"version-history":[{"count":0,"href":"https:\/\/analyse.optim.biz\/index.php?rest_route=\/wp\/v2\/posts\/2113509\/revisions"}],"wp:attachment":[{"href":"https:\/\/analyse.optim.biz\/index.php?rest_route=%2Fwp%2Fv2%2Fmedia&parent=2113509"}],"wp:term":[{"taxonomy":"category","embeddable":true,"href":"https:\/\/analyse.optim.biz\/index.php?rest_route=%2Fwp%2Fv2%2Fcategories&post=2113509"},{"taxonomy":"post_tag","embeddable":true,"href":"https:\/\/analyse.optim.biz\/index.php?rest_route=%2Fwp%2Fv2%2Ftags&post=2113509"}],"curies":[{"name":"wp","href":"https:\/\/api.w.org\/{rel}","templated":true}]}}