{"id":2113508,"date":"2026-08-26T21:25:18","date_gmt":"2026-08-26T18:25:18","guid":{"rendered":"https:\/\/analyse.optim.biz\/?p=2113508"},"modified":"2026-08-26T21:25:18","modified_gmt":"2026-08-26T18:25:18","slug":"via-carpatia-autostrada-de-3-000-de-kilometri-care-va-traversa-romania-si-va-ajunge-la-salonic","status":"publish","type":"post","link":"https:\/\/analyse.optim.biz\/?p=2113508","title":{"rendered":"Via Carpatia, autostrada de 3.000 de kilometri care va traversa Rom\u00e2nia \u0219i va ajunge la Salonic"},"content":{"rendered":"<p>[analyse_image type=&#8221;featured&#8221; src=&#8221;https:\/\/orasul-timisoara.ro\/wp-content\/uploads\/2026\/08\/via-carpatia-3.jpg&#8221;]<\/p>\n<article id=\"post-40547\" class=\"td-post-template-7 post-40547 post type-post status-publish format-standard has-post-thumbnail category-featured category-investitii-in-timisoara category-stiri-timisoara category-stiri-nationale-si-internationale category-turism tag-arad tag-autostrazi-2 tag-autostrazi-romania tag-coridor-rutier-european tag-drumuri-europene tag-europa tag-grecia tag-infrastructura-romania tag-infrastructura-rutiera tag-oradea tag-romania-2 tag-salonic tag-stiri-arad-3 tag-stiri-romania-2 tag-stiri-timisoara-3 tag-timisoara-2 tag-via-carpatia tag-via-carpatia-romania td-container-wrap\">\n<div class=\"td-full-screen-header-image-wrap\">\n<div class=\"td-container td-post-header\">\n<div class=\"td-crumb-container\">\n<div class=\"entry-crumbs\"><span><a title=\"Vede\u021bi toate articolele \u00een Investitii in Timisoara\" class=\"entry-crumb\" href=\"https:\/\/orasul-timisoara.ro\/local-category\/investitii-in-timisoara\/\">Investitii in Timisoara<\/a><\/span><span class=\"td-bred-no-url-last\">Via Carpatia, autostrada de 3.000 de kilometri care va traversa Rom\u00e2nia \u0219i&#8230;<\/span><\/div>\n<\/div>\n<div class=\"td-post-header-holder\">\n<div class=\"td-parallax-header\">\n<header class=\"td-post-title\">\n<ul class=\"td-category\">\n<li class=\"entry-category\"><a href=\"https:\/\/orasul-timisoara.ro\/local-category\/investitii-in-timisoara\/\">Investitii in Timisoara<\/a><\/li>\n<li class=\"entry-category\"><a href=\"https:\/\/orasul-timisoara.ro\/local-category\/stiri-timisoara\/\">\u0218tiri Locale<\/a><\/li>\n<li class=\"entry-category\"><a href=\"https:\/\/orasul-timisoara.ro\/local-category\/stiri-nationale-si-internationale\/\">\u0218tiri na\u021bionale \u0219i interna\u021bionale<\/a><\/li>\n<li class=\"entry-category\"><a href=\"https:\/\/orasul-timisoara.ro\/local-category\/turism\/\">Turism<\/a><\/li>\n<\/ul>\n<h1 class=\"entry-title\">Via Carpatia, autostrada de 3.000 de kilometri care va traversa Rom\u00e2nia \u0219i va ajunge la Salonic<\/h1>\n<div class=\"td-module-meta-info\">\n<div class=\"td-post-author-name\">\n<div class=\"td-author-by\">De c\u0103tre<\/div>\n<p><a href=\"https:\/\/orasul-timisoara.ro\/author\/timisoara\/\">redactia<\/a><\/p>\n<div class=\"td-author-line\"> &#8211; <\/div>\n<\/div>\n<p><span class=\"td-post-date\"><time class=\"entry-date updated td-module-date\" datetime=\"2026-08-27T00:25:18+03:00\">27\/08\/2026<\/time><\/span><\/div>\n<\/header>\n<\/div>\n<\/div>\n<\/div>\n<div id=\"td-full-screen-header-image\" class=\"td-image-gradient-style7\"><img decoding=\"async\" class=\"td-backstretch\" src=\"https:\/\/orasul-timisoara.ro\/wp-content\/uploads\/2026\/08\/via-carpatia-3.jpg\"><\/div>\n<\/div>\n<div class=\"td-container\">\n<div class=\"td-pb-row\">\n<div class=\"td-pb-span8 td-main-content\" role=\"main\">\n<div class=\"td-ss-main-content\">\n<div class=\"td-post-sharing-top\">\n<div class=\"td-post-sharing-classic\"><iframe title=\"topFacebookLike\" frameborder src=\"https:\/\/www.facebook.com\/plugins\/like.php?href=https:\/\/orasul-timisoara.ro\/local-40547\/&amp;layout=button_count&amp;show_faces=false&amp;width=105&amp;action=like&amp;colorscheme=light&amp;height=21\"><\/iframe><\/div>\n<div id=\"td_social_sharing_article_top\" class=\"td-post-sharing td-ps-bg td-ps-notext td-post-sharing-style1 \">\n<div class=\"td-post-sharing-visible\"><a class=\"td-social-sharing-button td-social-sharing-button-js td-social-network td-social-facebook\" href=\"https:\/\/www.facebook.com\/sharer.php?u=https%3A%2F%2Forasul-timisoara.ro%2Flocal-40547%2F\" title=\"Facebook\"><\/p>\n<div class=\"td-social-but-text\">Facebook<\/div>\n<p><\/a><a class=\"td-social-sharing-button td-social-sharing-button-js td-social-network td-social-twitter\" href=\"https:\/\/twitter.com\/intent\/tweet?text=Via+Carpatia%2C+autostrada+de+3.000+de+kilometri+care+va+traversa+Rom%C3%A2nia+%C8%99i+va+ajunge+la+Salonic&amp;url=https%3A%2F%2Forasul-timisoara.ro%2Flocal-40547%2F&amp;via=orasultm\" title=\"Twitter\"><\/p>\n<div class=\"td-social-but-text\">Twitter<\/div>\n<p><\/a><a class=\"td-social-sharing-button td-social-sharing-button-js td-social-network td-social-whatsapp\" href=\"https:\/\/api.whatsapp.com\/send?text=Via+Carpatia%2C+autostrada+de+3.000+de+kilometri+care+va+traversa+Rom%C3%A2nia+%C8%99i+va+ajunge+la+Salonic%20%0A%0A%20https:\/\/orasul-timisoara.ro\/local-40547\/\" title=\"WhatsApp\"><\/p>\n<div class=\"td-social-but-text\">WhatsApp<\/div>\n<p><\/a><a class=\"td-social-sharing-button td-social-sharing-button-js td-social-network td-social-linkedin\" href=\"https:\/\/www.linkedin.com\/shareArticle?mini=true&amp;url=https:\/\/orasul-timisoara.ro\/local-40547\/&amp;title=Via+Carpatia%2C+autostrada+de+3.000+de+kilometri+care+va+traversa+Rom%C3%A2nia+%C8%99i+va+ajunge+la+Salonic\" title=\"Linkedin\"><\/p>\n<div class=\"td-social-but-text\">Linkedin<\/div>\n<p><\/a><a class=\"td-social-sharing-button td-social-sharing-button-js td-social-network td-social-reddit\" href=\"https:\/\/reddit.com\/submit?url=https:\/\/orasul-timisoara.ro\/local-40547\/&amp;title=Via+Carpatia%2C+autostrada+de+3.000+de+kilometri+care+va+traversa+Rom%C3%A2nia+%C8%99i+va+ajunge+la+Salonic\" title=\"ReddIt\"><\/p>\n<div class=\"td-social-but-text\">ReddIt<\/div>\n<p><\/a><a class=\"td-social-sharing-button td-social-sharing-button-js td-social-network td-social-mail\" href=\"mailto:?subject=Via%20Carpatia,%20autostrada%20de%203.000%20de%20kilometri%20care%20va%20traversa%20Rom%C3%A2nia%20%C8%99i%20va%20ajunge%20la%20Salonic&amp;body=https:\/\/orasul-timisoara.ro\/local-40547\/\" title=\"Email\"><\/p>\n<div class=\"td-social-but-text\">Email<\/div>\n<p><\/a><a class=\"td-social-sharing-button td-social-sharing-button-js td-social-network td-social-print\" href=\"https:\/\/orasul-timisoara.ro\/local-40547\/\" title=\"Imprimare\"><\/p>\n<div class=\"td-social-but-text\">Imprimare<\/div>\n<p><\/a><\/div>\n<\/div>\n<\/div>\n<div class=\"td-post-content tagdiv-type\">\n<p class=\"wp-block-paragraph\"><strong>Unul dintre cele mai importante proiecte de infrastructur\u0103 rutier\u0103 din Europa Central\u0103 \u0219i de Est va traversa \u0219i Rom\u00e2nia.<\/strong> Este vorba despre <strong>Via Carpatia<\/strong>, un coridor rutier interna\u021bional care urm\u0103re\u0219te s\u0103 lege nordul Europei de sudul continentului, printr-o re\u021bea de aproximativ 3.000 de kilometri.<\/p>\n<p class=\"wp-block-paragraph\">Traseul principal porne\u0219te din <strong>Klaip\u0117da, \u00een Lituania<\/strong>, \u0219i ajunge p\u00e2n\u0103 la <strong>Salonic, \u00een Grecia<\/strong>, travers\u00e2nd \u0219apte \u021b\u0103ri: Lituania, Polonia, Slovacia, Ungaria, Rom\u00e2nia, Bulgaria \u0219i Grecia. Proiectul se bazeaz\u0103 at\u00e2t pe construirea unor noi sectoare de drum de mare vitez\u0103, c\u00e2t \u0219i pe modernizarea \u0219i conectarea unor infrastructuri rutiere existente.<\/p>\n<h2 class=\"wp-block-heading\">Via Carpatia va traversa Rom\u00e2nia<\/h2>\n<p class=\"wp-block-paragraph\">Rom\u00e2nia are un rol important \u00een acest coridor european, care urm\u0103re\u0219te s\u0103 creeze o leg\u0103tur\u0103 rutier\u0103 rapid\u0103 \u00eentre Europa Central\u0103, Balcani \u0219i Grecia.<\/p>\n<p class=\"wp-block-paragraph\">Pe teritoriul Rom\u00e2niei, traseul include zona <strong>Oradea \u2013 Arad \u2013 Timi\u0219oara<\/strong>, conect\u00e2nd infrastructura rutier\u0103 din vestul \u021b\u0103rii la marile axe europene de transport. Pentru ora\u0219ele \u0219i regiunile aflate de-a lungul traseului, un astfel de coridor poate avea efecte importante asupra transportului de m\u0103rfuri, mobilit\u0103\u021bii \u0219i dezvolt\u0103rii economice.<\/p>\n<p class=\"wp-block-paragraph\">Importan\u021ba Via Carpatia nu se limiteaz\u0103 \u00eens\u0103 la transportul rutier de pasageri. Coridorul este g\u00e2ndit \u0219i ca o rut\u0103 strategic\u0103 pentru transportul de m\u0103rfuri, prin conectarea unor regiuni care, p\u00e2n\u0103 acum, nu au beneficiat de leg\u0103turi rapide \u0219i directe pe direc\u021bia nord-sud.<\/p>\n<h2 class=\"wp-block-heading\">Un proiect lansat \u00een urm\u0103 cu dou\u0103 decenii<\/h2>\n<p class=\"wp-block-paragraph\">Ideea <strong>Via Carpatia<\/strong> a ap\u0103rut \u00een anul <strong>2006<\/strong>, c\u00e2nd Lituania, Polonia, Slovacia \u0219i Ungaria au semnat o declara\u021bie comun\u0103 privind realizarea unui coridor rutier nord-sud prin Europa Central\u0103 \u0219i de Est.<\/p>\n<p class=\"wp-block-paragraph\">\u00cen <strong>2010<\/strong>, proiectul a fost extins prin implicarea Rom\u00e2niei, Bulgariei \u0219i Greciei, iar traseul a fost prelungit p\u00e2n\u0103 la Salonic. Astfel, coridorul a c\u0103p\u0103tat configura\u021bia principal\u0103 pe care o are ast\u0103zi, travers\u00e2nd \u0219apte state europene.<\/p>\n<p class=\"wp-block-paragraph\">Primele lucr\u0103ri pentru diferite segmente ale proiectului au \u00eenceput treptat \u00een anii 2010, \u00een special \u00een Polonia \u0219i Ungaria, prin construirea unor noi sectoare de autostrad\u0103 \u0219i modernizarea unor drumuri existente.<\/p>\n<h2 class=\"wp-block-heading\">O ax\u0103 rutier\u0103 \u00eentre Marea Baltic\u0103 \u0219i Marea Egee<\/h2>\n<p class=\"wp-block-paragraph\">Via Carpatia urm\u0103re\u0219te s\u0103 creeze o leg\u0103tur\u0103 rutier\u0103 modern\u0103 pe direc\u021bia nord-sud, \u00eentre zona M\u0103rii Baltice \u0219i sud-estul Europei.<\/p>\n<p class=\"wp-block-paragraph\">Prin traversarea Poloniei, Slovaciei, Ungariei \u0219i Rom\u00e2niei, apoi continuarea prin Bulgaria c\u0103tre Grecia, proiectul poate deveni una dintre principalele rute pentru transporturile comerciale dintre Europa Central\u0103 \u0219i Balcani.<\/p>\n<p class=\"wp-block-paragraph\">Pentru Rom\u00e2nia, avantajele pot fi importante. Conectarea infrastructurii din vestul \u021b\u0103rii la marile coridoare europene poate facilita transportul m\u0103rfurilor \u0219i poate consolida leg\u0103turile economice cu pie\u021bele din Europa Central\u0103 \u0219i de Sud-Est.<\/p>\n<h2 class=\"wp-block-heading\">Via Carpatia are \u0219i o posibil\u0103 extensie c\u0103tre Turcia<\/h2>\n<p class=\"wp-block-paragraph\">Planurile legate de Via Carpatia au fost extinse \u0219i prin discu\u021biile privind conectarea coridorului cu <strong>Turcia<\/strong>. Direc\u021bia sudic\u0103 ar urma s\u0103 continue prin Bulgaria c\u0103tre frontiera bulgaro-turc\u0103, \u00een zona <strong>Svilengrad \u2013 Edirne<\/strong>, \u0219i mai departe spre Istanbul.<\/p>\n<p class=\"wp-block-paragraph\">Conexiunea cu Turcia trebuie \u00eens\u0103 diferen\u021biat\u0103 de traseul principal al Via Carpatia, al c\u0103rui cap\u0103t sudic este reprezentat de Salonic. Extinderea c\u0103tre Istanbul ar putea transforma \u00eens\u0103 coridorul \u00eentr-o leg\u0103tur\u0103 rutier\u0103 \u0219i mai important\u0103 \u00eentre nordul Europei, Balcani \u0219i Turcia.<\/p>\n<h2 class=\"wp-block-heading\">Un coridor de aproximativ 3.000 de kilometri<\/h2>\n<p class=\"wp-block-paragraph\">\u00centregul sistem de infrastructur\u0103 asociat proiectului este estimat la aproximativ <strong>3.000 de kilometri<\/strong>, \u00eens\u0103 lungimea exact\u0103 poate varia \u00een func\u021bie de segmentele \u0219i ramifica\u021biile incluse \u00een diferitele etape de dezvoltare.<\/p>\n<p class=\"wp-block-paragraph\">Orizontul de timp vehiculat pentru finalizarea principalelor proiecte este \u00een jurul anului <strong>2030<\/strong>, \u00eens\u0103 realizarea \u00eentregului coridor depinde de ritmul lucr\u0103rilor din fiecare dintre \u021b\u0103rile traversate \u0219i de finan\u021barea disponibil\u0103 pentru proiectele de infrastructur\u0103.<\/p>\n<p class=\"wp-block-paragraph\">Denumirea <strong>Via Carpatia<\/strong> face trimitere la Mun\u021bii Carpa\u021bi, care reprezint\u0103 unul dintre elementele geografice importante ale regiunii traversate de coridor. Numele aminte\u0219te, totodat\u0103, de tradi\u021bia marilor drumuri europene, prin utilizarea termenului latin \u201eVia\u201d.<\/p>\n<figure class=\"wp-block-image size-full\"><img loading=\"lazy\" decoding=\"async\" width=\"1920\" height=\"1083\" src=\"https:\/\/orasul-timisoara.ro\/wp-content\/uploads\/2026\/08\/via-carpatia-mapa.jpg\" alt class=\"wp-image-40549\"><\/figure>\n<h2 class=\"wp-block-heading\">Ce \u00eenseamn\u0103 proiectul pentru Rom\u00e2nia<\/h2>\n<p class=\"wp-block-paragraph\">Pentru Rom\u00e2nia, miza Via Carpatia este mai mare dec\u00e2t simpla construc\u021bie a unor kilometri de autostrad\u0103. Coridorul poate consolida pozi\u021bia \u021b\u0103rii ca punct de leg\u0103tur\u0103 \u00eentre <strong>Europa Central\u0103, Balcani, Marea Neagr\u0103 \u0219i Marea Egee<\/strong>.<\/p>\n<p class=\"wp-block-paragraph\">\u00cen vestul \u021b\u0103rii, conectarea infrastructurii din zona <strong>Oradea \u2013 Arad \u2013 Timi\u0219oara<\/strong> la marile axe europene poate avea efecte asupra transportului de m\u0103rfuri, investi\u021biilor \u0219i mobilit\u0103\u021bii regionale. \u00cen acela\u0219i timp, leg\u0103turile c\u0103tre sud \u0219i c\u0103tre infrastructura european\u0103 pot oferi noi oportunit\u0103\u021bi pentru comer\u021bul transfrontalier.<\/p>\n<p class=\"wp-block-paragraph\">La nivel european, proiectul face parte dintr-o strategie mai ampl\u0103 de dezvoltare a coridoarelor de transport \u0219i de \u00eembun\u0103t\u0103\u021bire a conexiunilor dintre statele membre. Scopul este ca infrastructura rutier\u0103, feroviar\u0103 \u0219i multimodal\u0103 s\u0103 func\u021bioneze tot mai mult ca o re\u021bea european\u0103 integrat\u0103.<\/p>\n<p class=\"wp-block-paragraph\">Dac\u0103 proiectele componente vor avansa conform planurilor, <strong>Via Carpatia<\/strong> ar putea deveni una dintre cele mai importante axe rutiere nord-sud din Europa Central\u0103 \u0219i de Est, iar Rom\u00e2nia se afl\u0103 \u00eentr-o pozi\u021bie strategic\u0103 pe acest traseu.<\/p>\n<\/div>\n<footer>\n<div class=\"td-post-source-tags\">\n<ul class=\"td-tags td-post-small-box clearfix\">\n<li><span>ETICHETE<\/span><\/li>\n<li><a href=\"https:\/\/orasul-timisoara.ro\/local-tag\/arad\/\">arad<\/a><\/li>\n<li><a href=\"https:\/\/orasul-timisoara.ro\/local-tag\/autostrazi-2\/\">autostr\u0103zi<\/a><\/li>\n<li><a href=\"https:\/\/orasul-timisoara.ro\/local-tag\/autostrazi-romania\/\">autostr\u0103zi Rom\u00e2nia<\/a><\/li>\n<li><a href=\"https:\/\/orasul-timisoara.ro\/local-tag\/coridor-rutier-european\/\">coridor rutier european<\/a><\/li>\n<li><a href=\"https:\/\/orasul-timisoara.ro\/local-tag\/drumuri-europene\/\">drumuri europene<\/a><\/li>\n<li><a href=\"https:\/\/orasul-timisoara.ro\/local-tag\/europa\/\">europa<\/a><\/li>\n<li><a href=\"https:\/\/orasul-timisoara.ro\/local-tag\/grecia\/\">grecia<\/a><\/li>\n<li><a href=\"https:\/\/orasul-timisoara.ro\/local-tag\/infrastructura-romania\/\">infrastructur\u0103 Rom\u00e2nia<\/a><\/li>\n<li><a href=\"https:\/\/orasul-timisoara.ro\/local-tag\/infrastructura-rutiera\/\">infrastructur\u0103 rutier\u0103<\/a><\/li>\n<li><a href=\"https:\/\/orasul-timisoara.ro\/local-tag\/oradea\/\">oradea<\/a><\/li>\n<li><a href=\"https:\/\/orasul-timisoara.ro\/local-tag\/romania-2\/\">rom\u00e2nia<\/a><\/li>\n<li><a href=\"https:\/\/orasul-timisoara.ro\/local-tag\/salonic\/\">Salonic<\/a><\/li>\n<li><a href=\"https:\/\/orasul-timisoara.ro\/local-tag\/stiri-arad-3\/\">\u0218tiri Arad<\/a><\/li>\n<li><a href=\"https:\/\/orasul-timisoara.ro\/local-tag\/stiri-romania-2\/\">\u0218tiri Rom\u00e2nia<\/a><\/li>\n<li><a href=\"https:\/\/orasul-timisoara.ro\/local-tag\/stiri-timisoara-3\/\">\u0218tiri Timi\u0219oara<\/a><\/li>\n<li><a href=\"https:\/\/orasul-timisoara.ro\/local-tag\/timisoara-2\/\">timi\u0219oara<\/a><\/li>\n<li><a href=\"https:\/\/orasul-timisoara.ro\/local-tag\/via-carpatia\/\">Via Carpatia<\/a><\/li>\n<li><a href=\"https:\/\/orasul-timisoara.ro\/local-tag\/via-carpatia-romania\/\">Via Carpatia Rom\u00e2nia<\/a><\/li>\n<\/ul>\n<\/div>\n<div class=\"td-post-sharing-bottom\">\n<div class=\"td-post-sharing-classic\"><iframe title=\"bottomFacebookLike\" frameborder src=\"https:\/\/www.facebook.com\/plugins\/like.php?href=https:\/\/orasul-timisoara.ro\/local-40547\/&amp;layout=button_count&amp;show_faces=false&amp;width=105&amp;action=like&amp;colorscheme=light&amp;height=21\"><\/iframe><\/div>\n<div id=\"td_social_sharing_article_bottom\" class=\"td-post-sharing td-ps-bg td-ps-notext td-post-sharing-style1 \">\n<div class=\"td-post-sharing-visible\"><a class=\"td-social-sharing-button td-social-sharing-button-js td-social-network td-social-facebook\" href=\"https:\/\/www.facebook.com\/sharer.php?u=https%3A%2F%2Forasul-timisoara.ro%2Flocal-40547%2F\" title=\"Facebook\"><\/p>\n<div class=\"td-social-but-text\">Facebook<\/div>\n<p><\/a><a class=\"td-social-sharing-button td-social-sharing-button-js td-social-network td-social-twitter\" href=\"https:\/\/twitter.com\/intent\/tweet?text=Via+Carpatia%2C+autostrada+de+3.000+de+kilometri+care+va+traversa+Rom%C3%A2nia+%C8%99i+va+ajunge+la+Salonic&amp;url=https%3A%2F%2Forasul-timisoara.ro%2Flocal-40547%2F&amp;via=orasultm\" title=\"Twitter\"><\/p>\n<div class=\"td-social-but-text\">Twitter<\/div>\n<p><\/a><a class=\"td-social-sharing-button td-social-sharing-button-js td-social-network td-social-whatsapp\" href=\"https:\/\/api.whatsapp.com\/send?text=Via+Carpatia%2C+autostrada+de+3.000+de+kilometri+care+va+traversa+Rom%C3%A2nia+%C8%99i+va+ajunge+la+Salonic%20%0A%0A%20https:\/\/orasul-timisoara.ro\/local-40547\/\" title=\"WhatsApp\"><\/p>\n<div class=\"td-social-but-text\">WhatsApp<\/div>\n<p><\/a><a class=\"td-social-sharing-button td-social-sharing-button-js td-social-network td-social-linkedin\" href=\"https:\/\/www.linkedin.com\/shareArticle?mini=true&amp;url=https:\/\/orasul-timisoara.ro\/local-40547\/&amp;title=Via+Carpatia%2C+autostrada+de+3.000+de+kilometri+care+va+traversa+Rom%C3%A2nia+%C8%99i+va+ajunge+la+Salonic\" title=\"Linkedin\"><\/p>\n<div class=\"td-social-but-text\">Linkedin<\/div>\n<p><\/a><a class=\"td-social-sharing-button td-social-sharing-button-js td-social-network td-social-reddit\" href=\"https:\/\/reddit.com\/submit?url=https:\/\/orasul-timisoara.ro\/local-40547\/&amp;title=Via+Carpatia%2C+autostrada+de+3.000+de+kilometri+care+va+traversa+Rom%C3%A2nia+%C8%99i+va+ajunge+la+Salonic\" title=\"ReddIt\"><\/p>\n<div class=\"td-social-but-text\">ReddIt<\/div>\n<p><\/a><a class=\"td-social-sharing-button td-social-sharing-button-js td-social-network td-social-mail\" href=\"mailto:?subject=Via%20Carpatia,%20autostrada%20de%203.000%20de%20kilometri%20care%20va%20traversa%20Rom%C3%A2nia%20%C8%99i%20va%20ajunge%20la%20Salonic&amp;body=https:\/\/orasul-timisoara.ro\/local-40547\/\" title=\"Email\"><\/p>\n<div class=\"td-social-but-text\">Email<\/div>\n<p><\/a><a class=\"td-social-sharing-button td-social-sharing-button-js td-social-network td-social-print\" href=\"https:\/\/orasul-timisoara.ro\/local-40547\/\" title=\"Imprimare\"><\/p>\n<div class=\"td-social-but-text\">Imprimare<\/div>\n<p><\/a><\/div>\n<\/div>\n<\/div>\n<div class=\"td-block-row td-post-next-prev\">\n<div class=\"td-block-span6 td-post-prev-post\">\n<div class=\"td-post-next-prev-content\"><span>Articolul precedent<\/span><a href=\"https:\/\/orasul-timisoara.ro\/local-40545\/\">Dup\u0103 Pia\u021ba Traian, \u00eencepe regenerarea \u00een Pia\u021ba Mocioni \u0219i Pia\u021ba Maria. Dou\u0103 \u0219antiere uria\u0219e pentru Timi\u0219oara<\/a><\/div>\n<\/div>\n<\/div>\n<div class=\"td-author-name vcard author\"><span class=\"fn\"><a href=\"https:\/\/orasul-timisoara.ro\/author\/timisoara\/\">redactia<\/a><\/span><\/div>\n<p><span class=\"td-page-meta\"><\/span><span class=\"td-page-meta\"><span class=\"td-page-meta\"><\/span><\/span><span class=\"td-page-meta\"><\/span><\/footer>\n<div class=\"td_block_wrap td_block_related_posts tdi_3 td_with_ajax_pagination td-pb-border-top td_block_template_8\" data-td-block-uid=\"tdi_3\">\n<h4 class=\"td-related-title td-block-title\"><a id=\"tdi_4\" class=\"td-related-left td-cur-simple-item\" data-td_filter_value data-td_block_id=\"tdi_3\" href=\"https:\/\/orasul-timisoara.ro\/local-40547\/\">ARTICOLE SIMILARE<\/a><a id=\"tdi_5\" class=\"td-related-right\" data-td_filter_value=\"td_related_more_from_author\" data-td_block_id=\"tdi_3\" href=\"https:\/\/orasul-timisoara.ro\/local-40547\/\">DE LA ACELA\u0218I AUTOR<\/a><\/h4>\n<div id=\"tdi_3\" class=\"td_block_inner\">\n<div class=\"td-related-row\">\n<div class=\"td-related-span4\">\n<div class=\"td_module_related_posts td-animation-stack td_mod_related_posts\">\n<div class=\"td-module-image\">\n<div class=\"td-module-thumb\"><a href=\"https:\/\/orasul-timisoara.ro\/local-40290\/\" rel=\"bookmark\" class=\"td-image-wrap \" title=\"Sens giratoriu nou la drumul de intrare \u00een Deva dinspre Mintia\/A1. Investi\u021bie de peste 40 de milioane de lei\"><img loading=\"lazy\" decoding=\"async\" class=\"entry-thumb\" src=\"https:\/\/orasul-timisoara.ro\/wp-content\/uploads\/2026\/08\/778985958_4616061858640985_8255177491180235566_n-436x300.jpg\" alt title=\"Sens giratoriu nou la drumul de intrare \u00een Deva dinspre Mintia\/A1. Investi\u021bie de peste 40 de milioane de lei\" width=\"218\" height=\"150\"><\/a><\/div>\n<\/div>\n<div class=\"item-details\">\n<h3 class=\"entry-title td-module-title\"><a href=\"https:\/\/orasul-timisoara.ro\/local-40290\/\" rel=\"bookmark\" title=\"Sens giratoriu nou la drumul de intrare \u00een Deva dinspre Mintia\/A1. Investi\u021bie de peste 40 de milioane de lei\">Sens giratoriu nou la drumul de intrare \u00een Deva dinspre Mintia\/A1. Investi\u021bie de peste 40 de milioane de lei<\/a><\/h3>\n<\/div>\n<\/div>\n<\/div>\n<div class=\"td-related-span4\">\n<div class=\"td_module_related_posts td-animation-stack td_mod_related_posts\">\n<div class=\"td-module-image\">\n<div class=\"td-module-thumb\"><a href=\"https:\/\/orasul-timisoara.ro\/local-40165\/\" rel=\"bookmark\" class=\"td-image-wrap \" title=\"ANM anun\u021b\u0103 canicul\u0103 \u00een Timi\u0219 \u0219i Arad. Mar\u021bi vine v\u00e2rful de c\u0103ldur\u0103\"><img loading=\"lazy\" decoding=\"async\" class=\"entry-thumb\" src=\"https:\/\/orasul-timisoara.ro\/wp-content\/uploads\/2022\/07\/vreme-termometru.jpg\" alt title=\"ANM anun\u021b\u0103 canicul\u0103 \u00een Timi\u0219 \u0219i Arad. Mar\u021bi vine v\u00e2rful de c\u0103ldur\u0103\" width=\"218\" height=\"150\"><\/a><\/div>\n<\/div>\n<div class=\"item-details\">\n<h3 class=\"entry-title td-module-title\"><a href=\"https:\/\/orasul-timisoara.ro\/local-40165\/\" rel=\"bookmark\" title=\"ANM anun\u021b\u0103 canicul\u0103 \u00een Timi\u0219 \u0219i Arad. Mar\u021bi vine v\u00e2rful de c\u0103ldur\u0103\">ANM anun\u021b\u0103 canicul\u0103 \u00een Timi\u0219 \u0219i Arad. Mar\u021bi vine v\u00e2rful de c\u0103ldur\u0103<\/a><\/h3>\n<\/div>\n<\/div>\n<\/div>\n<div class=\"td-related-span4\">\n<div class=\"td_module_related_posts td-animation-stack td_mod_related_posts\">\n<div class=\"td-module-image\">\n<div class=\"td-module-thumb\"><a href=\"https:\/\/orasul-timisoara.ro\/local-40141\/\" rel=\"bookmark\" class=\"td-image-wrap \" title=\"Rom\u00e2nia implementeaz\u0103 STRR \u0219i TollRo din 31 august 2026. C\u00e2nd \u00eencepe plata tarifelor\"><img loading=\"lazy\" decoding=\"async\" class=\"entry-thumb\" src=\"https:\/\/orasul-timisoara.ro\/wp-content\/uploads\/2026\/08\/autostrada-TollRo-436x300.jpg\" alt title=\"Rom\u00e2nia implementeaz\u0103 STRR \u0219i TollRo din 31 august 2026. C\u00e2nd \u00eencepe plata tarifelor\" width=\"218\" height=\"150\"><\/a><\/div>\n<\/div>\n<div class=\"item-details\">\n<h3 class=\"entry-title td-module-title\"><a href=\"https:\/\/orasul-timisoara.ro\/local-40141\/\" rel=\"bookmark\" title=\"Rom\u00e2nia implementeaz\u0103 STRR \u0219i TollRo din 31 august 2026. C\u00e2nd \u00eencepe plata tarifelor\">Rom\u00e2nia implementeaz\u0103 STRR \u0219i TollRo din 31 august 2026. C\u00e2nd \u00eencepe plata tarifelor<\/a><\/h3>\n<\/div>\n<\/div>\n<\/div>\n<\/div>\n<\/div>\n<\/div>\n<div class=\"comments\" id=\"comments\">\n<div id=\"respond\" class=\"comment-respond\">\n<h3 id=\"reply-title\" class=\"comment-reply-title\">L\u0102SA\u021aI UN MESAJ<\/h3>\n<div class=\"comment-form-input-wrap td-form-comment\">\n<div class=\"td-warning-comment\">V\u0103 rug\u0103m s\u0103 introduce\u021bi comentariul dvs.!<\/div>\n<\/div>\n<div class=\"comment-form-input-wrap td-form-author\">\n<div class=\"td-warning-author\">Introduce\u021bi aici numele dvs.<\/div>\n<\/div>\n<div class=\"comment-form-input-wrap td-form-email\">\n<div class=\"td-warning-email-error\">A\u021bi introdus o adres\u0103 de e-mail incorect\u0103!<\/div>\n<div class=\"td-warning-email\">V\u0103 rug\u0103m s\u0103 introduce\u021bi adresa dvs. de e-mail aici<\/div>\n<\/div>\n<\/div>\n<p class=\"akismet_comment_form_privacy_notice\">Acest site folose\u0219te Akismet pentru a reduce spamul. <a href=\"https:\/\/akismet.com\/privacy\/\" target=\"_blank\" rel=\"nofollow noopener\">Afl\u0103 cum sunt procesate datele comentariilor tale<\/a>.<\/p>\n<\/div>\n<\/div>\n<\/div>\n<div class=\"td-pb-span4 td-main-sidebar\" role=\"complementary\">\n<div class=\"td-ss-main-sidebar\">\n<aside id=\"block-4\" class=\"td_block_template_8 widget block-4 widget_block widget_media_image\">\n<figure class=\"wp-block-image size-full\"><img loading=\"lazy\" decoding=\"async\" width=\"336\" height=\"280\" src=\"https:\/\/orasul-timisoara.ro\/wp-content\/uploads\/2024\/11\/ReTIM-Abonamentul-Verde-Google-Ads-336x280px.gif\" alt class=\"wp-image-29257\"><\/figure>\n<\/aside>\n<div class=\"td_block_wrap td_block_social_counter td_block_widget tdi_6 td-social-style5 td-social-boxed td-pb-border-top td_block_template_8\">\n<div class=\"td-block-title-wrap\">\n<h4 class=\"td-block-title\"><span>Urm\u0103re\u0219te-ne pe Social Media<\/span><\/h4>\n<\/div>\n<div class=\"td-social-list\">\n<div class=\"td_social_type td-pb-margin-side td_social_facebook\">\n<div class=\"td-social-box\"><span class=\"td_social_info td_social_info_counter\">344,595<\/span><span class=\"td_social_info td_social_info_name\">Fani<\/span><span class=\"td_social_button\"><a href=\"https:\/\/www.facebook.com\/247timisoara\" target=\"_blank\" rel=\"nofollow\">\u00cemi place<\/a><\/span><\/div>\n<\/div>\n<div class=\"td_social_type td-pb-margin-side td_social_instagram\">\n<div class=\"td-social-box\"><span class=\"td_social_info td_social_info_counter\">4,416<\/span><span class=\"td_social_info td_social_info_name\">Cititori<\/span><span class=\"td_social_button\"><a href=\"https:\/\/instagram.com\/orasultimisoararo\/\" target=\"_blank\" rel=\"nofollow\">Conecta\u021bi-v\u0103<\/a><\/span><\/div>\n<\/div>\n<div class=\"td_social_type td-pb-margin-side td_social_rss\">\n<div class=\"td-social-box\"><span class=\"td_social_info td_social_info_counter\">12,506<\/span><span class=\"td_social_info td_social_info_name\">Cititori<\/span><span class=\"td_social_button\"><a href=\"https:\/\/orasul-timisoara.ro\/feed\/\" target=\"_blank\" rel=\"nofollow\">Conecta\u021bi-v\u0103<\/a><\/span><\/div>\n<\/div>\n<div class=\"td_social_type td-pb-margin-side td_social_tiktok\">\n<div class=\"td-social-box\"><span class=\"td_social_info td_social_info_counter\">1,500<\/span><span class=\"td_social_info td_social_info_name\">Cititori<\/span><span class=\"td_social_button\"><a href=\"https:\/\/www.tiktok.com\/@orasultimisoara\" target=\"_blank\" rel=\"nofollow\">Conecta\u021bi-v\u0103<\/a><\/span><\/div>\n<\/div>\n<div class=\"td_social_type td-pb-margin-side td_social_twitter\">\n<div class=\"td-social-box\"><span class=\"td_social_info td_social_info_counter\">1,595<\/span><span class=\"td_social_info td_social_info_name\">Cititori<\/span><span class=\"td_social_button\"><a href=\"https:\/\/twitter.com\/orasultm\" target=\"_blank\" rel=\"nofollow\">Conecta\u021bi-v\u0103<\/a><\/span><\/div>\n<\/div>\n<div class=\"td_social_type td-pb-margin-side td_social_youtube\">\n<div class=\"td-social-box\"><span class=\"td_social_info td_social_info_counter\">3,506<\/span><span class=\"td_social_info td_social_info_name\">Abona\u021bi<\/span><span class=\"td_social_button\"><a href=\"https:\/\/www.youtube.com\/channel\/UCQNsQvs2XCSIm1Z-AHRturw?sub_confirmation=1\" target=\"_blank\" rel=\"nofollow\">Abona\u021bi-v\u0103<\/a><\/span><\/div>\n<\/div>\n<\/div>\n<\/div>\n<aside id=\"text-7\" class=\"td_block_template_8 widget text-7 widget_text\">\n<h4 class=\"td-block-title\"><span>C\u0103ut\u0103ri populare pe OTM<\/span><\/h4>\n<div class=\"textwidget\"><a href=\"https:\/\/orasul-timisoara.ro\/?s=timisoara\"><span>Timisoara<\/span><\/a><a href=\"https:\/\/orasul-timisoara.ro\/?s=calin+dobra\"><span>Calin Dobra<\/span><\/a><a href=\"https:\/\/orasul-timisoara.ro\/?s=primaria+timisoara\"><span>Primaria Timisoara<\/span><\/a><a href=\"https:\/\/orasul-timisoara.ro\/?s=dominic+fritz\"><span>Dominic Fritz<\/span><\/a><a href=\"https:\/\/orasul-timisoara.ro\/?s=nicolae+robu\"><span>Nicolae Robu<\/span><\/a><a href=\"https:\/\/orasul-timisoara.ro\/?s=consiliul+local+timisoara\">Consiliul Local Timisoara<\/a><a href=\"https:\/\/orasul-timisoara.ro\/?s=consiliul+judetean+timis\"><span>Consiliul Judetean Timis<\/span><\/a><a href=\"https:\/\/orasul-timisoara.ro\/?s=cjt\"><span>CJT<\/span><\/a><a href=\"https:\/\/orasul-timisoara.ro\/?s=Alfred+Simonis\"><span>Alfred Simonis<\/span><\/a><a href=\"https:\/\/orasul-timisoara.ro\/?s=PNL\"><span>PNL<\/span><\/a><a href=\"https:\/\/orasul-timisoara.ro\/?s=coronavirus\"><span>coronavirus<\/span><\/a><a href=\"https:\/\/orasul-timisoara.ro\/?s=teatru+timisoara\">teatru Timisoara<\/a><a href=\"https:\/\/orasul-timisoara.ro\/?s=restaurante\"><span>restaurante Timisoara<\/span><\/a><a href=\"https:\/\/orasul-timisoara.ro\/?s=diskoteka\"><span>Diskoteka<\/span><\/a><a href=\"https:\/\/orasul-timisoara.ro\/?s=iulius+town\"><span>Iulius Town<\/span><\/a><a href=\"https:\/\/orasul-timisoara.ro\/?s=iulius+mall\"><span>Iulius Mall<\/span><\/a><a href=\"https:\/\/orasul-timisoara.ro\/?s=stpt\"><span>STPT<\/span><\/a><a href=\"https:\/\/orasul-timisoara.ro\/?s=alin+nica\"><span>Alin Nica<\/span><\/a><a href=\"https:\/\/orasul-timisoara.ro\/?s=psd\"><span>PSD<\/span><\/a><a href=\"https:\/\/orasul-timisoara.ro\/?s=aeroport\"><span>Aeroportul International Timisoara<\/span><\/a><a href=\"https:\/\/orasul-timisoara.ro\/?s=babes\"><span>Spitalul Victor Babes Timisoara<\/span><\/a><a href=\"https:\/\/orasul-timisoara.ro\/?s=poli\"><span>Poli Timi\u0219oara<\/span><\/a><a href=\"https:\/\/orasul-timisoara.ro\/?s=carantina\"><span>carantina<\/span><\/a><a href=\"https:\/\/orasul-timisoara.ro\/?s=aquatim\"><span>Aquatim<\/span><\/a><a href=\"https:\/\/orasul-timisoara.ro\/local-category\/stiri-timisoara\/\"><span>Stiri Timisoara<\/span><\/a><a href=\"https:\/\/orasul-timisoara.ro\/local-category\/investitii-in-timisoara\/\"><span>Investi\u021bii in Timi\u0219oara<\/span><\/a><a href=\"https:\/\/orasul-timisoara.ro\/local-9463\/\"><span>shaorma<\/span><\/a><a href=\"https:\/\/orasul-timisoara.ro\/?s=trafic\"><span>trafic rutier<\/span><\/a><a href=\"https:\/\/orasul-timisoara.ro\/?s=politia\"><span>politia locala timisoara<\/span><\/a><a href=\"https:\/\/orasul-timisoara.ro\/?s=roxana\"><span>Roxana Iliescu<\/span><\/a><a href=\"https:\/\/orasul-timisoara.ro\/?s=colterm\"><span>Colterm<\/span><\/a><a href=\"https:\/\/orasul-timisoara.ro\/?s=latcau\"><span>Ruben La\u021bc\u0103u<\/span><\/a><a href=\"https:\/\/orasul-timisoara.ro\/?s=timis\"><span>\u0218tiri din Timi\u0219<\/span><\/a><a href=\"https:\/\/orasul-timisoara.ro\/?s=spital\"><span>Spitale din Timi\u0219oara<\/span><\/a><a href=\"https:\/\/orasul-timisoara.ro\/?s=tabara\"><span>Cosmin Tab\u0103r\u0103<\/span><\/a><\/div>\n<\/aside>\n<aside id=\"rss-2\" class=\"td_block_template_8 widget rss-2 widget_rss\">\n<h4 class=\"td-block-title\"><span><a class=\"rsswidget rss-widget-feed\" href=\"https:\/\/fashionfridays.ro\/feed\"><img decoding=\"async\" class=\"rss-widget-icon\" width=\"14\" height=\"14\" src=\"https:\/\/orasul-timisoara.ro\/wp-includes\/images\/rss.png\" alt=\"Flux RSS: Fashion Fridays\" loading=\"lazy\"><\/a><a class=\"rsswidget rss-widget-title\" href=\"https:\/\/fashionfridays.ro\/\">Fashion Fridays<\/a><\/span><\/h4>\n<ul>\n<li><a class=\"rsswidget\" href=\"https:\/\/fashionfridays.ro\/romania-devine-a-29-a-piata-vogue-o-noua-era-pentru-industria-locala-de-moda\/\">Rom\u00e2nia devine a 29-a pia\u021b\u0103 Vogue: o nou\u0103 er\u0103 pentru industria local\u0103 de mod\u0103<\/a>\n<div class=\"rssSummary\">Revista Vogue \u00ee\u0219i extinde prezen\u021ba global\u0103 \u0219i va fi lansat\u0103 oficial \u00een Rom\u00e2nia \u00een prim\u0103vara anului 2027, marc\u00e2nd intrarea pe cea de-a 29-a pia\u021b\u0103 interna\u021bional\u0103. Proiectul este realizat \u00een parteneriat cu AEMME Publishing, o companie media recent \u00eenfiin\u021bat\u0103, care va publica edi\u021bia local\u0103 sub licen\u021b\u0103. Noua edi\u021bie, Vogue Rom\u00e2nia, \u00ee\u0219i propune s\u0103 combine autoritatea global\u0103 [\u2026]<\/div>\n<\/li>\n<\/ul>\n<\/aside>\n<aside id=\"rss-4\" class=\"td_block_template_8 widget rss-4 widget_rss\">\n<h4 class=\"td-block-title\"><span><a class=\"rsswidget rss-widget-feed\" href=\"https:\/\/emasini.ro\/feed\"><img decoding=\"async\" class=\"rss-widget-icon\" width=\"14\" height=\"14\" src=\"https:\/\/orasul-timisoara.ro\/wp-includes\/images\/rss.png\" alt=\"Flux RSS: eMasini\" loading=\"lazy\"><\/a><a class=\"rsswidget rss-widget-title\" href=\"https:\/\/emasini.ro\/\">eMasini<\/a><\/span><\/h4>\n<ul>\n<li><a class=\"rsswidget\" href=\"https:\/\/emasini.ro\/adio-bordurilor-pline-de-ecrane-mercedes-benz-readuce-butoanele-in-noile-masini-produse\/\">Adio bordurilor pline de ecrane? Mercedes-Benz readuce butoanele \u00een noile ma\u0219ini produse<\/a>\n<div class=\"rssSummary\">Mercedes-Benz \u00ee\u0219i schimb\u0103 direc\u021bia \u00een ceea ce prive\u0219te designul interioarelor \u0219i va readuce comenzile fizice pentru anumite func\u021bii importante. Constructorul german nu renun\u021b\u0103 la ecranele mari \u0219i la tehnologiile digitale, dar recunoa\u0219te c\u0103 a mers prea departe prin eliminarea unor butoane \u0219i comenzi tactile. Ola K\u00e4llenius, pre\u0219edintele Consiliului de Administra\u021bie al Mercedes-Benz Group \u0219i CEO [\u2026]<\/div>\n<\/li>\n<\/ul>\n<\/aside>\n<\/div>\n<\/div>\n<\/div>\n<\/div>\n<\/article>\n<div class=\"td-post-content tagdiv-type\">\n<p class=\"wp-block-paragraph\"><strong>Unul dintre cele mai importante proiecte de infrastructur\u0103 rutier\u0103 din Europa Central\u0103 \u0219i de Est va traversa \u0219i Rom\u00e2nia.<\/strong> Este vorba despre <strong>Via Carpatia<\/strong>, un coridor rutier interna\u021bional care urm\u0103re\u0219te s\u0103 lege nordul Europei de sudul continentului, printr-o re\u021bea de aproximativ 3.000 de kilometri.<\/p>\n<p class=\"wp-block-paragraph\">Traseul principal porne\u0219te din <strong>Klaip\u0117da, \u00een Lituania<\/strong>, \u0219i ajunge p\u00e2n\u0103 la <strong>Salonic, \u00een Grecia<\/strong>, travers\u00e2nd \u0219apte \u021b\u0103ri: Lituania, Polonia, Slovacia, Ungaria, Rom\u00e2nia, Bulgaria \u0219i Grecia. Proiectul se bazeaz\u0103 at\u00e2t pe construirea unor noi sectoare de drum de mare vitez\u0103, c\u00e2t \u0219i pe modernizarea \u0219i conectarea unor infrastructuri rutiere existente.<\/p>\n<h2 class=\"wp-block-heading\">Via Carpatia va traversa Rom\u00e2nia<\/h2>\n<p class=\"wp-block-paragraph\">Rom\u00e2nia are un rol important \u00een acest coridor european, care urm\u0103re\u0219te s\u0103 creeze o leg\u0103tur\u0103 rutier\u0103 rapid\u0103 \u00eentre Europa Central\u0103, Balcani \u0219i Grecia.<\/p>\n<p class=\"wp-block-paragraph\">Pe teritoriul Rom\u00e2niei, traseul include zona <strong>Oradea \u2013 Arad \u2013 Timi\u0219oara<\/strong>, conect\u00e2nd infrastructura rutier\u0103 din vestul \u021b\u0103rii la marile axe europene de transport. Pentru ora\u0219ele \u0219i regiunile aflate de-a lungul traseului, un astfel de coridor poate avea efecte importante asupra transportului de m\u0103rfuri, mobilit\u0103\u021bii \u0219i dezvolt\u0103rii economice.<\/p>\n<p class=\"wp-block-paragraph\">Importan\u021ba Via Carpatia nu se limiteaz\u0103 \u00eens\u0103 la transportul rutier de pasageri. Coridorul este g\u00e2ndit \u0219i ca o rut\u0103 strategic\u0103 pentru transportul de m\u0103rfuri, prin conectarea unor regiuni care, p\u00e2n\u0103 acum, nu au beneficiat de leg\u0103turi rapide \u0219i directe pe direc\u021bia nord-sud.<\/p>\n<h2 class=\"wp-block-heading\">Un proiect lansat \u00een urm\u0103 cu dou\u0103 decenii<\/h2>\n<p class=\"wp-block-paragraph\">Ideea <strong>Via Carpatia<\/strong> a ap\u0103rut \u00een anul <strong>2006<\/strong>, c\u00e2nd Lituania, Polonia, Slovacia \u0219i Ungaria au semnat o declara\u021bie comun\u0103 privind realizarea unui coridor rutier nord-sud prin Europa Central\u0103 \u0219i de Est.<\/p>\n<p class=\"wp-block-paragraph\">\u00cen <strong>2010<\/strong>, proiectul a fost extins prin implicarea Rom\u00e2niei, Bulgariei \u0219i Greciei, iar traseul a fost prelungit p\u00e2n\u0103 la Salonic. Astfel, coridorul a c\u0103p\u0103tat configura\u021bia principal\u0103 pe care o are ast\u0103zi, travers\u00e2nd \u0219apte state europene.<\/p>\n<p class=\"wp-block-paragraph\">Primele lucr\u0103ri pentru diferite segmente ale proiectului au \u00eenceput treptat \u00een anii 2010, \u00een special \u00een Polonia \u0219i Ungaria, prin construirea unor noi sectoare de autostrad\u0103 \u0219i modernizarea unor drumuri existente.<\/p>\n<h2 class=\"wp-block-heading\">O ax\u0103 rutier\u0103 \u00eentre Marea Baltic\u0103 \u0219i Marea Egee<\/h2>\n<p class=\"wp-block-paragraph\">Via Carpatia urm\u0103re\u0219te s\u0103 creeze o leg\u0103tur\u0103 rutier\u0103 modern\u0103 pe direc\u021bia nord-sud, \u00eentre zona M\u0103rii Baltice \u0219i sud-estul Europei.<\/p>\n<p class=\"wp-block-paragraph\">Prin traversarea Poloniei, Slovaciei, Ungariei \u0219i Rom\u00e2niei, apoi continuarea prin Bulgaria c\u0103tre Grecia, proiectul poate deveni una dintre principalele rute pentru transporturile comerciale dintre Europa Central\u0103 \u0219i Balcani.<\/p>\n<p class=\"wp-block-paragraph\">Pentru Rom\u00e2nia, avantajele pot fi importante. Conectarea infrastructurii din vestul \u021b\u0103rii la marile coridoare europene poate facilita transportul m\u0103rfurilor \u0219i poate consolida leg\u0103turile economice cu pie\u021bele din Europa Central\u0103 \u0219i de Sud-Est.<\/p>\n<h2 class=\"wp-block-heading\">Via Carpatia are \u0219i o posibil\u0103 extensie c\u0103tre Turcia<\/h2>\n<p class=\"wp-block-paragraph\">Planurile legate de Via Carpatia au fost extinse \u0219i prin discu\u021biile privind conectarea coridorului cu <strong>Turcia<\/strong>. Direc\u021bia sudic\u0103 ar urma s\u0103 continue prin Bulgaria c\u0103tre frontiera bulgaro-turc\u0103, \u00een zona <strong>Svilengrad \u2013 Edirne<\/strong>, \u0219i mai departe spre Istanbul.<\/p>\n<p class=\"wp-block-paragraph\">Conexiunea cu Turcia trebuie \u00eens\u0103 diferen\u021biat\u0103 de traseul principal al Via Carpatia, al c\u0103rui cap\u0103t sudic este reprezentat de Salonic. Extinderea c\u0103tre Istanbul ar putea transforma \u00eens\u0103 coridorul \u00eentr-o leg\u0103tur\u0103 rutier\u0103 \u0219i mai important\u0103 \u00eentre nordul Europei, Balcani \u0219i Turcia.<\/p>\n<h2 class=\"wp-block-heading\">Un coridor de aproximativ 3.000 de kilometri<\/h2>\n<p class=\"wp-block-paragraph\">\u00centregul sistem de infrastructur\u0103 asociat proiectului este estimat la aproximativ <strong>3.000 de kilometri<\/strong>, \u00eens\u0103 lungimea exact\u0103 poate varia \u00een func\u021bie de segmentele \u0219i ramifica\u021biile incluse \u00een diferitele etape de dezvoltare.<\/p>\n<p class=\"wp-block-paragraph\">Orizontul de timp vehiculat pentru finalizarea principalelor proiecte este \u00een jurul anului <strong>2030<\/strong>, \u00eens\u0103 realizarea \u00eentregului coridor depinde de ritmul lucr\u0103rilor din fiecare dintre \u021b\u0103rile traversate \u0219i de finan\u021barea disponibil\u0103 pentru proiectele de infrastructur\u0103.<\/p>\n<p class=\"wp-block-paragraph\">Denumirea <strong>Via Carpatia<\/strong> face trimitere la Mun\u021bii Carpa\u021bi, care reprezint\u0103 unul dintre elementele geografice importante ale regiunii traversate de coridor. Numele aminte\u0219te, totodat\u0103, de tradi\u021bia marilor drumuri europene, prin utilizarea termenului latin \u201eVia\u201d.<\/p>\n<figure class=\"wp-block-image size-full\"><img loading=\"lazy\" decoding=\"async\" width=\"1920\" height=\"1083\" src=\"https:\/\/orasul-timisoara.ro\/wp-content\/uploads\/2026\/08\/via-carpatia-mapa.jpg\" alt class=\"wp-image-40549\"><\/figure>\n<h2 class=\"wp-block-heading\">Ce \u00eenseamn\u0103 proiectul pentru Rom\u00e2nia<\/h2>\n<p class=\"wp-block-paragraph\">Pentru Rom\u00e2nia, miza Via Carpatia este mai mare dec\u00e2t simpla construc\u021bie a unor kilometri de autostrad\u0103. Coridorul poate consolida pozi\u021bia \u021b\u0103rii ca punct de leg\u0103tur\u0103 \u00eentre <strong>Europa Central\u0103, Balcani, Marea Neagr\u0103 \u0219i Marea Egee<\/strong>.<\/p>\n<p class=\"wp-block-paragraph\">\u00cen vestul \u021b\u0103rii, conectarea infrastructurii din zona <strong>Oradea \u2013 Arad \u2013 Timi\u0219oara<\/strong> la marile axe europene poate avea efecte asupra transportului de m\u0103rfuri, investi\u021biilor \u0219i mobilit\u0103\u021bii regionale. \u00cen acela\u0219i timp, leg\u0103turile c\u0103tre sud \u0219i c\u0103tre infrastructura european\u0103 pot oferi noi oportunit\u0103\u021bi pentru comer\u021bul transfrontalier.<\/p>\n<p class=\"wp-block-paragraph\">La nivel european, proiectul face parte dintr-o strategie mai ampl\u0103 de dezvoltare a coridoarelor de transport \u0219i de \u00eembun\u0103t\u0103\u021bire a conexiunilor dintre statele membre. Scopul este ca infrastructura rutier\u0103, feroviar\u0103 \u0219i multimodal\u0103 s\u0103 func\u021bioneze tot mai mult ca o re\u021bea european\u0103 integrat\u0103.<\/p>\n<p class=\"wp-block-paragraph\">Dac\u0103 proiectele componente vor avansa conform planurilor, <strong>Via Carpatia<\/strong> ar putea deveni una dintre cele mai importante axe rutiere nord-sud din Europa Central\u0103 \u0219i de Est, iar Rom\u00e2nia se afl\u0103 \u00eentr-o pozi\u021bie strategic\u0103 pe acest traseu.<\/p>\n<\/div>\n<p>[analyse_source url=&#8221;https:\/\/orasul-timisoara.ro\/local-40547\/&#8221;]<\/p>\n","protected":false},"excerpt":{"rendered":"<p>[analyse_image type=&#8221;featured&#8221; src=&#8221;https:\/\/orasul-timisoara.ro\/wp-content\/uploads\/2026\/08\/via-carpatia-3.jpg&#8221;] Investitii in TimisoaraVia Carpatia, autostrada de 3.000 de kilometri care va traversa Rom\u00e2nia \u0219i&#8230; Investitii in Timisoara \u0218tiri Locale \u0218tiri na\u021bionale \u0219i interna\u021bionale Turism Via Carpatia, autostrada de 3.000 de kilometri care va traversa Rom\u00e2nia \u0219i va ajunge la Salonic De c\u0103tre redactia &#8211; 27\/08\/2026 Facebook Twitter WhatsApp Linkedin ReddIt Email Imprimare [&hellip;]<\/p>\n","protected":false},"author":1,"featured_media":0,"comment_status":"open","ping_status":"","sticky":false,"template":"","format":"standard","meta":{"footnotes":""},"categories":[89],"tags":[226,189],"class_list":["post-2113508","post","type-post","status-publish","format-standard","hentry","category-romania","tag-crawlmanager","tag-orasul-timisoara-ro"],"_links":{"self":[{"href":"https:\/\/analyse.optim.biz\/index.php?rest_route=\/wp\/v2\/posts\/2113508","targetHints":{"allow":["GET"]}}],"collection":[{"href":"https:\/\/analyse.optim.biz\/index.php?rest_route=\/wp\/v2\/posts"}],"about":[{"href":"https:\/\/analyse.optim.biz\/index.php?rest_route=\/wp\/v2\/types\/post"}],"author":[{"embeddable":true,"href":"https:\/\/analyse.optim.biz\/index.php?rest_route=\/wp\/v2\/users\/1"}],"replies":[{"embeddable":true,"href":"https:\/\/analyse.optim.biz\/index.php?rest_route=%2Fwp%2Fv2%2Fcomments&post=2113508"}],"version-history":[{"count":0,"href":"https:\/\/analyse.optim.biz\/index.php?rest_route=\/wp\/v2\/posts\/2113508\/revisions"}],"wp:attachment":[{"href":"https:\/\/analyse.optim.biz\/index.php?rest_route=%2Fwp%2Fv2%2Fmedia&parent=2113508"}],"wp:term":[{"taxonomy":"category","embeddable":true,"href":"https:\/\/analyse.optim.biz\/index.php?rest_route=%2Fwp%2Fv2%2Fcategories&post=2113508"},{"taxonomy":"post_tag","embeddable":true,"href":"https:\/\/analyse.optim.biz\/index.php?rest_route=%2Fwp%2Fv2%2Ftags&post=2113508"}],"curies":[{"name":"wp","href":"https:\/\/api.w.org\/{rel}","templated":true}]}}