{"id":2113506,"date":"2026-08-26T17:30:06","date_gmt":"2026-08-26T14:30:06","guid":{"rendered":"https:\/\/analyse.optim.biz\/?p=2113506"},"modified":"2026-08-26T17:30:06","modified_gmt":"2026-08-26T14:30:06","slug":"dan-cele-4-partide-si-au-asumat-pierderea-a-milioane-de-euro-din-pnrr-din-cauza-legii-salarizarii","status":"publish","type":"post","link":"https:\/\/analyse.optim.biz\/?p=2113506","title":{"rendered":"Dan: Cele 4 partide \u0219i-au asumat pierderea a milioane de euro din PNRR din cauza legii salariz\u0103rii"},"content":{"rendered":"<p>[analyse_image type=&#8221;featured&#8221; src=&#8221;https:\/\/ziardesuceava.ro\/wp-content\/uploads\/2026\/08\/79849-1024&#215;576.jpg&#8221;]<\/p>\n<div class=\"post-content clearfix\">\n<div class=\"blog-post-thumb\"><img loading=\"lazy\" decoding=\"async\" width=\"1140\" height=\"694\" src=\"https:\/\/ziardesuceava.ro\/wp-content\/uploads\/2026\/08\/79849-1140x694.jpg\" class=\"attachment-inhype-blog-thumb size-inhype-blog-thumb wp-post-image\" alt><\/div>\n<div class=\"entry-content\">\n<div>\n<p class=\"fara-orfani lead\">Neadoptarea Legii salariz\u0103rii p\u00e2n\u0103 la 31 august va duce la pierderea a 770 milioane de euro din PNRR.<\/p>\n<div class=\"continut-articol\">\n<p>\u201c\u00cencep\u00e2nd cu luna mai, Administra\u021bia Preziden\u021bial\u0103 a mediat o discu\u021bie \u00eentre PSD, PNL, USR \u0219i UDMR pe tema legii salariz\u0103rii.Din p\u0103cate, \u00een ciuda negocierilor intense din ultimele luni, cele patru partide nu au ajuns la un consens politic \u0219i social asupra legii. Aceast\u0103 reform\u0103 esen\u021bial\u0103 pentru \u00eentregul sistem bugetar nu ar fi trebuit s\u0103 fie am\u00e2nat\u0103 ani la r\u00e2nd, \u00eencep\u00e2nd din 2022. Am ajuns astfel ca un subiect at\u00e2t de complicat \u0219i cu implica\u021bii sociale \u0219i economice majore s\u0103 fie dezb\u0103tut sub o uria\u0219\u0103 presiune a timpului\u201d, a precizat pre\u0219edintele Nicu\u0219or Dan, \u00eentr-o declara\u021bie de pres\u0103 publicat\u0103 miercuri seara pe site-ul Administra\u021biei.<\/p>\n<p>\u201cTrebuie remarcat faptul c\u0103 partidele \u0219i-au respectat angajamentul de a nu depune separat un proiect al legii \u00een Parlament, asum\u00e2ndu-\u0219i \u00eempreun\u0103, conform acordului politic, pierderea celor 770 de milioane de euro aferente acestui jalon PNRR. Cel mai important, partidele \u0219i-au asumat necesitatea adopt\u0103rii legii p\u00e2n\u0103 la sf\u00e2r\u0219itul acestui an \u0219i respectarea, prin viitoarea lege a salariz\u0103rii, a anvelopei salariale agreate cu Comisia European\u0103\u201d, a mai spus el.<\/p>\n<p>Aceast\u0103 anvelop\u0103 nu va putea r\u0103spunde tuturor solicit\u0103rilor sindicale.<\/p>\n<p>\u201cDecizia politic\u0103 a partidelor va stabili cum va fi distribuit\u0103 anvelopa salarial\u0103 \u00eentre diferitele categorii profesionale \u0219i, implicit, nivelul veniturilor pentru fiecare categorie profesional\u0103 din sistemul bugetar\u201d. <\/p>\n<\/div>\n<\/div>\n<\/div>\n<div class=\"inhype-social-share-fixed sidebar-position-right\">\n<div class=\"post-social-wrapper\">\n<div class=\"post-social-title\"><span class=\"post-social-title-text\">Share<\/span><\/div>\n<\/div>\n<\/div>\n<\/div>\n<p>[analyse_source url=&#8221;https:\/\/ziardesuceava.ro\/dan-cele-4-partide-si-au-asumat-pierderea-a-milioane-de-euro-din-pnrr-din-cauza-legii-salarizarii\/&#8221;]<\/p>\n","protected":false},"excerpt":{"rendered":"<p>[analyse_image type=&#8221;featured&#8221; src=&#8221;https:\/\/ziardesuceava.ro\/wp-content\/uploads\/2026\/08\/79849-1024&#215;576.jpg&#8221;] Neadoptarea Legii salariz\u0103rii p\u00e2n\u0103 la 31 august va duce la pierderea a 770 milioane de euro din PNRR. \u201c\u00cencep\u00e2nd cu luna mai, Administra\u021bia Preziden\u021bial\u0103 a mediat o discu\u021bie \u00eentre PSD, PNL, USR \u0219i UDMR pe tema legii salariz\u0103rii.Din p\u0103cate, \u00een ciuda negocierilor intense din ultimele luni, cele patru partide nu au ajuns [&hellip;]<\/p>\n","protected":false},"author":1,"featured_media":0,"comment_status":"open","ping_status":"","sticky":false,"template":"","format":"standard","meta":{"footnotes":""},"categories":[89],"tags":[226,171],"class_list":["post-2113506","post","type-post","status-publish","format-standard","hentry","category-romania","tag-crawlmanager","tag-ziardesuceava-ro"],"_links":{"self":[{"href":"https:\/\/analyse.optim.biz\/index.php?rest_route=\/wp\/v2\/posts\/2113506","targetHints":{"allow":["GET"]}}],"collection":[{"href":"https:\/\/analyse.optim.biz\/index.php?rest_route=\/wp\/v2\/posts"}],"about":[{"href":"https:\/\/analyse.optim.biz\/index.php?rest_route=\/wp\/v2\/types\/post"}],"author":[{"embeddable":true,"href":"https:\/\/analyse.optim.biz\/index.php?rest_route=\/wp\/v2\/users\/1"}],"replies":[{"embeddable":true,"href":"https:\/\/analyse.optim.biz\/index.php?rest_route=%2Fwp%2Fv2%2Fcomments&post=2113506"}],"version-history":[{"count":0,"href":"https:\/\/analyse.optim.biz\/index.php?rest_route=\/wp\/v2\/posts\/2113506\/revisions"}],"wp:attachment":[{"href":"https:\/\/analyse.optim.biz\/index.php?rest_route=%2Fwp%2Fv2%2Fmedia&parent=2113506"}],"wp:term":[{"taxonomy":"category","embeddable":true,"href":"https:\/\/analyse.optim.biz\/index.php?rest_route=%2Fwp%2Fv2%2Fcategories&post=2113506"},{"taxonomy":"post_tag","embeddable":true,"href":"https:\/\/analyse.optim.biz\/index.php?rest_route=%2Fwp%2Fv2%2Ftags&post=2113506"}],"curies":[{"name":"wp","href":"https:\/\/api.w.org\/{rel}","templated":true}]}}