{"id":2113504,"date":"2026-08-26T11:23:52","date_gmt":"2026-08-26T08:23:52","guid":{"rendered":"https:\/\/analyse.optim.biz\/?p=2113504"},"modified":"2026-08-26T11:23:52","modified_gmt":"2026-08-26T08:23:52","slug":"legea-integritatii-a-fost-adoptata-de-senat-cu-amendamentul-fritz","status":"publish","type":"post","link":"https:\/\/analyse.optim.biz\/?p=2113504","title":{"rendered":"Legea integrit\u0103\u021bii a fost adoptat\u0103 de Senat cu \u201camendamentul Fritz\u201d"},"content":{"rendered":"<p>[analyse_image type=&#8221;featured&#8221; src=&#8221;https:\/\/ziardesuceava.ro\/wp-content\/uploads\/2026\/08\/79845-1024&#215;430.png&#8221;]<\/p>\n<div class=\"post-content clearfix\">\n<div class=\"blog-post-thumb\"><img loading=\"lazy\" decoding=\"async\" width=\"1140\" height=\"574\" src=\"https:\/\/ziardesuceava.ro\/wp-content\/uploads\/2026\/08\/79845-1140x574.png\" class=\"attachment-inhype-blog-thumb size-inhype-blog-thumb wp-post-image\" alt><\/div>\n<div class=\"entry-content\">\n<div>\n<p class=\"fara-orfani lead\">Senatul a adoptat miercuri, \u00een calitate de for decizional, Legea integrit\u0103\u021bii, cu controversatul \u201camendament Fritz\u201d.<\/p>\n<div class=\"continut-articol\">\n<p>Legea a fost adoptat\u0103 cu 106 voturi \u201cpentru\u201d \u0219i 19 voturi \u201ccontra\u201d.<\/p>\n<p>Dezbaterile au fost pline de acuza\u021bii \u0219i de afirma\u021bii xenofobe.<\/p>\n<p>PNL a votat \u00een favoarea legii, dup\u0103 cum anun\u021base premierul interimar Ilie Bolojan \u00eenc\u0103 de mar\u021bi seara.<\/p>\n<p>\u201cConsider c\u0103 a vota acest proiect, chiar cu aceast\u0103 prevedere anormal\u0103 care retroactiveaz\u0103 practic, \u00eentrerup\u00e2nd un mandat, dac\u0103 a\u0219a va fi, de\u0219i prevederile anterioare spuneau c\u0103 aceast\u0103 sanc\u021biune se aplic\u0103 de la finalizarea mandatului, cred c\u0103 trebuie votat acest proiect de lege, \u00een a\u0219a fel \u00eenc\u00e2t Rom\u00e2nia s\u0103 bifeze \u0219i acest jalon\u201d, a declarat Bolojan la Digi24.<\/p>\n<p>\u201cSenatul Rom\u00e2niei, \u00een special PSD \u0219i AUR, au responsabilitatea de a respinge legea ANI cu amendamentul antidemocratic care \u00eel vizeaz\u0103 pe primarul Timi\u0219oarei, Dominic Fritz.<\/p>\n<p>\u00cen caz contrar, fondurile aderente din PNRR nu ar trebui virate. UE nu are voie s\u0103 finan\u021beze vendete politice, care contravin tuturor standardelor \u0219i valorilor europene.<\/p>\n<p>USR a depus o variant\u0103 cu adev\u0103rat european\u0103 a legii de reform\u0103 ANI care \u00eentrune\u0219te condi\u021biile de \u00eendeplinire a jalonului PNRR\u201d, a scris pe X \u0219efa Renew Europe, Valerie Hayer.<\/p>\n<p>Ea a semnat \u00eempreun\u0103 cu liderul PPE Manfred Weber o scrisoare adresat\u0103 Comisiei Europene \u00een care cei doi cer blocarea unor fonduri \u00een PNRR urmare a unor \u00eengrijor\u0103ri privind statul de drept.<\/p>\n<p>Comisia a precizat c\u0103 Legea ANI va fi evaluat\u0103 \u00een cadrul ultimei cereri de plat\u0103 \u00een PNRR, care urmeaz\u0103 s\u0103 fie depus\u0103 de Rom\u00e2nia \u00een septembrie.<\/p>\n<p>Ilie Bolojan a scris c\u0103 votul \u00een privin\u021ba legii ANI a fost \u201cunul greu pentru PNL, pentru c\u0103 o prevedere care schimb\u0103 regulile \u00een timpul jocului este profund imoral\u0103 \u0219i incorect\u0103, indiferent prin ce artificii juridice ar fi explicat\u0103\u201d.<\/p>\n<p>\u201cDar, pentru premierul Rom\u00e2niei \u0219i pentru PNL, partidul cu o r\u0103spundere major\u0103 \u00een guvernare, miza unei decizii se raporteaz\u0103 \u00een primul r\u00e2nd la Rom\u00e2nia, iar principiul suprem este ap\u0103rarea interesului \u021b\u0103rii. Iar \u00een acest moment, interesul \u021b\u0103rii de a \u00eendeplini jaloanele p\u00e2n\u0103 la sf\u00e2r\u0219itul acestei luni, inclusiv legea ANI \u0219i cea a salariz\u0103rii, este superior oric\u0103rei alte discu\u021bii\u201d, a scris el pe Facebook.<\/p>\n<iframe loading=\"lazy\" src=\"https:\/\/www.facebook.com\/plugins\/post.php?href=https%3A%2F%2Fwww.facebook.com%2Filie.bolojan%2Fposts%2Fpfbid05YhFU6nKj8FmC1MjDYyFqvVqL2dKnzs2bQQTdboK5nSZ5g6v3g7NVbWCtXeTLojYl&amp;show_text=true&amp;width=500\" width=\"500\" height=\"277\" scrolling=\"no\" frameborder allowfullscreen=\"true\" allow=\"autoplay; clipboard-write; encrypted-media; picture-in-picture; web-share\"><\/iframe>\n<\/div>\n<\/div>\n<\/div>\n<div class=\"inhype-social-share-fixed sidebar-position-right\">\n<div class=\"post-social-wrapper\">\n<div class=\"post-social-title\"><span class=\"post-social-title-text\">Share<\/span><\/div>\n<\/div>\n<\/div>\n<\/div>\n<p>[analyse_source url=&#8221;https:\/\/ziardesuceava.ro\/legea-integritatii-a-fost-adoptata-de-senat-cu-amendamentul-fritz\/&#8221;]<\/p>\n","protected":false},"excerpt":{"rendered":"<p>[analyse_image type=&#8221;featured&#8221; src=&#8221;https:\/\/ziardesuceava.ro\/wp-content\/uploads\/2026\/08\/79845-1024&#215;430.png&#8221;] Senatul a adoptat miercuri, \u00een calitate de for decizional, Legea integrit\u0103\u021bii, cu controversatul \u201camendament Fritz\u201d. Legea a fost adoptat\u0103 cu 106 voturi \u201cpentru\u201d \u0219i 19 voturi \u201ccontra\u201d. Dezbaterile au fost pline de acuza\u021bii \u0219i de afirma\u021bii xenofobe. PNL a votat \u00een favoarea legii, dup\u0103 cum anun\u021base premierul interimar Ilie Bolojan \u00eenc\u0103 de [&hellip;]<\/p>\n","protected":false},"author":1,"featured_media":0,"comment_status":"open","ping_status":"","sticky":false,"template":"","format":"standard","meta":{"footnotes":""},"categories":[89],"tags":[226,171],"class_list":["post-2113504","post","type-post","status-publish","format-standard","hentry","category-romania","tag-crawlmanager","tag-ziardesuceava-ro"],"_links":{"self":[{"href":"https:\/\/analyse.optim.biz\/index.php?rest_route=\/wp\/v2\/posts\/2113504","targetHints":{"allow":["GET"]}}],"collection":[{"href":"https:\/\/analyse.optim.biz\/index.php?rest_route=\/wp\/v2\/posts"}],"about":[{"href":"https:\/\/analyse.optim.biz\/index.php?rest_route=\/wp\/v2\/types\/post"}],"author":[{"embeddable":true,"href":"https:\/\/analyse.optim.biz\/index.php?rest_route=\/wp\/v2\/users\/1"}],"replies":[{"embeddable":true,"href":"https:\/\/analyse.optim.biz\/index.php?rest_route=%2Fwp%2Fv2%2Fcomments&post=2113504"}],"version-history":[{"count":0,"href":"https:\/\/analyse.optim.biz\/index.php?rest_route=\/wp\/v2\/posts\/2113504\/revisions"}],"wp:attachment":[{"href":"https:\/\/analyse.optim.biz\/index.php?rest_route=%2Fwp%2Fv2%2Fmedia&parent=2113504"}],"wp:term":[{"taxonomy":"category","embeddable":true,"href":"https:\/\/analyse.optim.biz\/index.php?rest_route=%2Fwp%2Fv2%2Fcategories&post=2113504"},{"taxonomy":"post_tag","embeddable":true,"href":"https:\/\/analyse.optim.biz\/index.php?rest_route=%2Fwp%2Fv2%2Ftags&post=2113504"}],"curies":[{"name":"wp","href":"https:\/\/api.w.org\/{rel}","templated":true}]}}