{"id":2113502,"date":"2026-08-26T10:22:50","date_gmt":"2026-08-26T07:22:50","guid":{"rendered":"https:\/\/analyse.optim.biz\/?p=2113502"},"modified":"2026-08-26T10:22:50","modified_gmt":"2026-08-26T07:22:50","slug":"pahontu-a-facut-parte-din-trupele-de-represiune-si-a-participat-la-masacrul-din-21-decembrie-1989","status":"publish","type":"post","link":"https:\/\/analyse.optim.biz\/?p=2113502","title":{"rendered":"Pahon\u021bu a f\u0103cut parte din trupele de represiune \u0219i a participat la masacrul din 21 decembrie 1989"},"content":{"rendered":"<p>[analyse_image type=&#8221;featured&#8221; src=&#8221;https:\/\/ziardesuceava.ro\/wp-content\/uploads\/2026\/08\/79842-1024&#215;683.jpg&#8221;]<\/p>\n<div class=\"post-content clearfix\">\n<div class=\"blog-post-thumb\"><img loading=\"lazy\" decoding=\"async\" width=\"1140\" height=\"694\" src=\"https:\/\/ziardesuceava.ro\/wp-content\/uploads\/2026\/08\/79842-1140x694.jpg\" class=\"attachment-inhype-blog-thumb size-inhype-blog-thumb wp-post-image\" alt><\/div>\n<div class=\"entry-content\">\n<div>\n<p class=\"fara-orfani lead\">La Revolu\u021bie, Pahon\u021bu a f\u0103cut parte din for\u021bele de represiune trimise de Nicolae Ceau\u0219escu s\u0103 \u00een\u0103bu\u0219e protestele izbucnite \u00een Bucure\u0219ti, \u00een dup\u0103-amiaza zilei de 21 decembrie 1989, potrivit unei investiga\u021bii Recorder.<\/p>\n<div class=\"continut-articol\">\n<p>Recorder a reconstituit din m\u0103rturii \u0219i documente biografia de tinere\u021be a \u0219efului SPP:\u00a0<\/p>\n<ul>\n<li>Lucian Pahon\u021bu \u0219i-a \u00eenceput cariera militar\u0103 din postura de nepot al unui mare general comunist \u0219i a activat ca ofi\u021ber \u00een Trupele de Securitate din 1987 p\u00e2n\u0103 \u00een 1990.<\/li>\n<li>La Revolu\u021bie, Pahon\u021bu a f\u0103cut parte din for\u021bele de represiune trimise de Nicolae Ceau\u0219escu s\u0103 \u00een\u0103bu\u0219e protestele izbucnite \u00een Bucure\u0219ti, \u00een dup\u0103-amiaza zilei de 21 decembrie 1989. Conform mai multor documente descoperite de Recorder, Lucian Pahon\u021bu a fost prezent \u00een acea noapte \u00een zona baricadei de la Intercontinental, unde trupele armate au omor\u00e2t 48 de oameni \u0219i au arestat sute de manifestan\u021bi.<\/li>\n<li>Actualul \u0219ef al SPP a fost implicat \u0219i \u00een evenimentele din 13 iunie 1990, c\u00e2nd sute de persoane au fost b\u0103tute \u0219i arestate de for\u021bele de ordine \u00een Pia\u021ba Universit\u0103\u021bii din Bucure\u0219ti.<\/li>\n<li>Lucian Pahon\u021bu a evitat s\u0103 r\u0103spund\u0103 la \u00eentreb\u0103rile pe care i le-am transmis cu privire la informa\u021biile care privesc biografia sa \u0219i s-a rezumat s\u0103 spun\u0103 c\u0103 \u201e\u00eentreaga sa activitate s-a derulat \u00een conformitate cu normele legale \u0219i cu principiile solide care guverneaz\u0103 activitatea militarilor, precum loialitate \u0219i devotament fa\u021b\u0103 de \u021bar\u0103, onoare, demnitate \u0219i integritate\u201d.<\/li>\n<\/ul>\n<p>Generalul Lucian Pahon\u021bu conduce Serviciul de Protec\u021bie \u0219i Paz\u0103 (SPP) din decembrie 2005, adic\u0103 de peste dou\u0103 decenii. \u00cen 2024 a \u00eemplinit 60 de ani \u0219i a fost trecut \u00een rezerv\u0103 ca general cu patru stele, dar \u0219i-a p\u0103strat func\u021bia de \u0219ef al SPP. \u00cen 2025, la Cotroceni a ajuns un nou pre\u0219edinte, \u00eens\u0103 Pahon\u021bu n-a fost \u00eenlocuit nici de aceast\u0103 dat\u0103. \u00cen ultimii 20 de ani, Rom\u00e2nia a schimbat 3 pre\u0219edin\u021bi \u0219i 15 guverne, dar Lucian Pahon\u021bu a fost de neclintit.<\/p>\n<\/div>\n<\/div>\n<\/div>\n<div class=\"inhype-social-share-fixed sidebar-position-right\">\n<div class=\"post-social-wrapper\">\n<div class=\"post-social-title\"><span class=\"post-social-title-text\">Share<\/span><\/div>\n<\/div>\n<\/div>\n<\/div>\n<p>[analyse_source url=&#8221;https:\/\/ziardesuceava.ro\/pahontu-a-facut-parte-din-trupele-de-represiune-si-a-participat-la-masacrul-din-21-decembrie-1989\/&#8221;]<\/p>\n","protected":false},"excerpt":{"rendered":"<p>[analyse_image type=&#8221;featured&#8221; src=&#8221;https:\/\/ziardesuceava.ro\/wp-content\/uploads\/2026\/08\/79842-1024&#215;683.jpg&#8221;] La Revolu\u021bie, Pahon\u021bu a f\u0103cut parte din for\u021bele de represiune trimise de Nicolae Ceau\u0219escu s\u0103 \u00een\u0103bu\u0219e protestele izbucnite \u00een Bucure\u0219ti, \u00een dup\u0103-amiaza zilei de 21 decembrie 1989, potrivit unei investiga\u021bii Recorder. Recorder a reconstituit din m\u0103rturii \u0219i documente biografia de tinere\u021be a \u0219efului SPP:\u00a0 Lucian Pahon\u021bu \u0219i-a \u00eenceput cariera militar\u0103 din postura [&hellip;]<\/p>\n","protected":false},"author":1,"featured_media":0,"comment_status":"open","ping_status":"","sticky":false,"template":"","format":"standard","meta":{"footnotes":""},"categories":[89],"tags":[226,171],"class_list":["post-2113502","post","type-post","status-publish","format-standard","hentry","category-romania","tag-crawlmanager","tag-ziardesuceava-ro"],"_links":{"self":[{"href":"https:\/\/analyse.optim.biz\/index.php?rest_route=\/wp\/v2\/posts\/2113502","targetHints":{"allow":["GET"]}}],"collection":[{"href":"https:\/\/analyse.optim.biz\/index.php?rest_route=\/wp\/v2\/posts"}],"about":[{"href":"https:\/\/analyse.optim.biz\/index.php?rest_route=\/wp\/v2\/types\/post"}],"author":[{"embeddable":true,"href":"https:\/\/analyse.optim.biz\/index.php?rest_route=\/wp\/v2\/users\/1"}],"replies":[{"embeddable":true,"href":"https:\/\/analyse.optim.biz\/index.php?rest_route=%2Fwp%2Fv2%2Fcomments&post=2113502"}],"version-history":[{"count":0,"href":"https:\/\/analyse.optim.biz\/index.php?rest_route=\/wp\/v2\/posts\/2113502\/revisions"}],"wp:attachment":[{"href":"https:\/\/analyse.optim.biz\/index.php?rest_route=%2Fwp%2Fv2%2Fmedia&parent=2113502"}],"wp:term":[{"taxonomy":"category","embeddable":true,"href":"https:\/\/analyse.optim.biz\/index.php?rest_route=%2Fwp%2Fv2%2Fcategories&post=2113502"},{"taxonomy":"post_tag","embeddable":true,"href":"https:\/\/analyse.optim.biz\/index.php?rest_route=%2Fwp%2Fv2%2Ftags&post=2113502"}],"curies":[{"name":"wp","href":"https:\/\/api.w.org\/{rel}","templated":true}]}}