{"id":2113448,"date":"2026-08-26T14:32:02","date_gmt":"2026-08-26T11:32:02","guid":{"rendered":"https:\/\/analyse.optim.biz\/?p=2113448"},"modified":"2026-08-26T14:32:02","modified_gmt":"2026-08-26T11:32:02","slug":"tanara-de-28-de-ani-din-balta-alba-agresata-de-fostul-concubin","status":"publish","type":"post","link":"https:\/\/analyse.optim.biz\/?p=2113448","title":{"rendered":"T\u00e2n\u0103r\u0103 de 28 de ani din Balta Alb\u0103 agresat\u0103 de fostul concubin"},"content":{"rendered":"<p>[analyse_image type=&#8221;featured&#8221; src=&#8221;https:\/\/blitz24.ro\/wp-content\/uploads\/2021\/07\/balta_alba_sat2.jpg&#8221;]<\/p>\n<div class=\"cm-entry-summary\">\n<p align=\"justify\"><strong><span><span lang=\"ro-RO\">\u00cen ziua de 25 august, poli\u021bi\u0219tii din cadrul Sec\u021biei de poli\u021bie rural\u0103 R\u00e2mnicelu au re\u021binut pentru 24 de ore, pe baz\u0103 de ordonan\u021b\u0103, o persoan\u0103 cercetat\u0103 pentru lovirea sau alte violen\u021be, violare de domiciliu \u0219i distrugere.<\/span><\/span><\/strong><\/p>\n<p align=\"justify\"><span><span lang=\"ro-RO\">Fapta a fost sesizat\u0103 la data de 25 august, de c\u0103tre persoana v\u0103t\u0103mat\u0103, o t\u00e2n\u0103r\u0103 de 28 de ani, din Balta Alb\u0103.<\/span><\/span><\/p>\n<p align=\"justify\"><span><span lang=\"ro-RO\">Din cercet\u0103ri a reie\u0219it c\u0103, la data de 25 august a.c., persoana cercetat\u0103, un b\u0103rbat de 34 de ani, din aceea\u0219i localitate, fostul concubin al persoanei v\u0103t\u0103mate, ar fi p\u0103truns \u00een locuin\u021ba tinerei, f\u0103r\u0103 acordul acesteia \u0219i ar fi agresat-o. <\/span><\/span><\/p>\n<p align=\"justify\"><span><span lang=\"ro-RO\">De asemenea, acesta ar fi distrus sistemul de \u00eenchidere al unei u\u0219i.<\/span><\/span><\/p>\n<p align=\"justify\"><span><span lang=\"ro-RO\">\u00cen urma evalu\u0103rii situa\u021biei \u0219i cu acordul persoanei v\u0103t\u0103mate, poli\u021bi\u0219tii au emis pe numele b\u0103rbatului ordin de protec\u021bie provizoriu, fiind montat \u0219i sistem de monitorizare electronic\u0103.<\/span><\/span><\/p>\n<p align=\"justify\">CITE\u0218TE \u0218I<a href=\"https:\/\/blitz24.ro\/stiri-locale\/actualitate\/barbat-din-ramnicelu-retinut-dupa-ce-si-ar-fi-agresat-fosta-concubina\/\"> B\u0103rbat din R\u00e2mnicelu re\u021binut dup\u0103 ce \u0219i-ar fi agresat fosta concubin\u0103<\/a><\/p>\n<p align=\"justify\"><span><span lang=\"ro-RO\">\u00cen cauz\u0103, poli\u021bi\u0219tii continu\u0103 cercet\u0103rile, sub coordonarea parchetului, pentru stabilirea \u00eentregii activit\u0103\u021bi infrac\u021bionale a b\u0103rbatului.<\/span><\/span><\/p>\n<\/div>\n<p>[analyse_source url=&#8221;https:\/\/blitz24.ro\/stiri-judetene\/actualitate-stiri-judetene\/tanara-de-28-de-ani-din-balta-alba-agresata-de-fostul-concubin\/&#8221;]<\/p>\n","protected":false},"excerpt":{"rendered":"<p>[analyse_image type=&#8221;featured&#8221; src=&#8221;https:\/\/blitz24.ro\/wp-content\/uploads\/2021\/07\/balta_alba_sat2.jpg&#8221;] \u00cen ziua de 25 august, poli\u021bi\u0219tii din cadrul Sec\u021biei de poli\u021bie rural\u0103 R\u00e2mnicelu au re\u021binut pentru 24 de ore, pe baz\u0103 de ordonan\u021b\u0103, o persoan\u0103 cercetat\u0103 pentru lovirea sau alte violen\u021be, violare de domiciliu \u0219i distrugere. Fapta a fost sesizat\u0103 la data de 25 august, de c\u0103tre persoana v\u0103t\u0103mat\u0103, o t\u00e2n\u0103r\u0103 de [&hellip;]<\/p>\n","protected":false},"author":1,"featured_media":0,"comment_status":"open","ping_status":"","sticky":false,"template":"","format":"standard","meta":{"footnotes":""},"categories":[2],"tags":[42,226],"class_list":["post-2113448","post","type-post","status-publish","format-standard","hentry","category-politics","tag-blitz24-ro","tag-crawlmanager"],"_links":{"self":[{"href":"https:\/\/analyse.optim.biz\/index.php?rest_route=\/wp\/v2\/posts\/2113448","targetHints":{"allow":["GET"]}}],"collection":[{"href":"https:\/\/analyse.optim.biz\/index.php?rest_route=\/wp\/v2\/posts"}],"about":[{"href":"https:\/\/analyse.optim.biz\/index.php?rest_route=\/wp\/v2\/types\/post"}],"author":[{"embeddable":true,"href":"https:\/\/analyse.optim.biz\/index.php?rest_route=\/wp\/v2\/users\/1"}],"replies":[{"embeddable":true,"href":"https:\/\/analyse.optim.biz\/index.php?rest_route=%2Fwp%2Fv2%2Fcomments&post=2113448"}],"version-history":[{"count":0,"href":"https:\/\/analyse.optim.biz\/index.php?rest_route=\/wp\/v2\/posts\/2113448\/revisions"}],"wp:attachment":[{"href":"https:\/\/analyse.optim.biz\/index.php?rest_route=%2Fwp%2Fv2%2Fmedia&parent=2113448"}],"wp:term":[{"taxonomy":"category","embeddable":true,"href":"https:\/\/analyse.optim.biz\/index.php?rest_route=%2Fwp%2Fv2%2Fcategories&post=2113448"},{"taxonomy":"post_tag","embeddable":true,"href":"https:\/\/analyse.optim.biz\/index.php?rest_route=%2Fwp%2Fv2%2Ftags&post=2113448"}],"curies":[{"name":"wp","href":"https:\/\/api.w.org\/{rel}","templated":true}]}}