{"id":2113445,"date":"2026-08-26T14:17:43","date_gmt":"2026-08-26T11:17:43","guid":{"rendered":"https:\/\/analyse.optim.biz\/?p=2113445"},"modified":"2026-08-26T14:17:43","modified_gmt":"2026-08-26T11:17:43","slug":"doi-muncitori-au-fost-electrocutati-la-panciu","status":"publish","type":"post","link":"https:\/\/analyse.optim.biz\/?p=2113445","title":{"rendered":"Doi muncitori au fost electrocuta\u021bi la Panciu"},"content":{"rendered":"<p>[analyse_image type=&#8221;featured&#8221; src=&#8221;https:\/\/blitz24.ro\/wp-content\/uploads\/2023\/03\/furt-curent-electric.jpg&#8221;]<\/p>\n<div class=\"cm-entry-summary\">\n<p><strong>La data de 26 august, ora 12:52, poli\u021bi\u0219tii au fost sesiza\u021bi, prin SNUAU 112, cu privire la producerea unui incident \u00een ora\u0219ul Panciu, \u00een urma c\u0103ruia dou\u0103 persoane ar fi fost electrocutate.<\/strong><\/p>\n<p>Din primele verific\u0103ri efectuate de poli\u021bi\u0219ti, a reie\u0219it faptul c\u0103, \u00een zona respectiv\u0103, un b\u0103rbat, \u00een v\u00e2rst\u0103 de 60 de ani, din municipiul Foc\u0219ani, \u0219i un b\u0103rbat, \u00een v\u00e2rst\u0103 de 55 de ani, din comuna Vulturu, ar fi efectuat lucr\u0103ri la un st\u00e2lp de electricitate.<\/p>\n<p>\u00cen timpul desf\u0103\u0219ur\u0103rii lucr\u0103rilor, cele dou\u0103 persoane ar fi fost electrocutate, \u00eemprejur\u0103rile exacte \u00een care s-a produs incidentul urm\u00e2nd a fi stabilite \u00een urma cercet\u0103rilor.<\/p>\n<p>Cei doi b\u0103rba\u021bi au fost prelua\u021bi de echipajele medicale \u0219i transporta\u021bi la unitatea medical\u0103, \u00een vederea acord\u0103rii de \u00eengrijiri medicale de specialitate.<\/p>\n<p>CITE\u0218TE \u0218I <a href=\"https:\/\/blitz24.ro\/national\/claudiu-nasui-de-la-usr-a-fost-propru-ministru-la-chisinau-ce-portofoliu-vizeaza\/\">Claudiu N\u0103sui de la USR a fost propru ministru la Chi\u0219in\u0103u \u2013 Ce portofoliu vizeaz\u0103<\/a><\/p>\n<p>\u00cen cauz\u0103, poli\u021bi\u0219tii efectueaz\u0103 cercet\u0103ri, fiind \u00eentocmit dosar penal sub aspectul s\u0103v\u00e2r\u0219irii infrac\u021biunilor de neluarea \u0219i nerespectarea m\u0103surilor legale de securitate \u0219i s\u0103n\u0103tate \u00een munc\u0103 \u0219i v\u0103t\u0103mare corporal\u0103 din culp\u0103.<\/p>\n<\/div>\n<p>[analyse_source url=&#8221;https:\/\/blitz24.ro\/stiri-judetene\/actualitate-stiri-judetene\/doi-muncitori-au-fost-electrocutati-la-panciu\/&#8221;]<\/p>\n","protected":false},"excerpt":{"rendered":"<p>[analyse_image type=&#8221;featured&#8221; src=&#8221;https:\/\/blitz24.ro\/wp-content\/uploads\/2023\/03\/furt-curent-electric.jpg&#8221;] La data de 26 august, ora 12:52, poli\u021bi\u0219tii au fost sesiza\u021bi, prin SNUAU 112, cu privire la producerea unui incident \u00een ora\u0219ul Panciu, \u00een urma c\u0103ruia dou\u0103 persoane ar fi fost electrocutate. Din primele verific\u0103ri efectuate de poli\u021bi\u0219ti, a reie\u0219it faptul c\u0103, \u00een zona respectiv\u0103, un b\u0103rbat, \u00een v\u00e2rst\u0103 de 60 de [&hellip;]<\/p>\n","protected":false},"author":1,"featured_media":0,"comment_status":"open","ping_status":"","sticky":false,"template":"","format":"standard","meta":{"footnotes":""},"categories":[2],"tags":[42,226],"class_list":["post-2113445","post","type-post","status-publish","format-standard","hentry","category-politics","tag-blitz24-ro","tag-crawlmanager"],"_links":{"self":[{"href":"https:\/\/analyse.optim.biz\/index.php?rest_route=\/wp\/v2\/posts\/2113445","targetHints":{"allow":["GET"]}}],"collection":[{"href":"https:\/\/analyse.optim.biz\/index.php?rest_route=\/wp\/v2\/posts"}],"about":[{"href":"https:\/\/analyse.optim.biz\/index.php?rest_route=\/wp\/v2\/types\/post"}],"author":[{"embeddable":true,"href":"https:\/\/analyse.optim.biz\/index.php?rest_route=\/wp\/v2\/users\/1"}],"replies":[{"embeddable":true,"href":"https:\/\/analyse.optim.biz\/index.php?rest_route=%2Fwp%2Fv2%2Fcomments&post=2113445"}],"version-history":[{"count":0,"href":"https:\/\/analyse.optim.biz\/index.php?rest_route=\/wp\/v2\/posts\/2113445\/revisions"}],"wp:attachment":[{"href":"https:\/\/analyse.optim.biz\/index.php?rest_route=%2Fwp%2Fv2%2Fmedia&parent=2113445"}],"wp:term":[{"taxonomy":"category","embeddable":true,"href":"https:\/\/analyse.optim.biz\/index.php?rest_route=%2Fwp%2Fv2%2Fcategories&post=2113445"},{"taxonomy":"post_tag","embeddable":true,"href":"https:\/\/analyse.optim.biz\/index.php?rest_route=%2Fwp%2Fv2%2Ftags&post=2113445"}],"curies":[{"name":"wp","href":"https:\/\/api.w.org\/{rel}","templated":true}]}}