{"id":2113405,"date":"2026-08-26T07:30:01","date_gmt":"2026-08-26T04:30:01","guid":{"rendered":"https:\/\/analyse.optim.biz\/?p=2113405"},"modified":"2026-08-26T07:30:01","modified_gmt":"2026-08-26T04:30:01","slug":"theodor-paleologu-si-daniel-nica-la-buzau-intrebari-incomode-despre-cultura-la-biaf","status":"publish","type":"post","link":"https:\/\/analyse.optim.biz\/?p=2113405","title":{"rendered":"Theodor Paleologu \u0219i Daniel Nica, la Buz\u0103u. \u00centreb\u0103ri incomode despre cultur\u0103, la BIAF"},"content":{"rendered":"<p>[analyse_image type=&#8221;featured&#8221; src=&#8221;https:\/\/opiniabuzau.ro\/wp-content\/uploads\/2026\/08\/PALEOLOGU-SI-NICA-LA-BIAF.webp&#8221;]<\/p>\n<div class=\"entry-content entry clearfix\">\n<blockquote>\n<p class=\"isSelectedEnd\"><strong>Ce mai \u00eenseamn\u0103 cultura \u00eentr-o societate \u00een care informa\u021bia circul\u0103 instantaneu, opiniile se multiplic\u0103, iar diferen\u021ba dintre cunoa\u0219tere \u0219i simpla impresie de a \u0219ti devine tot mai greu de observat? Theodor Paleologu \u0219i Daniel Nica vor \u00eencerca s\u0103 r\u0103spund\u0103 acestei \u00eentreb\u0103ri vineri, 28 august, de la ora 19.00, la Teatrul \u201eGeorge Ciprian\u201d din Buz\u0103u, \u00een cadrul Buz\u0103u International Arts Festival.\u00a0<\/strong><\/p>\n<\/blockquote>\n<p class=\"isSelectedEnd\">Intitulat\u0103 \u201eOK, deci ce mai e cultura?\u201d, \u00eent\u00e2lnirea propune o discu\u021bie despre locul culturii \u00eentr-o societate \u00een care avem acces la o cantitate f\u0103r\u0103 precedent de informa\u021bie, dar \u00een care devine tot mai dificil s\u0103 distingem \u00eentre cunoa\u0219tere, opinie \u0219i simpla impresie de a \u0219ti.<\/p>\n<p class=\"isSelectedEnd\">Problema nu mai este accesul la informa\u021bie. Avem mai mult\u0103 dec\u00e2t putem procesa. Dificultatea apare atunci c\u00e2nd trebuie s\u0103 alegem \u00eentre o afirma\u021bie \u0219i un argument, \u00eentre o opinie exprimat\u0103 cu siguran\u021b\u0103 \u0219i una sus\u021binut\u0103 de cunoa\u0219tere. \u00cen acest punct, cultura devine mai pu\u021bin o colec\u021bie de referin\u021be \u0219i mai mult un exerci\u021biu de discern\u0103m\u00e2nt.<\/p>\n<p class=\"isSelectedEnd\">De aici \u0219i una dintre \u00eentreb\u0103rile provocatoare ale dialogului: \u201eCe ne facem cu at\u00e2\u021bia pro\u0219ti?\u201d Formularea are o doz\u0103 evident\u0103 de ironie, dar trimite c\u0103tre o problem\u0103 serioas\u0103: cum ne raport\u0103m la impostur\u0103, pseudo-expertiz\u0103 \u0219i la certitudinile formulate f\u0103r\u0103 argumente?<\/p>\n<p class=\"isSelectedEnd\">Ignoran\u021ba, \u00een sine, nu este neap\u0103rat problema. Poate fi corectat\u0103 prin educa\u021bie. Mai dificil este momentul \u00een care lipsa cunoa\u0219terii vine \u00eenso\u021bit\u0103 de certitudine \u0219i de refuzul verific\u0103rii. \u00cen acest context, g\u00e2ndirea critic\u0103 presupune \u0219i capacitatea de a spune \u201enu \u0219tiu\u201d, de a accepta o obiec\u021bie \u0219i de a ne revizui propria pozi\u021bie.<\/p>\n<div class=\"stream-item stream-item-in-post stream-item-inline-post aligncenter\"><a href=\"https:\/\/vreaulanova.ro\/?utm_source=opiniabuzau&amp;utm_medium=image\" title target=\"_blank\"><img loading=\"lazy\" decoding=\"async\" data-od-unknown-tag data-od-xpath=\"\/HTML\/BODY\/DIV[@class=&apos;background-overlay&apos;]\/*[1][self::DIV]\/*[1][self::DIV]\/*[4][self::DIV]\/*[1][self::DIV]\/*[1][self::DIV]\/*[2][self::ARTICLE]\/*[3][self::DIV]\/*[7][self::DIV]\/*[1][self::A]\/*[1][self::IMG]\" src=\"https:\/\/opiniabuzau.ro\/wp-content\/smush-webp\/2022\/02\/MicrosoftTeams-image-4-1.jpg.webp\" alt width=\"728\" height=\"91\" class=\"perfmatters-lazy\"><img loading=\"lazy\" decoding=\"async\" data-od-unknown-tag data-od-xpath=\"\/HTML\/BODY\/DIV[@class=&apos;background-overlay&apos;]\/*[1][self::DIV]\/*[1][self::DIV]\/*[4][self::DIV]\/*[1][self::DIV]\/*[1][self::DIV]\/*[2][self::ARTICLE]\/*[3][self::DIV]\/*[7][self::DIV]\/*[1][self::A]\/*[1][self::IMG]\" src=\"https:\/\/opiniabuzau.ro\/wp-content\/smush-webp\/2022\/02\/MicrosoftTeams-image-4-1.jpg.webp\" alt width=\"728\" height=\"91\"><\/a><\/div>\n<p class=\"isSelectedEnd\">Tema \u00eent\u00e2lnirii este cu at\u00e2t mai relevant\u0103 \u00eentr-un mediu digital care favorizeaz\u0103 reac\u021bia rapid\u0103. Cititul, analiza \u0219i reflec\u021bia cer \u00eens\u0103 timp. O idee nu devine mai bun\u0103 pentru c\u0103 circul\u0103 mai repede, dup\u0103 cum o afirma\u021bie nu devine adev\u0103rat\u0103 pentru c\u0103 este repetat\u0103 de foarte mul\u021bi oameni.<\/p>\n<p class=\"isSelectedEnd\">Cei doi invita\u021bi abordeaz\u0103 aceste \u00eentreb\u0103ri din perspective diferite.<\/p>\n<p class=\"isSelectedEnd\">Theodor Paleologu, filosof, profesor \u0219i pre\u0219edinte al Funda\u021biei \u201ePaleologu\u201d, are o experien\u021b\u0103 care combin\u0103 filosofia, educa\u021bia \u0219i via\u021ba public\u0103. A studiat la \u00c9cole Normale Sup\u00e9rieure \u0219i la Universitatea Paris I Panth\u00e9on-Sorbonne \u0219i este doctor \u00een filosofie. A fost ambasador al Rom\u00e2niei \u00een Danemarca \u0219i Islanda \u0219i ministru al Culturii. Activitatea sa este concentrat\u0103 \u00een special asupra filosofiei, retoricii \u0219i educa\u021biei umaniste.<\/p>\n<p class=\"isSelectedEnd\">Daniel Nica, lector universitar doctor la Departamentul de Antropologie cultural\u0103 \u0219i Comunicare al Facult\u0103\u021bii de Jurnalism \u0219i \u0218tiin\u021bele Comunic\u0103rii, Universitatea din Bucure\u0219ti, este filosof \u0219i cercet\u0103tor \u00een domeniul eticii, metaeticii \u0219i filosofiei moderne \u0219i contemporane. Este doctor \u00een Filosofie \u0219i abilitat pentru conducerea de doctorate \u00een acest domeniu.<\/p>\n<p class=\"isSelectedEnd\">Daniel Nica este autorul volumelor \u201e<em>Etic\u0103 f\u0103r\u0103 principii?\u201d \u201eGeneralism \u0219i particularism \u00een filosofia moral\u0103\u201d<\/em>, \u201e<em>Pastila ro\u0219ie\u201d. \u201eEseu despre moralitate \u0219i fericire\u201d<\/em>,\u201e <em>Cine sunt eu? Autenticitate \u0219i limitele sale morale\u201d<\/em> \u0219i \u201e<em>Elemente de etic\u0103\u201d<\/em>. Pentru volumul \u201e<em>Cine sunt eu? Autenticitatea \u0219i limitele sale morale\u201d<\/em> a primit Premiul \u201eConstantin R\u0103dulescu-Motru\u201d, acordat de Academia Rom\u00e2n\u0103, precum \u0219i Premiul Leibniz pentru filosofie, acordat de Societatea Leibniz.<\/p>\n<p class=\"isSelectedEnd\">\u00cent\u00e2lnirea dintre Theodor Paleologu \u0219i Daniel Nica deschide, astfel, o discu\u021bie despre cultur\u0103 care trece dincolo de arte \u0219i ajunge la \u00eentreb\u0103ri despre educa\u021bie, responsabilitate intelectual\u0103, autenticitate \u0219i felul \u00een care ne construim judec\u0103\u021bile.<\/p>\n<p class=\"isSelectedEnd\">\u00cen acest sens, \u201eOK, deci ce mai e cultura?\u201d nu caut\u0103 neap\u0103rat o defini\u021bie definitiv\u0103. \u00centrebarea pune \u00een discu\u021bie ce mai a\u0219tept\u0103m de la cultur\u0103: s\u0103 ne ofere informa\u021bii, repere, pl\u0103cere intelectual\u0103 sau, \u00eenainte de toate, un mod mai riguros de a privi lumea.<\/p>\n<p class=\"isSelectedEnd\">Accesul publicului este liber.<\/p>\n<\/div>\n<p>[analyse_source url=&#8221;https:\/\/opiniabuzau.ro\/theodor-paleologu-si-daniel-nica-la-buzau-intrebari-incomode-despre-cultura-la-biaf\/&#8221;]<\/p>\n","protected":false},"excerpt":{"rendered":"<p>[analyse_image type=&#8221;featured&#8221; src=&#8221;https:\/\/opiniabuzau.ro\/wp-content\/uploads\/2026\/08\/PALEOLOGU-SI-NICA-LA-BIAF.webp&#8221;] Ce mai \u00eenseamn\u0103 cultura \u00eentr-o societate \u00een care informa\u021bia circul\u0103 instantaneu, opiniile se multiplic\u0103, iar diferen\u021ba dintre cunoa\u0219tere \u0219i simpla impresie de a \u0219ti devine tot mai greu de observat? Theodor Paleologu \u0219i Daniel Nica vor \u00eencerca s\u0103 r\u0103spund\u0103 acestei \u00eentreb\u0103ri vineri, 28 august, de la ora 19.00, la Teatrul \u201eGeorge Ciprian\u201d [&hellip;]<\/p>\n","protected":false},"author":1,"featured_media":0,"comment_status":"open","ping_status":"","sticky":false,"template":"","format":"standard","meta":{"footnotes":""},"categories":[2],"tags":[226,44],"class_list":["post-2113405","post","type-post","status-publish","format-standard","hentry","category-politics","tag-crawlmanager","tag-opiniabuzau-ro"],"_links":{"self":[{"href":"https:\/\/analyse.optim.biz\/index.php?rest_route=\/wp\/v2\/posts\/2113405","targetHints":{"allow":["GET"]}}],"collection":[{"href":"https:\/\/analyse.optim.biz\/index.php?rest_route=\/wp\/v2\/posts"}],"about":[{"href":"https:\/\/analyse.optim.biz\/index.php?rest_route=\/wp\/v2\/types\/post"}],"author":[{"embeddable":true,"href":"https:\/\/analyse.optim.biz\/index.php?rest_route=\/wp\/v2\/users\/1"}],"replies":[{"embeddable":true,"href":"https:\/\/analyse.optim.biz\/index.php?rest_route=%2Fwp%2Fv2%2Fcomments&post=2113405"}],"version-history":[{"count":0,"href":"https:\/\/analyse.optim.biz\/index.php?rest_route=\/wp\/v2\/posts\/2113405\/revisions"}],"wp:attachment":[{"href":"https:\/\/analyse.optim.biz\/index.php?rest_route=%2Fwp%2Fv2%2Fmedia&parent=2113405"}],"wp:term":[{"taxonomy":"category","embeddable":true,"href":"https:\/\/analyse.optim.biz\/index.php?rest_route=%2Fwp%2Fv2%2Fcategories&post=2113405"},{"taxonomy":"post_tag","embeddable":true,"href":"https:\/\/analyse.optim.biz\/index.php?rest_route=%2Fwp%2Fv2%2Ftags&post=2113405"}],"curies":[{"name":"wp","href":"https:\/\/api.w.org\/{rel}","templated":true}]}}