{"id":2113400,"date":"2026-08-25T21:08:42","date_gmt":"2026-08-25T18:08:42","guid":{"rendered":"https:\/\/analyse.optim.biz\/?p=2113400"},"modified":"2026-08-25T21:08:42","modified_gmt":"2026-08-25T18:08:42","slug":"foto-o-tanara-din-capitala-a-venit-la-biaf-ca-voluntar","status":"publish","type":"post","link":"https:\/\/analyse.optim.biz\/?p=2113400","title":{"rendered":"FOTO \/ O t\u00e2n\u0103r\u0103 din Capital\u0103 a venit la BIAF ca voluntar"},"content":{"rendered":"<p>[analyse_image type=&#8221;featured&#8221; src=&#8221;https:\/\/opiniabuzau.ro\/wp-content\/uploads\/2026\/08\/anna-elise-vizauer-5-scaled.webp&#8221;]<\/p>\n<div class=\"entry-content entry clearfix\">\n<blockquote>\n<p><strong>La Buz\u0103u nu mai este deloc neobi\u0219nuit ca, \u00een timpul verii, adolescen\u021bii s\u0103 se al\u0103ture BIAF ca voluntari. Mai pu\u021bin obi\u0219nuit este, \u00eens\u0103, s\u0103-i vezi alerg\u00e2nd dup\u0103 arti\u0219ti, pun\u00e2ndu-le \u00eentreb\u0103ri \u0219i \u00eencerc\u00e2nd s\u0103 scoat\u0103 din \u00eent\u00e2lnirile cu ei pove\u0219ti care merit\u0103 spuse mai departe. Se \u00eent\u00e2mpl\u0103 anul acesta, \u00eentruc\u00e2t\u00a0 organizatorii BIAF au dus implicarea voluntarilor \u00eentr-o direc\u021bie nou\u0103. Pentru prima dat\u0103, BIAF are un jurnal realizat \u0219i cu ajutorul tinerilor care s-au al\u0103turat echipei festivalului. Voluntarii ajut\u0103 la organizarea evenimentelor, le documenteaz\u0103, vorbesc direct cu arti\u0219tii \u0219i spun, prin propriile materiale, pove\u0219tile pe care le descoper\u0103 \u00een timpul festivalului.<\/strong><\/p>\n<\/blockquote>\n<p>Printre ace\u0219ti tineri se num\u0103r\u0103 \u0219i Anna Elise (Anneli) Vizauer, elev\u0103 la Liceul de Arte Plastice \u201eNicolae Tonitza\u201d din Bucure\u0219ti, specialitatea pictur\u0103. A venit la Buz\u0103u special pentru aceast\u0103 experien\u021b\u0103, iar una dintre primele sale misiuni a fost s\u0103 realizeze interviuri cu arti\u0219tii invita\u021bi la festival.<\/p>\n<p>Am \u00eent\u00e2lnit-o \u00eentr-una dintre dup\u0103-amiezile BIAF, la vernisajul expozi\u021biei \u201eForever Young\u201d. St\u0103tea de vorb\u0103 cu doi arti\u0219ti plastici buzoieni, cunoscu\u021bi pentru picturile lor \u0219i proasp\u0103t absolven\u021bi de masterat. \u00cei asculta cu r\u0103bdare \u0219i curiozitate, l\u0103s\u00e2ndu-i s\u0103-\u0219i spun\u0103 pove\u0219tile p\u00e2n\u0103 la cap\u0103t. \u00cei preg\u0103tea pentru un interviu, iar felul \u00een care se raporta la ei ar\u0103ta c\u0103, pentru ea, \u00eent\u00e2lnirea avea propria sa importan\u021b\u0103 \u0219i dep\u0103\u0219ea o simpl\u0103 sarcin\u0103 din programul festivalului.<\/p>\n<p>A\u0219a s-a conturat \u0219i experien\u021ba ei la BIAF: interviuri, materiale pentru jurnal, grafic\u0103 \u0219i \u00eent\u00e2lniri cu arti\u0219ti din domenii diferite. A avut chiar ocazia s\u0103 participe la repeti\u021biile unui spectacol-lectur\u0103, descoperind \u0219i alte zone ale unui festival care, pentru c\u00e2teva s\u0103pt\u0103m\u00e2ni, i-a devenit spa\u021biu de lucru \u0219i de explorare.<\/p>\n<p><img loading=\"lazy\" decoding=\"async\" data-od-unknown-tag data-od-xpath=\"\/HTML\/BODY\/DIV[@class=&apos;background-overlay&apos;]\/*[1][self::DIV]\/*[1][self::DIV]\/*[4][self::DIV]\/*[1][self::DIV]\/*[1][self::DIV]\/*[2][self::ARTICLE]\/*[3][self::DIV]\/*[6][self::P]\/*[1][self::IMG]\" class=\"wp-image-478408 size-medium alignright perfmatters-lazy\" src=\"https:\/\/opiniabuzau.ro\/wp-content\/uploads\/2026\/08\/anna-elise-vizauer-8-107x220.webp\" alt width=\"107\" height=\"220\"><\/p>\n<p><img loading=\"lazy\" decoding=\"async\" data-od-unknown-tag data-od-xpath=\"\/HTML\/BODY\/DIV[@class=&apos;background-overlay&apos;]\/*[1][self::DIV]\/*[1][self::DIV]\/*[4][self::DIV]\/*[1][self::DIV]\/*[1][self::DIV]\/*[2][self::ARTICLE]\/*[3][self::DIV]\/*[6][self::P]\/*[1][self::IMG]\" class=\"wp-image-478408 size-medium alignright\" src=\"https:\/\/opiniabuzau.ro\/wp-content\/uploads\/2026\/08\/anna-elise-vizauer-8-107x220.webp\" alt width=\"107\" height=\"220\">Povestea lui Anneli spune ceva \u0219i despre felul \u00een care s-a dezvoltat BIAF \u00een ultimii ani. Festivalul a devenit \u0219i un spa\u021biu \u00een care tinerii pot participa direct la ceea ce se \u00eent\u00e2mpl\u0103. Prin voluntariat \u0219i, anul acesta, prin Jurnalul BIAF, ei ajung s\u0103 vad\u0103 ce se \u00eent\u00e2mpl\u0103 pe scen\u0103, dar \u0219i munca, oamenii \u0219i pove\u0219tile din spatele evenimentelor. Pentru Anneli, aceast\u0103 experien\u021b\u0103 a deschis \u0219i o perspectiv\u0103 nou\u0103 asupra jurnalismului cultural. Pictura r\u0103m\u00e2ne principala sa pasiune, iar \u00eent\u00e2lnirile cu arti\u0219tii \u0219i munca pentru jurnal au f\u0103cut-o s\u0103 descopere c\u0103 \u00eei place s\u0103 pun\u0103 \u00eentreb\u0103ri, s\u0103 asculte \u0219i s\u0103 transforme aceste conversa\u021bii \u00een materiale care pot ajunge la public.<\/p>\n<div class=\"stream-item stream-item-in-post stream-item-inline-post aligncenter\"><a href=\"https:\/\/vreaulanova.ro\/?utm_source=opiniabuzau&amp;utm_medium=image\" title target=\"_blank\"><img loading=\"lazy\" decoding=\"async\" data-od-unknown-tag data-od-xpath=\"\/HTML\/BODY\/DIV[@class=&apos;background-overlay&apos;]\/*[1][self::DIV]\/*[1][self::DIV]\/*[4][self::DIV]\/*[1][self::DIV]\/*[1][self::DIV]\/*[2][self::ARTICLE]\/*[3][self::DIV]\/*[7][self::DIV]\/*[1][self::A]\/*[1][self::IMG]\" src=\"https:\/\/opiniabuzau.ro\/wp-content\/smush-webp\/2022\/02\/MicrosoftTeams-image-4-1.jpg.webp\" alt width=\"728\" height=\"91\" class=\"perfmatters-lazy\"><img loading=\"lazy\" decoding=\"async\" data-od-unknown-tag data-od-xpath=\"\/HTML\/BODY\/DIV[@class=&apos;background-overlay&apos;]\/*[1][self::DIV]\/*[1][self::DIV]\/*[4][self::DIV]\/*[1][self::DIV]\/*[1][self::DIV]\/*[2][self::ARTICLE]\/*[3][self::DIV]\/*[7][self::DIV]\/*[1][self::A]\/*[1][self::IMG]\" src=\"https:\/\/opiniabuzau.ro\/wp-content\/smush-webp\/2022\/02\/MicrosoftTeams-image-4-1.jpg.webp\" alt width=\"728\" height=\"91\"><\/a><\/div>\n<p>Despre primele sale zile la BIAF, \u00eent\u00e2lnirile cu arti\u0219tii, pasiunea pentru pictur\u0103, impresiile despre Buz\u0103u \u0219i felul \u00een care experien\u021ba de la festival \u00eei poate influen\u021ba parcursul artistic \u0219i profesional, Anneli ne-a povestit \u00een interviul de mai jos.<\/p>\n<p><strong>Reporter: Ce\/cine te-a determinat s\u0103 te implici \u00een proiectul \u201eJurnalul BIAF\u201d \u0219i s\u0103 vii la Buz\u0103u?<\/strong><\/p>\n<p><strong>Anna Elise Vizauer: <\/strong><em>Prietenele mele, Amira \u0219i Sara, au fost cele care m-au motivat s\u0103 m\u0103 \u00eenscriu la Revista BIAF. Cu toate c\u0103 \u00eemi era fric\u0103 s\u0103 \u00eencep o activitate de pres\u0103 \u00eentr-un ora\u0219 necunoscut, Cristi Martin, Irinel Constantinescu-Martin, Laura Pascu, Alina Mirea etc. m-au primit cu bra\u021bele deschise \u0219i mi-au dat curajul s\u0103 am \u00eencredere \u00een mine \u0219i \u00een acest ziar.<\/em><\/p>\n<p><strong>Rep.: Cum ai aflat despre Festivalul Interna\u021bional al Artelor de la Buz\u0103u (BIAF)?<\/strong><\/p>\n<p><strong>A.E.V.:<\/strong><em>Nu auzisem de BIAF \u00eenainte, dar, odat\u0103 ce am ajuns \u00een Buz\u0103u, am fost \u0219ocat\u0103 c\u0103 mi-a putut sc\u0103pa din \u201eradar\u201d at\u00e2t de mult timp. Am venit cu ocazia BIAF, deci \u00eel v\u0103d ca fiind nucleul Buz\u0103ului. Toate persoanele pe care le-am \u00eent\u00e2lnit au, \u00een mai mic\u0103 sau mai mare m\u0103sur\u0103, leg\u0103tur\u0103 cu festivalul. A\u0219adar, pentru mine, Buz\u0103ul nu este un ora\u0219 independent, ci mai mult o prelungire a BIAF.<\/em><\/p>\n<p><strong>Rep.: De c\u00e2t timp faci voluntariat \u0219i \u00een ce alte proiecte ai mai fost implicat\u0103 p\u00e2n\u0103 acum?<\/strong><\/p>\n<p><strong><img loading=\"lazy\" decoding=\"async\" data-od-unknown-tag data-od-xpath=\"\/HTML\/BODY\/DIV[@class=&apos;background-overlay&apos;]\/*[1][self::DIV]\/*[1][self::DIV]\/*[4][self::DIV]\/*[1][self::DIV]\/*[1][self::DIV]\/*[2][self::ARTICLE]\/*[3][self::DIV]\/*[16][self::P]\/*[1][self::STRONG]\/*[1][self::IMG]\" class=\"wp-image-478407 size-medium alignleft perfmatters-lazy\" src=\"https:\/\/opiniabuzau.ro\/wp-content\/uploads\/2026\/08\/anna-elise-vizauer-7-147x220.webp\" alt width=\"147\" height=\"220\"><\/strong><\/p>\n<p><img loading=\"lazy\" decoding=\"async\" data-od-unknown-tag data-od-xpath=\"\/HTML\/BODY\/DIV[@class=&apos;background-overlay&apos;]\/*[1][self::DIV]\/*[1][self::DIV]\/*[4][self::DIV]\/*[1][self::DIV]\/*[1][self::DIV]\/*[2][self::ARTICLE]\/*[3][self::DIV]\/*[16][self::P]\/*[1][self::STRONG]\/*[1][self::IMG]\" class=\"wp-image-478407 size-medium alignleft\" src=\"https:\/\/opiniabuzau.ro\/wp-content\/uploads\/2026\/08\/anna-elise-vizauer-7-147x220.webp\" alt width=\"147\" height=\"220\">A.E.V.: <em>Pentru BIAF, fac voluntariat de la \u00eenceputul edi\u021biei de anul acesta. \u00cen trecut, am mai fost voluntar\u0103 la Pavilionul de Art\u0103 \u201eArt Safari\u201d \u0219i la Asocia\u021bia \u201eAdLittera\u201d, unde am sus\u021binut un workshop \u00een tabere montane pentru copii. \u00cemi place s\u0103 discut despre art\u0103 \u0219i niciodat\u0103 nu m-am a\u0219teptat ca aceast\u0103 curiozitate a copiilor din taberele \u201eAdLittera\u201d s\u0103-mi aduc\u0103 at\u00e2t de mult\u0103 bucurie. Este incredibil s\u0103 \u0219tii c\u0103 po\u021bi s\u0103 le deschizi apetitul pentru cultura vizual\u0103 unor tineri din diverse medii. F\u0103r\u0103 persoane precum Ciprian Burcovschi, Petre \u0219i Monica Udrea-Liu\u021b\u0103 etc., nu a\u0219 fi\u00a0 avut \u0219ansa de a tr\u0103i o experien\u021b\u0103 de acest tip.<\/em><\/p>\n<p><strong>Rep.: Care sunt atribu\u021biile tale \u00een cadrul echipei de redactori a Jurnalului BIAF?<\/strong><\/p>\n<p><strong>A.E.V.:<\/strong><em>Pentru Revista BIAF, am realizat dou\u0103 interviuri cu Emil Ciubotaru \u0219i Marius C\u0103t\u0103lin Negoi\u021b\u0103 la vernisajul expozi\u021biei \u201eForever Young\u201d, un interviu \u0219i o grafic\u0103 pentru Anca Sigart\u0103u, un articol \u0219i o grafic\u0103 pentru George Mih\u0103i\u021b\u0103 \u0219i mai urmeaz\u0103 multe alte proiecte \u00een edi\u021biile viitoare. Pe l\u00e2ng\u0103 acestea \u0219i activitatea de voluntar, am avut ocazia de a lucra la spectacolul-lectur\u0103 regizat de Daniele Salvo dup\u0103 \u201eLady Shakespeare\u201d, scris de Anca Visdei. Acolo, am corectat, al\u0103turi de regizor \u0219i actori, textul original \u0219i m-am ocupat de tehnoredactare. Cu acest prilej, am putut asista la repeti\u021biile spectacolului \u0219i am fost surprins\u0103 de m\u0103iestria regizorului \u0219i de jocul talenta\u021bilor actori Olimpia Melinte \u0219i Vlad Udrescu. A fost o experien\u021b\u0103 de neuitat s\u0103 pot vedea cum ia via\u021b\u0103 un spectacol superb \u0219i cople\u0219itor.<\/em><\/p>\n<p><strong>Rep.: Te-am \u00eent\u00e2lnit la vernisajul expozi\u021biei de pictur\u0103, discut\u00e2nd cu arti\u0219tii \u0219i realiz\u00e2nd interviuri. Cum a fost aceast\u0103 experien\u021b\u0103 pentru tine? Ai mai realizat \u0219i alte interviuri p\u00e2n\u0103 acum?<\/strong><\/p>\n<p><strong><img loading=\"lazy\" decoding=\"async\" data-od-unknown-tag data-od-xpath=\"\/HTML\/BODY\/DIV[@class=&apos;background-overlay&apos;]\/*[1][self::DIV]\/*[1][self::DIV]\/*[4][self::DIV]\/*[1][self::DIV]\/*[1][self::DIV]\/*[2][self::ARTICLE]\/*[3][self::DIV]\/*[20][self::P]\/*[1][self::STRONG]\/*[1][self::IMG]\" class=\"alignright wp-image-478403 size-medium perfmatters-lazy\" src=\"https:\/\/opiniabuzau.ro\/wp-content\/uploads\/2026\/08\/anna-elise-vizauer-3-330x220.webp\" alt width=\"330\" height=\"220\"><\/strong><\/p>\n<p><img loading=\"lazy\" decoding=\"async\" data-od-unknown-tag data-od-xpath=\"\/HTML\/BODY\/DIV[@class=&apos;background-overlay&apos;]\/*[1][self::DIV]\/*[1][self::DIV]\/*[4][self::DIV]\/*[1][self::DIV]\/*[1][self::DIV]\/*[2][self::ARTICLE]\/*[3][self::DIV]\/*[20][self::P]\/*[1][self::STRONG]\/*[1][self::IMG]\" class=\"alignright wp-image-478403 size-medium\" src=\"https:\/\/opiniabuzau.ro\/wp-content\/uploads\/2026\/08\/anna-elise-vizauer-3-330x220.webp\" alt width=\"330\" height=\"220\">A.E.V.: <em>Interviurile mele cu Emil Ciubotaru \u0219i Marius C\u0103t\u0103lin Negoi\u021b\u0103 au fost primele pe care le-am realizat vreodat\u0103 \u00een format audio. Ambii sunt ni\u0219te vorbitori excelen\u021bi, care au reu\u0219it s\u0103-\u0219i manifeste personalitatea, at\u00e2t de bine definit\u0103, prin r\u0103spunsurile lor. Nu m-am a\u0219teptat ca cei doi s\u0103 se completeze at\u00e2t de clar prin ideile lor contrastante. Sunt foarte recunosc\u0103toare c\u0103 au fost at\u00e2t de binevoitori \u0219i mi-au \u00eemp\u0103rt\u0103\u0219it viziunea lor asupra lumii artelor.<\/em><\/p>\n<p><strong>Ce te atrage cel mai mult la activitatea jurnalistic\u0103 \u0219i la interac\u021biunea cu arti\u0219tii?<\/strong><\/p>\n<p><strong>A.E.V.:<\/strong><em>Cred c\u0103 cel mai mult m\u0103 atrage s\u0103 \u00een\u021beleg persoana din spatele lucr\u0103rilor. F\u0103r\u0103 context, simt c\u0103 o oper\u0103 \u00ee\u0219i poate pierde din calitate. Fie c\u0103 e vorba despre joc actoricesc, pictur\u0103 sau literatur\u0103, este esen\u021bial s\u0103 \u00een\u021belegi procesul de g\u00e2ndire al omului din spatele acestora. Interviul este, pentru mine, un documentar despre persoana intervievat\u0103. Deschide o fereastr\u0103 spre via\u021ba sa \u0219i \u00ee\u021bi arat\u0103 modul \u00een care percepe arta \u0219i via\u021ba cotidian\u0103.<\/em><\/p>\n<p><strong>Rep.: Ce dore\u0219ti s\u0103 devii din punct de vedere profesional dup\u0103 finalizarea studiilor (dac\u0103 ai stabilit obiective \u00een acest sens)?<\/strong><\/p>\n<p><strong><img loading=\"lazy\" decoding=\"async\" data-od-unknown-tag data-od-xpath=\"\/HTML\/BODY\/DIV[@class=&apos;background-overlay&apos;]\/*[1][self::DIV]\/*[1][self::DIV]\/*[4][self::DIV]\/*[1][self::DIV]\/*[1][self::DIV]\/*[2][self::ARTICLE]\/*[3][self::DIV]\/*[24][self::P]\/*[1][self::STRONG]\/*[1][self::IMG]\" class=\"alignleft wp-image-478406 size-medium perfmatters-lazy\" src=\"https:\/\/opiniabuzau.ro\/wp-content\/uploads\/2026\/08\/anna-elise-vizauer-6-147x220.webp\" alt width=\"147\" height=\"220\"><\/strong><\/p>\n<p><img loading=\"lazy\" decoding=\"async\" data-od-unknown-tag data-od-xpath=\"\/HTML\/BODY\/DIV[@class=&apos;background-overlay&apos;]\/*[1][self::DIV]\/*[1][self::DIV]\/*[4][self::DIV]\/*[1][self::DIV]\/*[1][self::DIV]\/*[2][self::ARTICLE]\/*[3][self::DIV]\/*[24][self::P]\/*[1][self::STRONG]\/*[1][self::IMG]\" class=\"alignleft wp-image-478406 size-medium\" src=\"https:\/\/opiniabuzau.ro\/wp-content\/uploads\/2026\/08\/anna-elise-vizauer-6-147x220.webp\" alt width=\"147\" height=\"220\">A.E.V.: <em>Pictura este pasiunea mea primordial\u0103, orice altceva este secundar. \u00cemi plac literatura, teatrul, filmul, ilustra\u021bia, pedagogia, iar BIAF m-a f\u0103cut s\u0103 realizez c\u0103 \u00eemi place \u0219i presa. Sunt sigur\u0103 c\u0103 o s\u0103 m\u0103 \u00eendr\u0103gostesc \u0219i de alte profesii \u0219i o s\u0103 \u00eencerc s\u0103 explorez c\u00e2t mai multe domenii pot. At\u00e2ta timp c\u00e2t lucrez pentru art\u0103, sunt fericit\u0103.<\/em><\/p>\n<p><strong>Rep.: \u00cen ce m\u0103sur\u0103 consideri c\u0103 experien\u021ba de voluntar la BIAF te ajut\u0103 \u00een dezvoltarea viitoarei tale cariere?<\/strong><\/p>\n<p><strong>A.E.V.:<\/strong><em>Pe l\u00e2ng\u0103 faptul c\u0103 \u00eemi ofer\u0103 un exerci\u021biu de scris, grafic\u0103 \u0219i respectarea termenelor-limit\u0103, m\u0103 ajut\u0103 \u0219i prin modul \u00een care m\u0103 conecteaz\u0103 cu persoane care fac parte din lumea artelor. Simt c\u0103 \u00eenv\u0103\u021b ceva nou \u00een fiecare zi datorit\u0103 tuturor oamenilor cu care am prilejul de a lucra. Consider c\u0103 m\u0103 va ajuta nu numai \u00een dezvoltarea viitoarei mele cariere, ci \u0219i \u00een dezvoltarea mea personal\u0103.<\/em><\/p>\n<p><strong>Rep.: Care au fost primele tale impresii despre Buz\u0103u?<\/strong><\/p>\n<p><strong>A.E.V.:<\/strong><em>Am ajuns \u00een Buz\u0103u cu o mentalitate de turist, \u0219tiam c\u0103 nu o s\u0103 r\u0103m\u00e2n mult. A\u0219adar, mi-am permis s\u0103 \u00eel v\u0103d ca pe o lume aproape ludic\u0103, idealizat\u0103 \u0219i plin\u0103 de art\u0103. \u00cemi men\u021bin curiozitatea naiv\u0103 pe care o am fa\u021b\u0103 de acest ora\u0219 \u0219i m\u0103 bucur s\u0103 descop\u0103r noi buc\u0103\u021bi din el \u00een fiecare zi.<\/em><\/p>\n<p><strong>Rep.: Ai descoperit ceva care te-a surprins sau te-a impresionat \u00een mod deosebit \u00een ora\u0219 sau \u00een \u00eemprejurimile ora\u0219ului?<\/strong><\/p>\n<p><strong><img loading=\"lazy\" decoding=\"async\" data-od-unknown-tag data-od-xpath=\"\/HTML\/BODY\/DIV[@class=&apos;background-overlay&apos;]\/*[1][self::DIV]\/*[1][self::DIV]\/*[4][self::DIV]\/*[1][self::DIV]\/*[1][self::DIV]\/*[2][self::ARTICLE]\/*[3][self::DIV]\/*[30][self::P]\/*[1][self::STRONG]\/*[1][self::IMG]\" class=\"alignright wp-image-478402 size-medium perfmatters-lazy\" src=\"https:\/\/opiniabuzau.ro\/wp-content\/uploads\/2026\/08\/anna-elise-vizauer-2-330x220.webp\" alt width=\"330\" height=\"220\"><\/strong><\/p>\n<p><img loading=\"lazy\" decoding=\"async\" data-od-unknown-tag data-od-xpath=\"\/HTML\/BODY\/DIV[@class=&apos;background-overlay&apos;]\/*[1][self::DIV]\/*[1][self::DIV]\/*[4][self::DIV]\/*[1][self::DIV]\/*[1][self::DIV]\/*[2][self::ARTICLE]\/*[3][self::DIV]\/*[30][self::P]\/*[1][self::STRONG]\/*[1][self::IMG]\" class=\"alignright wp-image-478402 size-medium\" src=\"https:\/\/opiniabuzau.ro\/wp-content\/uploads\/2026\/08\/anna-elise-vizauer-2-330x220.webp\" alt width=\"330\" height=\"220\">A.E.V.: <em>M-am \u00eendr\u0103gostit de Buz\u0103u \u0219i de to\u021bi locuitorii lui. Din punct de vedere estetic, este superb datorit\u0103 cl\u0103dirilor sale vechi \u0219i plantelor pe care le z\u0103re\u0219ti \u00een fiecare peisaj stradal. Ceea ce m-a surprins cel mai mult au fost oamenii. Toate persoanele cu care am vorbit, fie la voluntariat, fie \u00een afara acestuia, au fost foarte \u00een\u021beleg\u0103toare cu mine \u0219i m-au ajutat s\u0103 m\u0103 integrez \u00een acest ora\u0219 nou pentru mine.<\/em><\/p>\n<p><strong>Rep. Ce \u00ee\u021bi place cel mai mult la edi\u021bia din acest an a festivalului BIAF?<\/strong><\/p>\n<p><strong>A.E.V.:<\/strong> Cred c\u0103 ceea ce \u00eemi place cel mai mult la aceast\u0103 edi\u021bie se aplic\u0103 tuturor edi\u021biilor, mai exact: festivalul ofer\u0103 o experien\u021b\u0103 cultural\u0103 complet\u0103. BIAF reune\u0219te mai multe sfere artistice, astfel c\u0103 m-am \u00eent\u00e2lnit aproape zilnic cu arti\u0219ti din domenii diferite. Este fascinant s\u0103 po\u021bi s\u0103 vorbe\u0219ti cu oameni at\u00e2t de diver\u0219i \u00eentr-un timp at\u00e2t de scurt.<\/p>\n<p><strong>Rep: C\u00e2t timp vei r\u0103m\u00e2ne la Buz\u0103u? Vei participa la \u00eentreaga perioad\u0103 a festivalului?<\/strong><\/p>\n<p><strong>A.E.V<em>.:<\/em><\/strong><em> Am s\u0103 r\u0103m\u00e2n p\u00e2n\u0103 la finalul lunii, dar am s\u0103 m\u0103 \u00eentorc pentru a mai asista la c\u00e2teva evenimente ale festivalului care m\u0103 intereseaz\u0103. Programul acestei edi\u021bii este foarte bogat \u0219i nu \u00eemi pot permite s\u0103 ratez prea mult.<\/em><\/p>\n<p><strong><img loading=\"lazy\" decoding=\"async\" data-od-unknown-tag data-od-xpath=\"\/HTML\/BODY\/DIV[@class=&apos;background-overlay&apos;]\/*[1][self::DIV]\/*[1][self::DIV]\/*[4][self::DIV]\/*[1][self::DIV]\/*[1][self::DIV]\/*[2][self::ARTICLE]\/*[3][self::DIV]\/*[35][self::P]\/*[1][self::STRONG]\/*[1][self::IMG]\" class=\"wp-image-478404 size-medium alignleft perfmatters-lazy\" src=\"https:\/\/opiniabuzau.ro\/wp-content\/uploads\/2026\/08\/anna-elise-vizauer-4-330x220.webp\" alt width=\"330\" height=\"220\"><\/strong><\/p>\n<p><img loading=\"lazy\" decoding=\"async\" data-od-unknown-tag data-od-xpath=\"\/HTML\/BODY\/DIV[@class=&apos;background-overlay&apos;]\/*[1][self::DIV]\/*[1][self::DIV]\/*[4][self::DIV]\/*[1][self::DIV]\/*[1][self::DIV]\/*[2][self::ARTICLE]\/*[3][self::DIV]\/*[35][self::P]\/*[1][self::STRONG]\/*[1][self::IMG]\" class=\"wp-image-478404 size-medium alignleft\" src=\"https:\/\/opiniabuzau.ro\/wp-content\/uploads\/2026\/08\/anna-elise-vizauer-4-330x220.webp\" alt width=\"330\" height=\"220\">Rep.: Ce vei spune prietenilor la \u00eentoarcerea acas\u0103 \u00een leg\u0103tur\u0103 cu festivalul, mai ales celor care \u0219i-ar dori s\u0103 fac\u0103 voluntariat \u00eentr-un festival cultural a\u0219a cum este cel de la Buz\u0103u?<\/p>\n<p><strong>A.E.V.:<\/strong><em>BIAF mi-a oferit foarte multe oportunit\u0103\u021bi de care nu cred c\u0103 a\u0219 fi putut profita la alt festival. Este o experien\u021b\u0103 unic\u0103 pe care o recomand \u0219i care m-a ajutat s\u0103-mi descop\u0103r o nou\u0103 latur\u0103.<\/em><\/p>\n<p><strong>Rep.: Cu ce amintiri crezi c\u0103 vei pleca de la Buz\u0103u dup\u0103 \u00eencheierea BIAF?<\/strong><\/p>\n<p><strong>A.E.V.:<\/strong><em>Este fascinant s\u0103 vezi cum \u00eenflore\u0219te un proiect. Am v\u0103zut oamenii cum citesc pe strad\u0103 Revista BIAF, am ascultat \u0219i reascultat interviurile pe care le-am luat, am ob\u021binut contactele unor persoane la care nici nu \u00eemi puteam imagina c\u0103 a\u0219 fi putut ajunge vreodat\u0103, i-am v\u0103zut pe actori pe scen\u0103 citind textul asupra c\u0103ruia am z\u0103bovit at\u00e2t de mult\u2026 Pe scurt, cea mai mare bucurie a mea a fost s\u0103 v\u0103d roadele dragostei mele pentru acest festival \u0219i pentru art\u0103 \u00een general.<\/em><\/p>\n<p><em>\u00a0<\/em><\/p>\n<\/div>\n<p>[analyse_source url=&#8221;https:\/\/opiniabuzau.ro\/foto-o-tanara-din-capitala-a-venit-la-biaf-ca-voluntar\/&#8221;]<\/p>\n","protected":false},"excerpt":{"rendered":"<p>[analyse_image type=&#8221;featured&#8221; src=&#8221;https:\/\/opiniabuzau.ro\/wp-content\/uploads\/2026\/08\/anna-elise-vizauer-5-scaled.webp&#8221;] La Buz\u0103u nu mai este deloc neobi\u0219nuit ca, \u00een timpul verii, adolescen\u021bii s\u0103 se al\u0103ture BIAF ca voluntari. Mai pu\u021bin obi\u0219nuit este, \u00eens\u0103, s\u0103-i vezi alerg\u00e2nd dup\u0103 arti\u0219ti, pun\u00e2ndu-le \u00eentreb\u0103ri \u0219i \u00eencerc\u00e2nd s\u0103 scoat\u0103 din \u00eent\u00e2lnirile cu ei pove\u0219ti care merit\u0103 spuse mai departe. Se \u00eent\u00e2mpl\u0103 anul acesta, \u00eentruc\u00e2t\u00a0 organizatorii BIAF au [&hellip;]<\/p>\n","protected":false},"author":1,"featured_media":0,"comment_status":"open","ping_status":"","sticky":false,"template":"","format":"standard","meta":{"footnotes":""},"categories":[2],"tags":[226,44],"class_list":["post-2113400","post","type-post","status-publish","format-standard","hentry","category-politics","tag-crawlmanager","tag-opiniabuzau-ro"],"_links":{"self":[{"href":"https:\/\/analyse.optim.biz\/index.php?rest_route=\/wp\/v2\/posts\/2113400","targetHints":{"allow":["GET"]}}],"collection":[{"href":"https:\/\/analyse.optim.biz\/index.php?rest_route=\/wp\/v2\/posts"}],"about":[{"href":"https:\/\/analyse.optim.biz\/index.php?rest_route=\/wp\/v2\/types\/post"}],"author":[{"embeddable":true,"href":"https:\/\/analyse.optim.biz\/index.php?rest_route=\/wp\/v2\/users\/1"}],"replies":[{"embeddable":true,"href":"https:\/\/analyse.optim.biz\/index.php?rest_route=%2Fwp%2Fv2%2Fcomments&post=2113400"}],"version-history":[{"count":0,"href":"https:\/\/analyse.optim.biz\/index.php?rest_route=\/wp\/v2\/posts\/2113400\/revisions"}],"wp:attachment":[{"href":"https:\/\/analyse.optim.biz\/index.php?rest_route=%2Fwp%2Fv2%2Fmedia&parent=2113400"}],"wp:term":[{"taxonomy":"category","embeddable":true,"href":"https:\/\/analyse.optim.biz\/index.php?rest_route=%2Fwp%2Fv2%2Fcategories&post=2113400"},{"taxonomy":"post_tag","embeddable":true,"href":"https:\/\/analyse.optim.biz\/index.php?rest_route=%2Fwp%2Fv2%2Ftags&post=2113400"}],"curies":[{"name":"wp","href":"https:\/\/api.w.org\/{rel}","templated":true}]}}