{"id":211324,"date":"2014-02-25T13:52:26","date_gmt":"2014-02-25T10:52:26","guid":{"rendered":"https:\/\/analyse.optim.biz\/?p=211324"},"modified":"2014-02-25T13:52:26","modified_gmt":"2014-02-25T10:52:26","slug":"senat-pnl-si-psd-au-votat-diferit-o-serie-de-proiecte-avizate-la-comisii-nu-au-putut-fi-aprobate","status":"publish","type":"post","link":"https:\/\/analyse.optim.biz\/?p=211324","title":{"rendered":"SENAT. PNL \u015fi PSD au votat diferit. O serie de proiecte avizate la comisii nu au putut fi aprobate"},"content":{"rendered":"<div class=\"entry data-app-meta data-app-meta-article\" data-embed-base-url-canonical=\"https:\/\/www.digi24.ro\/embed\/stiri\/actualitate\/politica\/senat-pnl-si-psd-au-votat-diferit-o-serie-de-proiecte-avizate-la-comisii-nu-au-putut-fi-aprobate-205715\">\n<p data-index=\"1\"><img decoding=\"async\" src=\"https:\/\/analyse.optim.biz\/wp-content\/uploads\/2024\/09\/zyz3ptgwmczoyxnopwiwyzkwnjrjnjg5m2yznwizngjlmzgzotcxymvhowjk-thumb_.jpg\" data-skip-htmlfix=\"1\" title=\"zyz3ptgwmczoyxnopwiwyzkwnjrjnjg5m2yznwizngjlmzgzotcxymvhowjk-thumb_\"><\/p>\n<p data-index=\"2\">Senatorii PSD \u015fi PNL au avut un vot diferit \u00een plenul Senatului, la momentul votului final pe proiectele de lege \u015fi ini\u0163iativele legislative.<\/p>\n<p data-index=\"3\"><span lang=\"en-US\">Astfel, <strong>proiectul care modifica legea finan\u0163\u0103rii partidelor politice<\/strong> \u015fi ar fi permis efectuarea de \u00eemprumuturi de c\u0103tre forma\u0163iunile politice a fost respins, dup\u0103 ce a \u00eentrunit doar 74 de voturi <\/span><span>\u201e<\/span><span lang=\"en-US\">pentru<\/span><span>\u201d<\/span><span lang=\"en-US\">, iar 58 de senatori au fost \u00eempotriv\u0103 \u015fi doi s-au ab\u0163inut. Acest proiect de lege, cu caracter organic, ar fi trebuit s\u0103 ob\u0163in\u0103 minimum 86 de voturi <\/span><span>\u201e<\/span><span lang=\"en-US\">pentru<\/span><span>\u201d.<\/span><span lang=\"en-US\"> Aceast\u0103 ini\u0163iativ\u0103 legislativ\u0103 fusese semnat\u0103 de liderii grupurilor parlamentare PSD \u015fi PNL.<\/span><\/p>\n<p data-index=\"4\"><span lang=\"en-US\">Un alt proiect de lege, cu caracter organic, pentru modificarea legii administra\u0163iei publice locale \u015fi care <strong>reglementa participarea pre\u015fedin\u0163ilor de consilii jude\u0163ene \u00een asocia\u0163ii de dezvoltare intracomunitar\u0103<\/strong>, a fost respins. Proiectul beneficia de raport favorabil cu amendamente din partea Comisiei de administra\u0163ie public\u0103 din Senat.<\/span><\/p>\n<p data-index=\"5\"><span lang=\"en-US\">Totodat\u0103, <strong>ordonan\u0163a de urgen\u0163\u0103 114\/2013 privind modificarea titularilor dreptului de administrare a unor imobile aflate \u00een domeniul public \u015fi privat al statului<\/strong> nu a putut fi adoptat\u0103, din cauza voturilor insuficiente. Proiectul de adoptare a ordonan\u0163ei de urgen\u0163\u0103 primise raport favorabil din partea Comisiei de ap\u0103rare.<\/span><\/p>\n<p data-index=\"6\"><span lang=\"en-US\">\u00cen plus, <strong>proiectul de lege ini\u0163iat de Guvern privind procedurile de prevenire a insolven\u0163ei \u015fi de insolven\u0163\u0103<\/strong> a fost respins \u00een plenul Senatului, \u00eentruc\u00e2t a ob\u0163inut doar 71de voturi <\/span><span>\u201e<\/span><span lang=\"en-US\">pentru<\/span><span>\u201d<\/span><span lang=\"en-US\">, 63 <\/span><span>\u201e<\/span><span lang=\"en-US\">\u00eempotriv\u0103<\/span><span>\u201d<\/span><span lang=\"en-US\"> \u015fi <\/span><span>trei<\/span><span lang=\"en-US\"> ab\u0163ineri.<\/span><\/p>\n<p data-index=\"7\"><span lang=\"en-US\">Singurul proiect de lege adoptat de senatori a fost cel care modific\u0103 statutul cadrelor militare \u015fi d\u0103 posibilitatea militarilor declara\u0163i inap\u0163i s\u0103 se re\u00eencadreze la nivelul structurilor militare ori pe func\u0163ii civile.\u00a0<\/span><\/p>\n<h5><span>George Scutaru: De s\u0103pt\u0103m\u00e2na viitoare ve\u021bi vedea c\u0103 PNL va face cu adev\u0103rat opozi\u021bie<\/span><\/h5>\n<p data-index=\"8\">Liderul deputa\u0163ilor liberali a anun\u0163at \u00een plen c\u0103, de s\u0103pt\u0103m\u00e2na viitoare, PNL va face cu adev\u0103rat opozi\u0163ie. George Scutaru a avut \u015fi un schimb de replici cu pre\u015fedintele Camerei Deputa\u0163ilor Valeriu Zgonea, care a decis chiar s\u0103 \u00eentrerup\u0103 microfonul de la care vorbea colegul s\u0103u de alian\u0163\u0103.<\/p>\n<p data-index=\"9\">\u201eDomnule pre\u0219edinte, de s\u0103pt\u0103m\u00e2na viitoare ve\u021bi vedea c\u0103 PNL va face cu adev\u0103rat opozi\u021bie\u201d, a spus George Scutaru de la tribuna Parlamentului.<\/p>\n<p data-index=\"10\">\u201e<span>Stima\u021bi colegi, mai ales din PSD, probabil c\u0103 acest vot final este ultimul \u00een care PNL \u0219i PSD se afl\u0103 de aceea\u0219i parte a baricadei (&#8230;) Regret\u0103m faptul c\u0103 a\u021bi refuzat nominalizarea unui om ca Klaus Iohannis\u201d, a spus George Scutaru.<\/span><\/p>\n<p data-index=\"11\">Dup\u0103 aceast\u0103 declara\u021bie, Valeriu Zgonea a \u00eentrerupt pentru scurt timp microfonul colegului s\u0103u.<\/p>\n<p data-index=\"12\">Anun\u0163ul liderului deputa\u0163ilor PNL a fost pus de Valeriu Zgonea pe seama nervozit\u0103\u0163ii colegului din alian\u0163\u0103.<\/p>\n<p data-index=\"13\">\u201e<span>Eu cred c\u0103 este o chestiune emo\u021bional\u0103, la nervi. \u0218i pe mine anun\u021bul lui George Scutaru m-a surpins un pic, sper ca p\u00e2n\u0103 m\u00e2ine s\u0103 \u00ee\u0219i revin\u0103\u201d, a spus Valeriu Zgonea.<\/span><\/p>\n<p data-index=\"14\">Valeriu Zgonea \u00eens\u0103 nu a ascuns c\u0103 PSD face deja calcule pentru a avea o majoritate sigur\u0103 \u00een cazul \u00een care PNL se \u0163ine de cuv\u00e2nt \u015fi trece \u00een opozi\u0163ie.<\/p>\n<p data-index=\"15\">\u201eSe negociaz\u0103 fiecare grup parlamentar p\u00e2n\u0103 str\u00e2ngem o majoritate care s\u0103 fie de 204 voturi. Nu e o problem\u0103 din punctul nostru de vedere, noi avem 171 de voturi f\u0103r\u0103 minorit\u0103\u021bi \u0219i f\u0103r\u0103 Partidul Conservator\u201d, a spus el.<\/p>\n<p data-index=\"16\">La Senat, deja parlamentarii din PNL au votat \u00eemportiva proiectelor sprijinite de Guvern \u015fi PSD. Patru proiecte de lege au fost respinse la Senat.<\/p>\n<p data-index=\"17\"><span lang=\"en-US\"><br \/><\/span><\/p>\n<\/div>\n<p> Source URL: https:\/\/www.digi24.ro\/stiri\/actualitate\/politica\/senat-pnl-si-psd-au-votat-diferit-o-serie-de-proiecte-avizate-la-comisii-nu-au-putut-fi-aprobate-205715<\/p>\n","protected":false},"excerpt":{"rendered":"<p>Senatorii PSD \u015fi PNL au avut un vot diferit \u00een plenul Senatului, la momentul votului final pe proiectele de lege \u015fi ini\u0163iativele legislative. Astfel, proiectul care modifica legea finan\u0163\u0103rii partidelor politice \u015fi ar fi permis efectuarea de \u00eemprumuturi de c\u0103tre forma\u0163iunile politice a fost respins, dup\u0103 ce a \u00eentrunit doar 74 de voturi \u201epentru\u201d, iar [&hellip;]<\/p>\n","protected":false},"author":1,"featured_media":211325,"comment_status":"open","ping_status":"","sticky":false,"template":"","format":"standard","meta":{"footnotes":""},"categories":[2],"tags":[11],"class_list":["post-211324","post","type-post","status-publish","format-standard","has-post-thumbnail","hentry","category-politics","tag-digi24"],"_links":{"self":[{"href":"https:\/\/analyse.optim.biz\/index.php?rest_route=\/wp\/v2\/posts\/211324","targetHints":{"allow":["GET"]}}],"collection":[{"href":"https:\/\/analyse.optim.biz\/index.php?rest_route=\/wp\/v2\/posts"}],"about":[{"href":"https:\/\/analyse.optim.biz\/index.php?rest_route=\/wp\/v2\/types\/post"}],"author":[{"embeddable":true,"href":"https:\/\/analyse.optim.biz\/index.php?rest_route=\/wp\/v2\/users\/1"}],"replies":[{"embeddable":true,"href":"https:\/\/analyse.optim.biz\/index.php?rest_route=%2Fwp%2Fv2%2Fcomments&post=211324"}],"version-history":[{"count":0,"href":"https:\/\/analyse.optim.biz\/index.php?rest_route=\/wp\/v2\/posts\/211324\/revisions"}],"wp:featuredmedia":[{"embeddable":true,"href":"https:\/\/analyse.optim.biz\/index.php?rest_route=\/wp\/v2\/media\/211325"}],"wp:attachment":[{"href":"https:\/\/analyse.optim.biz\/index.php?rest_route=%2Fwp%2Fv2%2Fmedia&parent=211324"}],"wp:term":[{"taxonomy":"category","embeddable":true,"href":"https:\/\/analyse.optim.biz\/index.php?rest_route=%2Fwp%2Fv2%2Fcategories&post=211324"},{"taxonomy":"post_tag","embeddable":true,"href":"https:\/\/analyse.optim.biz\/index.php?rest_route=%2Fwp%2Fv2%2Ftags&post=211324"}],"curies":[{"name":"wp","href":"https:\/\/api.w.org\/{rel}","templated":true}]}}