{"id":2113183,"date":"2026-08-25T21:00:00","date_gmt":"2026-08-25T18:00:00","guid":{"rendered":"https:\/\/analyse.optim.biz\/?p=2113183"},"modified":"2026-08-25T21:00:00","modified_gmt":"2026-08-25T18:00:00","slug":"patru-persoane-ranite-in-urma-unui-accident-rutier-in-jaristea","status":"publish","type":"post","link":"https:\/\/analyse.optim.biz\/?p=2113183","title":{"rendered":"Patru persoane r\u0103nite, \u00een urma unui accident rutier \u00een Jari\u0219tea"},"content":{"rendered":"<p>[analyse_image type=&#8221;featured&#8221; src=&#8221;https:\/\/www.monitoruldevrancea.ro\/wp-content\/uploads\/2026\/08\/FB_IMG_1787764709831-1-scaled.jpg&#8221;]<\/p>\n<div class=\"td_block_wrap tdb_single_content tdi_123 td-pb-border-top td_block_template_1 td-post-content tagdiv-type\" data-td-block-uid=\"tdi_123\">\n<div class=\"tdb-block-inner td-fix-index\">\n<p>Comunicat de pres\u0103, IPJ Vrancea:<\/p>\n<p>*EVENIMENT RUTIER PE DJ 205B, \u00ceN COMUNA JARI\u0218TEA*<\/p>\n<p>La data de 26 august a.c., \u00een jurul orei 18:50, poli\u021bi\u0219tii Inspectoratului de Poli\u021bie Jude\u021bean Vrancea au fost sesiza\u021bi cu privire la producerea unui accident rutier pe DJ 205B, \u00een comuna Jari\u0219tea.<\/p>\n<p>Din primele verific\u0103ri efectuate la fa\u021ba locului, s-a stabilit faptul c\u0103 un b\u0103rbat, \u00een v\u00e2rst\u0103 de 55 de ani, din comuna Jari\u0219tea, \u00een timp ce conducea un autoturism pe DJ 205B, ar fi intrat \u00een coliziune cu un alt autoturism, condus de un b\u0103rbat, \u00een v\u00e2rst\u0103 de 72 de ani, din municipiul Foc\u0219ani.<\/p>\n<p>\u00cen urma evenimentului rutier, cei doi conduc\u0103tori auto, precum \u0219i dou\u0103 pasagere, \u00een v\u00e2rst\u0103 de 39, respectiv 70 de ani, au necesitat \u00eengrijiri medicale.<\/p>\n<p>Conduc\u0103torii auto au fost testa\u021bi cu aparatul etilotest, rezultatele fiind negative. Poli\u021bi\u0219tii continu\u0103 cercet\u0103rile \u00een vederea stabilirii cu exactitate a tuturor \u00eemprejur\u0103rilor \u00een care s-a produs evenimentul rutier.<\/p>\n<p><strong>Comunicat de pres\u0103, SAJ Vrancea:<\/strong><\/p>\n<p>*Patru persoane r\u0103nite \u00eentr-un accident rutier \u00een Jari\u0219tea, transportate la spital.*    <\/p>\n<p>Ast\u0103zi, 26 august 2026, la ora 18:50, dispeceratul Serviciului de Ambuulan\u021b\u0103 Jude\u021bean Vrancea a fost alertat cu privire la producerea unui accident rutier \u00een localitatea Jari\u0219tea, \u00een care au fost implicate dou\u0103 autoturisme.    Imediat dup\u0103 primirea apelului, la fa\u021ba locului au fost direc\u021bionate de urgen\u021b\u0103 dou\u0103 ambulan\u021be:  \u2013 o ambulan\u021b\u0103 cu asistent de la Substa\u021biei Odobe\u0219ti,  \u2013 o ambulan\u021b\u0103 cu asistent medical de la Sta\u021bia Central\u0103 Foc\u0219ani.   <\/p>\n<p>La locul evenimentului, echipajele medicale au identificat 4 victime care prezentau urm\u0103toarele leziuni:   \u2013 b\u0103rbat, 54 de ani, cu traumatism de coloan\u0103 cervical\u0103 \u0219i traumatism de \u0219old;   \u2013 femeie, 39 de ani: traumatism cranio-cerebral \u0219i traumatism cervical;   \u2013 b\u0103rbat, 73 de ani: traumatism toracic;    \u2013 femeie, 71 de ani: traumatism toracic.    <\/p>\n<p>Dup\u0103 acordarea primului ajutor la fa\u021ba locului, toate cele patru persoane, constiente \u0219i cooperante au fost transportate la Unitatea de Primiri Urgen\u021be  Foc\u0219ani, pentru investiga\u021bii suplimentare \u0219i tratament de specialitate.<\/p>\n<p>Sursa foto: Facebook\/ Informa\u021bii din trafic Vrancea<\/p>\n<figure class=\"wp-block-image size-large\"><img loading=\"lazy\" decoding=\"async\" width=\"579\" height=\"1024\" src=\"https:\/\/www.monitoruldevrancea.ro\/wp-content\/uploads\/2026\/08\/57025-579x1024.jpg\" alt class=\"wp-image-728539\"><\/figure>\n<\/div>\n<\/div>\n<p>[analyse_source url=&#8221;https:\/\/www.monitoruldevrancea.ro\/2026\/08\/26\/patru-persoane-ranite-in-urma-unui-accident-rutier-in-jaristea\/&#8221;]<\/p>\n","protected":false},"excerpt":{"rendered":"<p>[analyse_image type=&#8221;featured&#8221; src=&#8221;https:\/\/www.monitoruldevrancea.ro\/wp-content\/uploads\/2026\/08\/FB_IMG_1787764709831-1-scaled.jpg&#8221;] Comunicat de pres\u0103, IPJ Vrancea: *EVENIMENT RUTIER PE DJ 205B, \u00ceN COMUNA JARI\u0218TEA* La data de 26 august a.c., \u00een jurul orei 18:50, poli\u021bi\u0219tii Inspectoratului de Poli\u021bie Jude\u021bean Vrancea au fost sesiza\u021bi cu privire la producerea unui accident rutier pe DJ 205B, \u00een comuna Jari\u0219tea. Din primele verific\u0103ri efectuate la fa\u021ba locului, [&hellip;]<\/p>\n","protected":false},"author":1,"featured_media":0,"comment_status":"open","ping_status":"","sticky":false,"template":"","format":"standard","meta":{"footnotes":""},"categories":[89],"tags":[226,209],"class_list":["post-2113183","post","type-post","status-publish","format-standard","hentry","category-romania","tag-crawlmanager","tag-monitoruldevrancea-ro"],"_links":{"self":[{"href":"https:\/\/analyse.optim.biz\/index.php?rest_route=\/wp\/v2\/posts\/2113183","targetHints":{"allow":["GET"]}}],"collection":[{"href":"https:\/\/analyse.optim.biz\/index.php?rest_route=\/wp\/v2\/posts"}],"about":[{"href":"https:\/\/analyse.optim.biz\/index.php?rest_route=\/wp\/v2\/types\/post"}],"author":[{"embeddable":true,"href":"https:\/\/analyse.optim.biz\/index.php?rest_route=\/wp\/v2\/users\/1"}],"replies":[{"embeddable":true,"href":"https:\/\/analyse.optim.biz\/index.php?rest_route=%2Fwp%2Fv2%2Fcomments&post=2113183"}],"version-history":[{"count":0,"href":"https:\/\/analyse.optim.biz\/index.php?rest_route=\/wp\/v2\/posts\/2113183\/revisions"}],"wp:attachment":[{"href":"https:\/\/analyse.optim.biz\/index.php?rest_route=%2Fwp%2Fv2%2Fmedia&parent=2113183"}],"wp:term":[{"taxonomy":"category","embeddable":true,"href":"https:\/\/analyse.optim.biz\/index.php?rest_route=%2Fwp%2Fv2%2Fcategories&post=2113183"},{"taxonomy":"post_tag","embeddable":true,"href":"https:\/\/analyse.optim.biz\/index.php?rest_route=%2Fwp%2Fv2%2Ftags&post=2113183"}],"curies":[{"name":"wp","href":"https:\/\/api.w.org\/{rel}","templated":true}]}}