{"id":2113181,"date":"2026-08-25T21:00:00","date_gmt":"2026-08-25T18:00:00","guid":{"rendered":"https:\/\/analyse.optim.biz\/?p=2113181"},"modified":"2026-08-25T21:00:00","modified_gmt":"2026-08-25T18:00:00","slug":"bataie-intre-mai-multe-persoane-in-focsani-un-barbat-arestat-pentru-tentativa-la-omor","status":"publish","type":"post","link":"https:\/\/analyse.optim.biz\/?p=2113181","title":{"rendered":"B\u0103taie \u00eentre mai multe persoane, \u00een Foc\u0219ani; un b\u0103rbat arestat pentru tentativ\u0103 la omor"},"content":{"rendered":"<p>[analyse_image type=&#8221;featured&#8221; src=&#8221;https:\/\/www.monitoruldevrancea.ro\/wp-content\/uploads\/2026\/08\/IMG-20260518-WA0016.jpg&#8221;]<\/p>\n<div class=\"td_block_wrap tdb_single_content tdi_123 td-pb-border-top td_block_template_1 td-post-content tagdiv-type\" data-td-block-uid=\"tdi_123\">\n<div class=\"tdb-block-inner td-fix-index\">\n<p>Comunicat de pres\u0103, IPJ Vrancea:<\/p>\n<p>*B\u0102RBAT ARESTAT PREVENTIV PENTRU TENTATIV\u0102 LA OMOR*<\/p>\n<p>La data de 20 august a.c., \u00een jurul orei 20:40, poli\u021bi\u0219tii din cadrul Poli\u021biei Municipiului Foc\u0219ani au fost sesiza\u021bi cu privire la faptul c\u0103, \u00een municipiul Foc\u0219ani, doi b\u0103rba\u021bi ar fi fost agresa\u021bi fizic de c\u0103tre mai multe persoane, care ar fi folosit obiecte contondente.<\/p>\n<p>\u00cen urma sesiz\u0103rii, poli\u021bi\u0219tii au efectuat verific\u0103ri \u0219i activit\u0103\u021bi investigative, \u00een vederea stabilirii situa\u021biei de fapt \u0219i a \u00eemprejur\u0103rilor \u00een care s-a produs agresiunea.<\/p>\n<p>Din cercet\u0103ri a reie\u0219it c\u0103 cei doi b\u0103rba\u021bi, \u00een v\u00e2rst\u0103 de 38 de ani, ar fi fost agresa\u021bi de trei b\u0103rba\u021bi, cu v\u00e2rste cuprinse \u00eentre 38 \u0219i 41 de ani.<\/p>\n<p>\u00cen cauz\u0103 a fost \u00eentocmit un dosar penal sub aspectul s\u0103v\u00e2r\u0219irii infrac\u021biunii de lovire sau alte violen\u021be. \u00cen urma probatoriului administrat, la data de 25 august a.c., fa\u021b\u0103 de b\u0103rbatul \u00een v\u00e2rst\u0103 de 41 de ani a fost dispus\u0103 m\u0103sura re\u021binerii pentru 24 de ore, sub aspectul s\u0103v\u00e2r\u0219irii infrac\u021biunii de lovire sau alte violen\u021be. Ulterior, \u00een urma administr\u0103rii de noi probe, la data de 26 august a.c., fa\u021b\u0103 de acesta a fost schimbat\u0103 \u00eencadrarea juridic\u0103 a faptei, din infrac\u021biunea de lovire sau alte violen\u021be \u00een infrac\u021biunea de tentativ\u0103 la omor, iar fa\u021b\u0103 de b\u0103rbatul \u00een cauz\u0103 a fost luat\u0103 m\u0103sura arest\u0103rii preventive pentru o perioad\u0103 de 30 de zile.<\/p>\n<p>Cercet\u0103rile sunt continuate de c\u0103tre unitatea de parchet competent\u0103, \u00een vederea stabilirii cu exactitate a tuturor \u00eemprejur\u0103rilor \u00een care s-a produs fapta. Persoanele cercetate beneficiaz\u0103 de prezum\u021bia de nevinov\u0103\u021bie \u0219i de toate drepturile \u0219i garan\u021biile procesuale prev\u0103zute de lege.<\/p>\n<p>Foto cu rol ilustrativ <\/p>\n<\/div>\n<\/div>\n<p>[analyse_source url=&#8221;https:\/\/www.monitoruldevrancea.ro\/2026\/08\/26\/bataie-intre-mai-multe-persoane-in-focsani-un-barbat-arestat-pentru-tentativa-la-omor\/&#8221;]<\/p>\n","protected":false},"excerpt":{"rendered":"<p>[analyse_image type=&#8221;featured&#8221; src=&#8221;https:\/\/www.monitoruldevrancea.ro\/wp-content\/uploads\/2026\/08\/IMG-20260518-WA0016.jpg&#8221;] Comunicat de pres\u0103, IPJ Vrancea: *B\u0102RBAT ARESTAT PREVENTIV PENTRU TENTATIV\u0102 LA OMOR* La data de 20 august a.c., \u00een jurul orei 20:40, poli\u021bi\u0219tii din cadrul Poli\u021biei Municipiului Foc\u0219ani au fost sesiza\u021bi cu privire la faptul c\u0103, \u00een municipiul Foc\u0219ani, doi b\u0103rba\u021bi ar fi fost agresa\u021bi fizic de c\u0103tre mai multe persoane, care [&hellip;]<\/p>\n","protected":false},"author":1,"featured_media":0,"comment_status":"open","ping_status":"","sticky":false,"template":"","format":"standard","meta":{"footnotes":""},"categories":[89],"tags":[226,209],"class_list":["post-2113181","post","type-post","status-publish","format-standard","hentry","category-romania","tag-crawlmanager","tag-monitoruldevrancea-ro"],"_links":{"self":[{"href":"https:\/\/analyse.optim.biz\/index.php?rest_route=\/wp\/v2\/posts\/2113181","targetHints":{"allow":["GET"]}}],"collection":[{"href":"https:\/\/analyse.optim.biz\/index.php?rest_route=\/wp\/v2\/posts"}],"about":[{"href":"https:\/\/analyse.optim.biz\/index.php?rest_route=\/wp\/v2\/types\/post"}],"author":[{"embeddable":true,"href":"https:\/\/analyse.optim.biz\/index.php?rest_route=\/wp\/v2\/users\/1"}],"replies":[{"embeddable":true,"href":"https:\/\/analyse.optim.biz\/index.php?rest_route=%2Fwp%2Fv2%2Fcomments&post=2113181"}],"version-history":[{"count":0,"href":"https:\/\/analyse.optim.biz\/index.php?rest_route=\/wp\/v2\/posts\/2113181\/revisions"}],"wp:attachment":[{"href":"https:\/\/analyse.optim.biz\/index.php?rest_route=%2Fwp%2Fv2%2Fmedia&parent=2113181"}],"wp:term":[{"taxonomy":"category","embeddable":true,"href":"https:\/\/analyse.optim.biz\/index.php?rest_route=%2Fwp%2Fv2%2Fcategories&post=2113181"},{"taxonomy":"post_tag","embeddable":true,"href":"https:\/\/analyse.optim.biz\/index.php?rest_route=%2Fwp%2Fv2%2Ftags&post=2113181"}],"curies":[{"name":"wp","href":"https:\/\/api.w.org\/{rel}","templated":true}]}}