{"id":211318,"date":"2014-02-25T16:33:06","date_gmt":"2014-02-25T13:33:06","guid":{"rendered":"https:\/\/analyse.optim.biz\/?p=211318"},"modified":"2014-02-25T16:33:06","modified_gmt":"2014-02-25T13:33:06","slug":"maria-grapini-nu-mai-pot-fi-ministru-dupa-luna-martie-desi-mediul-de-afaceri-ar-prefera-sa-raman","status":"publish","type":"post","link":"https:\/\/analyse.optim.biz\/?p=211318","title":{"rendered":"Maria Grapini: Nu mai pot fi ministru dup\u0103 luna martie, de\u0219i mediul de afaceri ar prefera s\u0103 r\u0103m\u00e2n"},"content":{"rendered":"<div class=\"entry data-app-meta data-app-meta-article\" data-embed-base-url-canonical=\"https:\/\/www.digi24.ro\/embed\/stiri\/actualitate\/politica\/maria-grapini-nu-mai-pot-fi-ministru-dupa-luna-martie-desi-mediul-de-afaceri-ar-prefera-sa-raman-205854\">\n<p data-index=\"1\"><img decoding=\"async\" src=\"https:\/\/analyse.optim.biz\/wp-content\/uploads\/2024\/09\/jmhhc2g9mtmxmjyzmgvjyjk1yji0zgzjymuxntg1n2m4mdu5nte-thumb_.jpg\" data-skip-htmlfix=\"1\" title=\"jmhhc2g9mtmxmjyzmgvjyjk1yji0zgzjymuxntg1n2m4mdu5nte-thumb_\"><\/p>\n<p data-index=\"2\">\u201eNu pot r\u0103m\u00e2ne \u00een func\u0163ia de ministru mai t\u00e2rziu de luna martie, pentru c\u0103 se va intra \u00een campania electoral\u0103 pentru alegerile europarlamentare. Dar dac\u0103 se va face acum o restructurare a guvernului, nu mai are rost s\u0103 r\u0103m\u00e2n\u201d, a spus <strong>Maria Grapini<\/strong>, potrivit Mediafax.<\/p>\n<p data-index=\"3\"><strong>Partidul Conservator<\/strong> a anun\u0163at recent c\u0103 va participa la <strong>alegerile parlamentare pe o list\u0103 comun\u0103<\/strong>, al\u0103turi de <strong>PSD \u015fi UNPR<\/strong>, iar\u00a0Maria Grapini\u00a0va fi propus\u0103 pentru un loc eligibil.<\/p>\n<p data-index=\"4\">\u201eEu cred c\u0103 un europarlamentar poate face mult mai multe. Mediul de afaceri prefera s\u0103 r\u0103m\u00e2n. Te acomodezi cu ei, \u00eencepi ni\u015fte proiecte \u015fi, \u00eentr-un fel, te regret\u0103 c\u00e2nd pleci\u201d, a mai spus ministrul.<\/p>\n<p data-index=\"5\">Grapini a ad\u0103ugat c\u0103 a dialogat \u00een fiecare lun\u0103 cu <strong>Consiliul Consultativ din Turism<\/strong> \u015fi cu reprezentan\u0163ii <strong>IMM<\/strong>-urilor.<\/p>\n<p data-index=\"6\">Maria Grapini ocup\u0103 postul de ministru din decembrie 2012. Ea declara \u00een decembrie, la bilan\u0163ul a 11 luni de mandat, c\u0103 \u00een acest an vrea s\u0103 creasc\u0103 num\u0103rul de turi\u015fti str\u0103ini cu 50%, dar nu a amintit c\u0103 \u00een primele zece luni din acest an au fost cu doar 3% mai mul\u0163i fa\u0163\u0103 de 2012.<\/p>\n<p data-index=\"7\">Ea a anun\u0163at atunci c\u0103 \u015fi-a propus ca, \u00een cazul \u00een care r\u0103m\u00e2ne \u00een func\u0163ie un mandat \u00eentreg, contribu\u0163ia turismului la <strong>Produsul Intern Brut<\/strong> s\u0103 creasc\u0103 de la 1,5% la 5%.<\/p>\n<\/div>\n<p> Source URL: https:\/\/www.digi24.ro\/stiri\/actualitate\/politica\/maria-grapini-nu-mai-pot-fi-ministru-dupa-luna-martie-desi-mediul-de-afaceri-ar-prefera-sa-raman-205854<\/p>\n","protected":false},"excerpt":{"rendered":"<p>\u201eNu pot r\u0103m\u00e2ne \u00een func\u0163ia de ministru mai t\u00e2rziu de luna martie, pentru c\u0103 se va intra \u00een campania electoral\u0103 pentru alegerile europarlamentare. Dar dac\u0103 se va face acum o restructurare a guvernului, nu mai are rost s\u0103 r\u0103m\u00e2n\u201d, a spus Maria Grapini, potrivit Mediafax. Partidul Conservator a anun\u0163at recent c\u0103 va participa la alegerile [&hellip;]<\/p>\n","protected":false},"author":1,"featured_media":211319,"comment_status":"open","ping_status":"","sticky":false,"template":"","format":"standard","meta":{"footnotes":""},"categories":[2],"tags":[11],"class_list":["post-211318","post","type-post","status-publish","format-standard","has-post-thumbnail","hentry","category-politics","tag-digi24"],"_links":{"self":[{"href":"https:\/\/analyse.optim.biz\/index.php?rest_route=\/wp\/v2\/posts\/211318","targetHints":{"allow":["GET"]}}],"collection":[{"href":"https:\/\/analyse.optim.biz\/index.php?rest_route=\/wp\/v2\/posts"}],"about":[{"href":"https:\/\/analyse.optim.biz\/index.php?rest_route=\/wp\/v2\/types\/post"}],"author":[{"embeddable":true,"href":"https:\/\/analyse.optim.biz\/index.php?rest_route=\/wp\/v2\/users\/1"}],"replies":[{"embeddable":true,"href":"https:\/\/analyse.optim.biz\/index.php?rest_route=%2Fwp%2Fv2%2Fcomments&post=211318"}],"version-history":[{"count":0,"href":"https:\/\/analyse.optim.biz\/index.php?rest_route=\/wp\/v2\/posts\/211318\/revisions"}],"wp:featuredmedia":[{"embeddable":true,"href":"https:\/\/analyse.optim.biz\/index.php?rest_route=\/wp\/v2\/media\/211319"}],"wp:attachment":[{"href":"https:\/\/analyse.optim.biz\/index.php?rest_route=%2Fwp%2Fv2%2Fmedia&parent=211318"}],"wp:term":[{"taxonomy":"category","embeddable":true,"href":"https:\/\/analyse.optim.biz\/index.php?rest_route=%2Fwp%2Fv2%2Fcategories&post=211318"},{"taxonomy":"post_tag","embeddable":true,"href":"https:\/\/analyse.optim.biz\/index.php?rest_route=%2Fwp%2Fv2%2Ftags&post=211318"}],"curies":[{"name":"wp","href":"https:\/\/api.w.org\/{rel}","templated":true}]}}