{"id":2113177,"date":"2026-08-25T21:00:00","date_gmt":"2026-08-25T18:00:00","guid":{"rendered":"https:\/\/analyse.optim.biz\/?p=2113177"},"modified":"2026-08-25T21:00:00","modified_gmt":"2026-08-25T18:00:00","slug":"tanar-agresat-in-focsani-bagat-cu-forta-intr-o-masina-si-sechestrat-in-vanatori-doi-barbati-au-fost-retinuti","status":"publish","type":"post","link":"https:\/\/analyse.optim.biz\/?p=2113177","title":{"rendered":"T\u00e2n\u0103r agresat \u00een Foc\u0219ani, b\u0103gat cu for\u021ba \u00eentr-o ma\u0219in\u0103 \u0219i sechestrat \u00een V\u00e2n\u0103tori; doi b\u0103rba\u021bi au fost re\u021binu\u021bi"},"content":{"rendered":"<p>[analyse_image type=&#8221;featured&#8221; src=&#8221;https:\/\/www.monitoruldevrancea.ro\/wp-content\/uploads\/2026\/08\/pol.jpg&#8221;]<\/p>\n<div class=\"td_block_wrap tdb_single_content tdi_123 td-pb-border-top td_block_template_1 td-post-content tagdiv-type\" data-td-block-uid=\"tdi_123\">\n<div class=\"tdb-block-inner td-fix-index\">\n<p>Comunicat de pres\u0103, IPJ Vrancea:<\/p>\n<p>B\u0102RBA\u021aI RE\u021aINU\u021aI PENTRU LIPSIRE DE LIBERTATE \u00ceN MOD ILEGAL<\/p>\n<p>La data de 25 august a.c., \u00een jurul orei 12:32, poli\u021bi\u0219tii din cadrul Poli\u021biei Municipiului Foc\u0219ani au fost sesiza\u021bi, prin SNUAU 112, de c\u0103tre o t\u00e2n\u0103r\u0103, \u00een v\u00e2rst\u0103 de 19 ani, din comuna V\u00e2n\u0103tori, cu privire la faptul c\u0103, \u00een timp ce se afla \u00eempreun\u0103 cu concubinul s\u0103u, un t\u00e2n\u0103r, \u00een v\u00e2rst\u0103 de 20 de ani, din comuna Slobozia Bradului, \u00een municipiul Foc\u0219ani, \u00een urma unui conflict, acesta ar fi fost agresat fizic de c\u0103tre doi b\u0103rba\u021bi, \u00een v\u00e2rst\u0103 de 25, respectiv 44 de ani.<\/p>\n<p>Ulterior, cei doi b\u0103rba\u021bi l-ar fi introdus pe t\u00e2n\u0103rul de 20 de ani \u00eentr-un autoturism \u0219i l-ar fi transportat p\u00e2n\u0103 \u00een comuna V\u00e2n\u0103tori, \u00eemprejurare \u00een care acesta ar fi fost lipsit de libertate.<\/p>\n<p>\u00cen urma sesiz\u0103rii, poli\u021bi\u0219tii au efectuat verific\u0103ri \u0219i au desf\u0103\u0219urat activit\u0103\u021bi investigative \u00een vederea stabilirii situa\u021biei de fapt \u0219i a \u00eemprejur\u0103rilor \u00een care s-au produs faptele.<\/p>\n<p>\u00cen cauz\u0103 a fost \u00eentocmit dosar penal, fiind efectuate cercet\u0103ri sub aspectul s\u0103v\u00e2r\u0219irii infrac\u021biunilor de lovire sau alte violen\u021be \u0219i lipsire de libertate \u00een mod ilegal.<\/p>\n<p>\u00cen urma probatoriului administrat, fa\u021b\u0103 de cei doi b\u0103rba\u021bi a fost dispus\u0103 m\u0103sura re\u021binerii pentru 24 de ore, sub aspectul s\u0103v\u00e2r\u0219irii infrac\u021biunii de lipsire de libertate \u00een mod ilegal.<\/p>\n<p>\u00cen cursul zilei de 26 august a.c., cei doi b\u0103rba\u021bi urmeaz\u0103 s\u0103 fie prezenta\u021bi judec\u0103torului de drepturi \u0219i libert\u0103\u021bi, cu propunere de luare a unei m\u0103suri preventive.<\/p>\n<p>Cercet\u0103rile sunt continuate sub coordonarea unit\u0103\u021bii de parchet competente, \u00een vederea stabilirii cu exactitate a tuturor \u00eemprejur\u0103rilor \u0219i a situa\u021biei de fapt.<\/p>\n<p>Persoanele cercetate beneficiaz\u0103 de prezum\u021bia de nevinov\u0103\u021bie \u0219i de toate drepturile \u0219i garan\u021biile procesuale prev\u0103zute de lege.<\/p>\n<p><strong>Foto cu rol ilustrativ<\/strong><\/p>\n<\/div>\n<\/div>\n<p>[analyse_source url=&#8221;https:\/\/www.monitoruldevrancea.ro\/2026\/08\/26\/tanar-agresat-in-focsani-bagat-cu-forta-intr-o-masina-si-sechestrat-in-vanatori-doi-barbati-au-fost-retinuti\/&#8221;]<\/p>\n","protected":false},"excerpt":{"rendered":"<p>[analyse_image type=&#8221;featured&#8221; src=&#8221;https:\/\/www.monitoruldevrancea.ro\/wp-content\/uploads\/2026\/08\/pol.jpg&#8221;] Comunicat de pres\u0103, IPJ Vrancea: B\u0102RBA\u021aI RE\u021aINU\u021aI PENTRU LIPSIRE DE LIBERTATE \u00ceN MOD ILEGAL La data de 25 august a.c., \u00een jurul orei 12:32, poli\u021bi\u0219tii din cadrul Poli\u021biei Municipiului Foc\u0219ani au fost sesiza\u021bi, prin SNUAU 112, de c\u0103tre o t\u00e2n\u0103r\u0103, \u00een v\u00e2rst\u0103 de 19 ani, din comuna V\u00e2n\u0103tori, cu privire la faptul [&hellip;]<\/p>\n","protected":false},"author":1,"featured_media":0,"comment_status":"open","ping_status":"","sticky":false,"template":"","format":"standard","meta":{"footnotes":""},"categories":[89],"tags":[226,209],"class_list":["post-2113177","post","type-post","status-publish","format-standard","hentry","category-romania","tag-crawlmanager","tag-monitoruldevrancea-ro"],"_links":{"self":[{"href":"https:\/\/analyse.optim.biz\/index.php?rest_route=\/wp\/v2\/posts\/2113177","targetHints":{"allow":["GET"]}}],"collection":[{"href":"https:\/\/analyse.optim.biz\/index.php?rest_route=\/wp\/v2\/posts"}],"about":[{"href":"https:\/\/analyse.optim.biz\/index.php?rest_route=\/wp\/v2\/types\/post"}],"author":[{"embeddable":true,"href":"https:\/\/analyse.optim.biz\/index.php?rest_route=\/wp\/v2\/users\/1"}],"replies":[{"embeddable":true,"href":"https:\/\/analyse.optim.biz\/index.php?rest_route=%2Fwp%2Fv2%2Fcomments&post=2113177"}],"version-history":[{"count":0,"href":"https:\/\/analyse.optim.biz\/index.php?rest_route=\/wp\/v2\/posts\/2113177\/revisions"}],"wp:attachment":[{"href":"https:\/\/analyse.optim.biz\/index.php?rest_route=%2Fwp%2Fv2%2Fmedia&parent=2113177"}],"wp:term":[{"taxonomy":"category","embeddable":true,"href":"https:\/\/analyse.optim.biz\/index.php?rest_route=%2Fwp%2Fv2%2Fcategories&post=2113177"},{"taxonomy":"post_tag","embeddable":true,"href":"https:\/\/analyse.optim.biz\/index.php?rest_route=%2Fwp%2Fv2%2Ftags&post=2113177"}],"curies":[{"name":"wp","href":"https:\/\/api.w.org\/{rel}","templated":true}]}}