{"id":2113167,"date":"2026-08-25T21:00:00","date_gmt":"2026-08-25T18:00:00","guid":{"rendered":"https:\/\/analyse.optim.biz\/?p=2113167"},"modified":"2026-08-25T21:00:00","modified_gmt":"2026-08-25T18:00:00","slug":"actualizare-l-ati-vazut-un-batran-a-plecat-descaltat-din-curtea-spitalului-judetean-focsani","status":"publish","type":"post","link":"https:\/\/analyse.optim.biz\/?p=2113167","title":{"rendered":"ACTUALIZARE! L-a\u021bi v\u0103zut? Un b\u0103tr\u00e2n a plecat desc\u0103l\u021bat din curtea Spitalului Jude\u021bean Foc\u0219ani"},"content":{"rendered":"<p>[analyse_image type=&#8221;featured&#8221; src=&#8221;https:\/\/www.monitoruldevrancea.ro\/wp-content\/uploads\/2026\/08\/IMG-20260826-WA0027.jpg&#8221;]<\/p>\n<div class=\"td_block_wrap tdb_single_content tdi_123 td-pb-border-top td_block_template_1 td-post-content tagdiv-type\" data-td-block-uid=\"tdi_123\">\n<div class=\"tdb-block-inner td-fix-index\">\n<p>Comunicat de pres\u0103, IPJ Vrancea:<\/p>\n<p>*L-A\u021aI V\u0102ZUT?*<\/p>\n<p>La data de 26 august a.c., poli\u021bi\u0219tii din cadrul Poli\u021biei Municipiului Foc\u0219ani au fost sesiza\u021bi prin apel S.N.U.A.U. 112 cu privire la faptul c\u0103 numitul CATAN\u0102 ION, \u00een v\u00e2rst\u0103 de 90 de ani, din comuna Slobozia Cior\u0103\u0219ti, a plecat voluntar, \u00een jurul orei 19:30, din curtea Spitalului Jude\u021bean de Urgen\u021b\u0103 \u201eSf\u00e2ntul Pantelimon\u201d Foc\u0219ani, \u00eentr-o direc\u021bie necunoscut\u0103 \u0219i nu a mai revenit.<\/p>\n<p>Semnalmente: aproximativ 1,65 m \u00een\u0103l\u021bime, 70 kg, ochi c\u0103prui, p\u0103r alb, fa\u021b\u0103 rotund\u0103. La momentul plec\u0103rii, acesta era \u00eembr\u0103cat cu o c\u0103ma\u0219\u0103 cu m\u00e2nec\u0103 scurt\u0103 \u0219i pantaloni de stof\u0103 de culoare gri. Nu purta \u00eenc\u0103l\u021b\u0103minte.<\/p>\n<p>_Persoanele care pot furniza date sau informa\u021bii cu privire la acesta sunt rugate s\u0103 se adreseze celei mai apropiate unit\u0103\u021bi de poli\u021bie sau s\u0103 apeleze num\u0103rul unic pentru apeluri de urgen\u021b\u0103 112._<\/p>\n<p>ACTUALIZARE! Persoana \u00een cauz\u0103 a fost identificat\u0103.<\/p>\n<\/div>\n<\/div>\n<p>[analyse_source url=&#8221;https:\/\/www.monitoruldevrancea.ro\/2026\/08\/26\/l-ati-vazut-un-batran-a-plecat-descaltat-din-curtea-spitalului-judetean-focsani\/&#8221;]<\/p>\n","protected":false},"excerpt":{"rendered":"<p>[analyse_image type=&#8221;featured&#8221; src=&#8221;https:\/\/www.monitoruldevrancea.ro\/wp-content\/uploads\/2026\/08\/IMG-20260826-WA0027.jpg&#8221;] Comunicat de pres\u0103, IPJ Vrancea: *L-A\u021aI V\u0102ZUT?* La data de 26 august a.c., poli\u021bi\u0219tii din cadrul Poli\u021biei Municipiului Foc\u0219ani au fost sesiza\u021bi prin apel S.N.U.A.U. 112 cu privire la faptul c\u0103 numitul CATAN\u0102 ION, \u00een v\u00e2rst\u0103 de 90 de ani, din comuna Slobozia Cior\u0103\u0219ti, a plecat voluntar, \u00een jurul orei 19:30, din [&hellip;]<\/p>\n","protected":false},"author":1,"featured_media":0,"comment_status":"open","ping_status":"","sticky":false,"template":"","format":"standard","meta":{"footnotes":""},"categories":[89],"tags":[226,209],"class_list":["post-2113167","post","type-post","status-publish","format-standard","hentry","category-romania","tag-crawlmanager","tag-monitoruldevrancea-ro"],"_links":{"self":[{"href":"https:\/\/analyse.optim.biz\/index.php?rest_route=\/wp\/v2\/posts\/2113167","targetHints":{"allow":["GET"]}}],"collection":[{"href":"https:\/\/analyse.optim.biz\/index.php?rest_route=\/wp\/v2\/posts"}],"about":[{"href":"https:\/\/analyse.optim.biz\/index.php?rest_route=\/wp\/v2\/types\/post"}],"author":[{"embeddable":true,"href":"https:\/\/analyse.optim.biz\/index.php?rest_route=\/wp\/v2\/users\/1"}],"replies":[{"embeddable":true,"href":"https:\/\/analyse.optim.biz\/index.php?rest_route=%2Fwp%2Fv2%2Fcomments&post=2113167"}],"version-history":[{"count":0,"href":"https:\/\/analyse.optim.biz\/index.php?rest_route=\/wp\/v2\/posts\/2113167\/revisions"}],"wp:attachment":[{"href":"https:\/\/analyse.optim.biz\/index.php?rest_route=%2Fwp%2Fv2%2Fmedia&parent=2113167"}],"wp:term":[{"taxonomy":"category","embeddable":true,"href":"https:\/\/analyse.optim.biz\/index.php?rest_route=%2Fwp%2Fv2%2Fcategories&post=2113167"},{"taxonomy":"post_tag","embeddable":true,"href":"https:\/\/analyse.optim.biz\/index.php?rest_route=%2Fwp%2Fv2%2Ftags&post=2113167"}],"curies":[{"name":"wp","href":"https:\/\/api.w.org\/{rel}","templated":true}]}}