{"id":2112858,"date":"2026-08-26T00:00:00","date_gmt":"2026-08-25T21:00:00","guid":{"rendered":"https:\/\/analyse.optim.biz\/?p=2112858"},"modified":"2026-08-26T00:00:00","modified_gmt":"2026-08-25T21:00:00","slug":"noile-reguli-din-sanatate-dezbatute-la-tulcea-propunerile-vor-ajunge-la-cnas","status":"publish","type":"post","link":"https:\/\/analyse.optim.biz\/?p=2112858","title":{"rendered":"Noile reguli din s\u0103n\u0103tate, dezb\u0103tute la Tulcea. Propunerile vor ajunge la CNAS"},"content":{"rendered":"<p>[analyse_image type=&#8221;featured&#8221; src=&#8221;https:\/\/ziaruldetulcea.ro\/wp-content\/uploads\/2026\/08\/FB_IMG_1787657603478-640&#215;300.jpg&#8221;]<\/p>\n<div class=\"post\">\n<p class=\"MsoNormal\"><span><img loading=\"lazy\" decoding=\"async\" class=\"alignleft size-full wp-image-44106\" src=\"https:\/\/ziaruldetulcea.ro\/wp-content\/uploads\/2026\/08\/FB_IMG_1787657603478.jpg\" alt width=\"2048\" height=\"1365\">Casa Jude\u021bean\u0103 de Asigur\u0103ri de S\u0103n\u0103tate (CAS) Tulcea a organizat mar\u021bi, 25 august 2026, \u00eencep\u00e2nd cu ora 10:00, \u00een Sala de conferin\u021be \u201eMihail Kog\u0103lniceanu\u201d, o \u0219edin\u021b\u0103 de consultare, de importan\u021b\u0103 major\u0103 pentru comunitatea local\u0103.<\/span><\/p>\n<p class=\"MsoNormal\"><span>Evenimentul a avut ca scop central dezbaterea proiectelor aflate \u00een transparen\u021b\u0103 decizional\u0103 privind modificarea \u0219i completarea Hot\u0103r\u00e2rii Guvernului nr. 521\/2023 pentru aprobarea pachetelor de servicii \u015fi a Contractului-cadru care reglementeaz\u0103 condi\u0163iile acord\u0103rii asisten\u0163ei medicale, a medicamentelor \u015fi a dispozitivelor medicale \u00een cadrul sistemului de asigur\u0103ri sociale de s\u0103n\u0103tate, precum \u0219i a normelor metodologice de aplicare.<\/span><\/p>\n<p class=\"MsoNormal\"><span>La discu\u021bii au participat activ partenerii medicali \u0219i furnizorii de servicii medicale, institu\u021biile, asocia\u021biile \u0219i organiza\u021biile profesionale de profil \u0219i autorit\u0103\u021bile jude\u021bene \u0219i locale implicate \u00een activitatea de sus\u021binere a sistemului de s\u0103n\u0103tate local.<\/span><\/p>\n<p class=\"MsoNormal\"><span><i>\u201eAceast\u0103 \u00eent\u00e2lnire a confirmat \u00eenc\u0103 o dat\u0103 c\u0103 \u00eembun\u0103t\u0103\u021birea sistemului de s\u0103n\u0103tate se poate realiza doar printr-un dialog deschis \u0219i direct. Ne-am bucurat s\u0103 vedem o implicare activ\u0103 din partea medicilor, a partenerilor no\u0219tri \u0219i a asocia\u021biilor profesionale. Toate observa\u021biile \u0219i propunerile concrete pe care le-am colectat ast\u0103zi \u00een Sala \u201eMihail Kog\u0103lniceanu\u201d reprezint\u0103 o voce unitar\u0103 a comunit\u0103\u021bii din Tulcea. Obiectivul nostru clar este ca modific\u0103rile aduse Contractului-cadru \u0219i pachetelor de servicii s\u0103 r\u0103spund\u0103 c\u00e2t mai bine realit\u0103\u021bilor din teren \u0219i s\u0103 asigure servicii medicale mai sigure \u0219i mai accesibile pentru to\u021bi locuitorii jude\u021bului<\/i>\u201d a transmis Eugenia Vasile, Director General CAS Tulcea<\/span><\/p>\n<p class=\"MsoNormal\"><span>\u00cen cadrul \u0219edin\u021bei, conducerea CAS Tulcea a prezentat liniile directoare ale modific\u0103rilor propuse pentru pachetele de servicii, medicamente \u0219i dispozitive medicale, precum \u0219i normele metodologice de aplicare. <\/span><\/p>\n<p class=\"MsoNormal\"><span>Participan\u021bii au avut oportunitatea de a adresa \u00eentreb\u0103ri, de a formula propuneri \u0219i de a semnala aspecte specifice din activitatea medical\u0103 curent\u0103 care necesit\u0103 optimizare.<\/span><\/p>\n<p class=\"MsoNormal\"><span>Prin organizarea acestei dezbateri deschise, institu\u021bia \u00ee\u0219i men\u021bine prioritatea de a asigura transparen\u021ba total\u0103 \u00een luarea deciziilor \u0219i de a construi un dialog real \u00eentre autorit\u0103\u021bi, furnizori \u0219i beneficiarii sistemului de s\u0103n\u0103tate.<\/span><\/p>\n<p class=\"MsoNormal\"><span><span>\u00a0<\/span>Toate propunerile colectate \u00een cadrul acestei \u0219edin\u021be vor fi centralizate \u0219i transmise c\u0103tre Casa Na\u021bional\u0103 de Asigur\u0103ri de S\u0103n\u0103tate. <\/span><\/p>\n<p class=\"MsoNormal\"><span>Totodat\u0103, la nivelul Casei Na\u021bionale de Asigur\u0103ri de S\u0103n\u0103tate, \u00een perioada 8-17 septembrie vor avea loc \u00eent\u00e2lniri cu organiza\u0163iile patronale, sindicale \u015fi profesionale reprezentative din domeniul medical cu privire la modific\u0103rile din transparen\u021b\u0103.<\/span><\/p>\n<p class=\"MsoNormal\"><span>\u00a0<\/span><\/p>\n<p class=\"MsoNormal\"><span>\u00a0<\/span><\/p>\n<p class=\"MsoNormal\"><span>\u00a0<\/span><\/p>\n<p class=\"MsoNormal\"><span>\u00a0<\/span><\/p>\n<p class=\"MsoNormal\"><span>\u00a0<\/span><\/p>\n<p class=\"MsoNormal\"><span>\u00a0<\/span><\/p>\n<p class=\"MsoNormal\"><span>\u00a0<\/span><\/p>\n<p class=\"MsoNormal\"><span>\u00a0<\/span><\/p>\n<p class=\"MsoNormal\"><span>\u00a0<\/span><\/p>\n<p class=\"MsoNormal\"><span>\u00a0<\/span><\/p>\n<p class=\"MsoNormal\" align=\"center\"><span>\u00a0<\/span><\/p>\n<p class=\"MsoNormal\"><span>\u00a0<\/span><\/p>\n<p class=\"MsoNormal\"><span>\u00a0<\/span><\/p>\n<p class=\"MsoNormal\"><span>\u00a0<\/span><\/p>\n<p class=\"MsoNormal\"><span>\u00a0<\/span><\/p>\n<\/div>\n<p>[analyse_source url=&#8221;https:\/\/ziaruldetulcea.ro\/noile-reguli-din-sanatate-dezbatute-la-tulcea-propunerile-vor-ajunge-la-cnas\/&#8221;]<\/p>\n","protected":false},"excerpt":{"rendered":"<p>[analyse_image type=&#8221;featured&#8221; src=&#8221;https:\/\/ziaruldetulcea.ro\/wp-content\/uploads\/2026\/08\/FB_IMG_1787657603478-640&#215;300.jpg&#8221;] Casa Jude\u021bean\u0103 de Asigur\u0103ri de S\u0103n\u0103tate (CAS) Tulcea a organizat mar\u021bi, 25 august 2026, \u00eencep\u00e2nd cu ora 10:00, \u00een Sala de conferin\u021be \u201eMihail Kog\u0103lniceanu\u201d, o \u0219edin\u021b\u0103 de consultare, de importan\u021b\u0103 major\u0103 pentru comunitatea local\u0103. Evenimentul a avut ca scop central dezbaterea proiectelor aflate \u00een transparen\u021b\u0103 decizional\u0103 privind modificarea \u0219i completarea Hot\u0103r\u00e2rii Guvernului [&hellip;]<\/p>\n","protected":false},"author":1,"featured_media":0,"comment_status":"open","ping_status":"","sticky":false,"template":"","format":"standard","meta":{"footnotes":""},"categories":[89],"tags":[226,205],"class_list":["post-2112858","post","type-post","status-publish","format-standard","hentry","category-romania","tag-crawlmanager","tag-ziaruldetulcea-ro"],"_links":{"self":[{"href":"https:\/\/analyse.optim.biz\/index.php?rest_route=\/wp\/v2\/posts\/2112858","targetHints":{"allow":["GET"]}}],"collection":[{"href":"https:\/\/analyse.optim.biz\/index.php?rest_route=\/wp\/v2\/posts"}],"about":[{"href":"https:\/\/analyse.optim.biz\/index.php?rest_route=\/wp\/v2\/types\/post"}],"author":[{"embeddable":true,"href":"https:\/\/analyse.optim.biz\/index.php?rest_route=\/wp\/v2\/users\/1"}],"replies":[{"embeddable":true,"href":"https:\/\/analyse.optim.biz\/index.php?rest_route=%2Fwp%2Fv2%2Fcomments&post=2112858"}],"version-history":[{"count":0,"href":"https:\/\/analyse.optim.biz\/index.php?rest_route=\/wp\/v2\/posts\/2112858\/revisions"}],"wp:attachment":[{"href":"https:\/\/analyse.optim.biz\/index.php?rest_route=%2Fwp%2Fv2%2Fmedia&parent=2112858"}],"wp:term":[{"taxonomy":"category","embeddable":true,"href":"https:\/\/analyse.optim.biz\/index.php?rest_route=%2Fwp%2Fv2%2Fcategories&post=2112858"},{"taxonomy":"post_tag","embeddable":true,"href":"https:\/\/analyse.optim.biz\/index.php?rest_route=%2Fwp%2Fv2%2Ftags&post=2112858"}],"curies":[{"name":"wp","href":"https:\/\/api.w.org\/{rel}","templated":true}]}}