{"id":2112851,"date":"2026-08-24T07:48:29","date_gmt":"2026-08-24T04:48:29","guid":{"rendered":"https:\/\/analyse.optim.biz\/?p=2112851"},"modified":"2026-08-24T07:48:29","modified_gmt":"2026-08-24T04:48:29","slug":"jale-mare-pe-soselele-banatului-politistii-au-dat-440-de-amenzi-au-retinut-30-de-permise-si-au-retras-20","status":"publish","type":"post","link":"https:\/\/analyse.optim.biz\/?p=2112851","title":{"rendered":"Jale mare pe \u015foselele Banatului. Poli\u0163i\u015ftii au dat 440 de amenzi, au re\u0163inut 30 de permise \u015fi au retras 20"},"content":{"rendered":"<p>[analyse_image type=&#8221;featured&#8221; src=&#8221;https:\/\/renasterea.ro\/ro\/wp-content\/uploads\/2026\/08\/razie.jpghttps:\/\/renasterea.ro\/ro\/wp-content\/uploads\/2026\/08\/razie.jpg&#8221;]<\/p>\n<div class=\"entry-content\"><img loading=\"lazy\" decoding=\"async\" width=\"494\" height=\"460\" src=\"https:\/\/renasterea.ro\/ro\/wp-content\/uploads\/2026\/08\/razie-494x460.jpg\" class=\"attachment-medium size-medium wp-post-image\" alt=\"Jale mare pe \u015foselele Banatului. Poli\u0163i\u015ftii au dat 440 de amenzi, au re\u0163inut 30 de permise \u015fi au retras 20 de certificate de \u00eenmatriculare\" title=\"Jale mare pe \u015foselele Banatului. Poli\u0163i\u015ftii au dat 440 de amenzi, au re\u0163inut 30 de permise \u015fi au retras 20 de certificate de \u00eenmatriculare 1\"><\/p>\n<h4>Jale mare pe \u015foselele Banatului. Poli\u0163i\u015ftii au dat 440 de amenzi, au re\u0163inut 30 de permise \u015fi au retras 20 de certificate de \u00eenmatriculare<\/h4>\n<p>\u00cen perioada 21-23.08.2026, pentru men\u021binerea unui climat de ordine \u0219i siguran\u021b\u0103 public\u0103 la nivelul jude\u021bului Cara\u0219-Severin, peste 650 de poli\u021bi\u0219ti au fost angrena\u021bi \u00een activit\u0103\u021bi operative, dintre ace\u0219tia 360 fiind poli\u021bi\u0219ti de ordine public\u0103 \u0219i peste 60 poli\u021bi\u0219ti rutieri.<\/p>\n<p>\u00cen perioada men\u021bionat\u0103, poli\u021bi\u0219tii au intervenit la aproximativ 130 de evenimente, dintre care aproape 100 au fost sesizate prin Sistemul Na\u021bional Unic pentru Apeluri de Urgen\u021b\u0103 112, \u0219i au organizat peste 60 de ac\u021biuni pentru prevenirea \u0219i combaterea faptelor antisociale \u0219i pentru cre\u0219terea gradului de siguran\u021b\u0103 a cet\u0103\u021benilor.<\/p>\n<p>Pentru neregulile constatate, poli\u021bi\u0219tii au aplicat aproape 440 de sanc\u021biuni contraven\u021bionale, \u00een valoare total\u0103 de peste 150.000 de lei, iar ca m\u0103suri complementare au re\u021binut aproximativ 30 de permise de conducere \u0219i au retras aproape 20 certificate de \u00eenmatriculare.<\/p>\n<p>Totodat\u0103, poli\u021bi\u0219tii au depistat \u00een flagrant delict 5 persoane b\u0103nuite de s\u0103v\u00e2r\u0219irea unor infrac\u021biuni, iar activit\u0103\u021bile desf\u0103\u0219urate \u00een teren au condus la identificarea mai multor situa\u021bii \u00een care legisla\u021bia nu a fost respectat\u0103.<\/p>\n<p>Astfel, exemplific\u0103m:<\/p>\n<p>La data de 23 august 2026, \u00een jurul orei 22.00, poli\u021bi\u0219tii din cadrul Poli\u021biei Municipiului Caransebe\u0219, Biroul Rutier, \u00een timp ce desf\u0103\u0219urau activit\u0103\u021bi de supraveghere \u0219i control al traficului rutier \u00een municipiul Caransebe\u0219, au oprit un vehicul de tip ATV care nu avea aplicat\u0103 \u00een partea din spate pl\u0103cu\u021ba cu num\u0103rul de \u00eenmatriculare sau de \u00eenregistrare.<\/p>\n<p>Poli\u021bi\u0219tii au identificat conduc\u0103torul vehiculului, un b\u0103rbat \u00een v\u00e2rst\u0103 de 22 de ani, iar \u00een urma verific\u0103rilor efectuate \u00een bazele de date a rezultat c\u0103 ATV-ul nu este \u00eenmatriculat sau \u00eenregistrat pentru a circula pe drumurile publice.<\/p>\n<p>\u00cen acest caz, poli\u021bi\u0219tii continu\u0103 cercet\u0103rile, sub coordonarea unit\u0103\u021bii de parchet competente, cu privire la s\u0103v\u00e2r\u0219irea infrac\u021biunii de punerea \u00een circula\u021bie sau conducerea unui vehicul ne\u00eenmatriculat.<\/p>\n<p>\u00cen aceea\u0219i zi, \u00een jurul orei 04.31, poli\u021bi\u0219tii din cadrul Poli\u021biei Ora\u0219ului Boc\u0219a, \u00eempreun\u0103 cu poli\u021bi\u0219tii din cadrul Sec\u021biei 5 Poli\u021bie Rural\u0103 Boc\u0219a, au oprit pentru control, pe DN 58B, un autoturism al c\u0103rui conduc\u0103tor auto, un t\u00e2n\u0103r \u00een v\u00e2rst\u0103 de 29 de ani, a fost testat cu aparatul etilotest, rezult\u00e2nd o valoare de 0,62 mg\/l alcool pur \u00een aerul expirat.<\/p>\n<p>Conduc\u0103torul auto a fost condus la o unitate medical\u0103, unde i-au fost recoltate probe biologice \u00een vederea stabilirii cu exactitate a alcoolemiei.<\/p>\n<p>Cercet\u0103rile continu\u0103 \u00een acest caz, urm\u00e2nd ca, \u00een func\u021bie de rezultatele probelor biologice \u0219i de celelalte date ale anchetei, s\u0103 fie dispuse m\u0103surile legale.<\/p>\n<p>Un alt caz a fost constatat la data de 22 august 2026, \u00een jurul orei 10.00, de poli\u021bi\u0219tii din cadrul Sec\u021biei 4 Poli\u021bie Rural\u0103 Mehadia, \u00een timp ce desf\u0103\u0219urau activit\u0103\u021bi de supraveghere \u0219i control al traficului rutier pe DC 30, pe raza localit\u0103\u021bii Valea Bolva\u0219ni\u021ba.<\/p>\n<p>Poli\u021bi\u0219tii au observat \u00een trafic un autoturism care nu avea amplasate pl\u0103cu\u021bele cu num\u0103rul de \u00eenmatriculare \u0219i au efectuat semnal regulamentar de oprire, fiind identificat conduc\u0103torului auto, un b\u0103rbat \u00een v\u00e2rst\u0103 de 50 de ani.<\/p>\n<p>\u00cen urma verific\u0103rilor efectuate \u00een bazele de date ale Poli\u021biei Rom\u00e2ne, poli\u021bi\u0219tii au constatat c\u0103 autoturismul figura ca ne\u00eenmatriculat, cu starea \u201eexpirat\u201d.<\/p>\n<p>\u0218i \u00een acest caz, poli\u021bi\u0219tii continu\u0103 cercet\u0103rile cu privire la punerea \u00een circula\u021bie sau conducerea unui vehicul ne\u00eenmatriculat, urm\u00e2nd ca la finalizarea acestora s\u0103 fie dispuse m\u0103surile legale care se impun.<\/p>\n<p>Inspectoratul de Poli\u021bie Jude\u021bean Cara\u0219-Severin reaminte\u0219te tuturor participan\u021bilor la trafic c\u0103 respectarea legisla\u021biei rutiere reprezint\u0103 o condi\u021bie esen\u021bial\u0103 pentru prevenirea accidentelor \u0219i protejarea vie\u021bii \u0219i integrit\u0103\u021bii persoanelor.<\/p>\n<p>Poli\u021bi\u0219tii vor continua ac\u021biunile pentru prevenirea \u0219i combaterea faptelor antisociale, precum \u0219i pentru cre\u0219terea gradului de siguran\u021b\u0103 a cet\u0103\u021benilor pe drumurile publice \u0219i \u00een comunit\u0103\u021bile din jude\u021bul Cara\u0219-Severin.<\/p>\n<\/div>\n<p>[analyse_source url=&#8221;https:\/\/renasterea.ro\/jale-mare-pe-soselele-banatului-politistii-au-dat-440-de-amenzi-au-retinut-30-de-permise-si-au-retras-20-de-certificate-de-inmatriculare\/&#8221;]<\/p>\n","protected":false},"excerpt":{"rendered":"<p>[analyse_image type=&#8221;featured&#8221; src=&#8221;https:\/\/renasterea.ro\/ro\/wp-content\/uploads\/2026\/08\/razie.jpghttps:\/\/renasterea.ro\/ro\/wp-content\/uploads\/2026\/08\/razie.jpg&#8221;] Jale mare pe \u015foselele Banatului. Poli\u0163i\u015ftii au dat 440 de amenzi, au re\u0163inut 30 de permise \u015fi au retras 20 de certificate de \u00eenmatriculare \u00cen perioada 21-23.08.2026, pentru men\u021binerea unui climat de ordine \u0219i siguran\u021b\u0103 public\u0103 la nivelul jude\u021bului Cara\u0219-Severin, peste 650 de poli\u021bi\u0219ti au fost angrena\u021bi \u00een activit\u0103\u021bi operative, dintre ace\u0219tia [&hellip;]<\/p>\n","protected":false},"author":1,"featured_media":0,"comment_status":"open","ping_status":"","sticky":false,"template":"","format":"standard","meta":{"footnotes":""},"categories":[89],"tags":[226,188],"class_list":["post-2112851","post","type-post","status-publish","format-standard","hentry","category-romania","tag-crawlmanager","tag-renasterea-ro"],"_links":{"self":[{"href":"https:\/\/analyse.optim.biz\/index.php?rest_route=\/wp\/v2\/posts\/2112851","targetHints":{"allow":["GET"]}}],"collection":[{"href":"https:\/\/analyse.optim.biz\/index.php?rest_route=\/wp\/v2\/posts"}],"about":[{"href":"https:\/\/analyse.optim.biz\/index.php?rest_route=\/wp\/v2\/types\/post"}],"author":[{"embeddable":true,"href":"https:\/\/analyse.optim.biz\/index.php?rest_route=\/wp\/v2\/users\/1"}],"replies":[{"embeddable":true,"href":"https:\/\/analyse.optim.biz\/index.php?rest_route=%2Fwp%2Fv2%2Fcomments&post=2112851"}],"version-history":[{"count":0,"href":"https:\/\/analyse.optim.biz\/index.php?rest_route=\/wp\/v2\/posts\/2112851\/revisions"}],"wp:attachment":[{"href":"https:\/\/analyse.optim.biz\/index.php?rest_route=%2Fwp%2Fv2%2Fmedia&parent=2112851"}],"wp:term":[{"taxonomy":"category","embeddable":true,"href":"https:\/\/analyse.optim.biz\/index.php?rest_route=%2Fwp%2Fv2%2Fcategories&post=2112851"},{"taxonomy":"post_tag","embeddable":true,"href":"https:\/\/analyse.optim.biz\/index.php?rest_route=%2Fwp%2Fv2%2Ftags&post=2112851"}],"curies":[{"name":"wp","href":"https:\/\/api.w.org\/{rel}","templated":true}]}}