{"id":2112830,"date":"2026-08-26T08:19:30","date_gmt":"2026-08-26T05:19:30","guid":{"rendered":"https:\/\/analyse.optim.biz\/?p=2112830"},"modified":"2026-08-26T08:19:30","modified_gmt":"2026-08-26T05:19:30","slug":"avertisment-dur-la-kiev-ucraina-pierde-treptat-razboiul","status":"publish","type":"post","link":"https:\/\/analyse.optim.biz\/?p=2112830","title":{"rendered":"Avertisment dur la Kiev: Ucraina pierde treptat r\u0103zboiul"},"content":{"rendered":"<p>[analyse_image type=&#8221;featured&#8221; src=&#8221;https:\/\/ortodoxinfo.ro\/wp-content\/uploads\/2026\/08\/gettyimages-2275139046_20260715-193908.webp.webphttps:\/\/ortodoxinfo.ro\/wp-content\/uploads\/2026\/08\/gettyimages-2275139046_20260715-193908.webp.webp&#8221;]<\/p>\n<article id=\"post-261588\" class=\"post-261588 post type-post status-publish format-standard has-post-thumbnail category-ucraina\">\n<header class=\"single-header\">\n<aside class=\"breadcrumb-wrap breadcrumb-yoast s-breadcrumb\">\n<div class=\"breadcrumb-inner\"><span><span><a href=\"https:\/\/ortodoxinfo.ro\/\">Prima pagin\u0103<\/a><\/span> \u00bb <span><a href=\"https:\/\/ortodoxinfo.ro\/blog\/\">Blog<\/a><\/span> \u00bb <span class=\"breadcrumb_last\" aria-current=\"page\">Avertisment dur la Kiev: Ucraina pierde treptat r\u0103zboiul<\/span><\/span><\/div>\n<\/aside>\n<h1 class=\"s-title fw-headline\">Avertisment dur la Kiev: Ucraina pierde treptat r\u0103zboiul<\/h1>\n<div class=\"single-meta meta-s-default yes-0\">\n<div class=\"smeta-in\"><a class=\"meta-el meta-avatar\" href=\"https:\/\/ortodoxinfo.ro\/author\/redactor\/\"><img loading=\"lazy\" decoding=\"async\" alt=\"OrtodoxINFO\" src=\"https:\/\/secure.gravatar.com\/avatar\/21010332354a182ce4de6016685c5586f21c51866d0ec5bc8ef383240b3c3e02?s=120&amp;r=g\" class=\"avatar avatar-120 photo\" height=\"120\" width=\"120\"><\/a><\/p>\n<div class=\"smeta-sec\">\n<div class=\"p-meta\">\n<div class=\"meta-inner is-meta\"><span class=\"meta-el meta-date\"><time datetime=\"2026-08-26T11:07:49+03:00\">26 august 2026<\/time><\/span><span class=\"meta-el meta-category meta-bold\"><a class=\"meta-separate category-15871\" href=\"https:\/\/ortodoxinfo.ro\/category\/anti-sistem\/al-iii-lea-razboi-mondial\/ucraina\/\">Ucraina<\/a><\/span><span class=\"meta-el meta-view\">6.6k vizualiz\u0103ri\t\t<\/span><span class=\"meta-el meta-comment mobile-last-meta tablet-last-meta\"><a href=\"https:\/\/ortodoxinfo.ro\/2026\/08\/26\/avertisment-dur-la-kiev-ucraina-pierde-treptat-razboiul\/#respond\">Comentarii<\/a><\/span><\/div>\n<\/div>\n<\/div>\n<\/div>\n<div class=\"smeta-extra\">\n<div class=\"t-shared-sec tooltips-n has-read-meta is-color\">\n<div class=\"t-shared-header is-meta\"><span class=\"share-label\">Share<\/span><\/div>\n<\/div>\n<div class=\"single-right-meta single-time-read is-meta\"><span class=\"meta-el meta-read\">7 Min Read<\/span><\/div>\n<\/div>\n<\/div>\n<\/header>\n<div class=\"grid-container\">\n<div class=\"s-ct\">\n<div class=\"s-feat-outer\">\n<div class=\"s-feat\">\n<div class=\"featured-lightbox-trigger\" data-source=\"https:\/\/ortodoxinfo.ro\/wp-content\/uploads\/2026\/08\/gettyimages-2275139046_20260715-193908.webp.webp\" data-caption data-attribution><img fetchpriority=\"high\" decoding=\"async\" width=\"860\" height=\"573\" src=\"https:\/\/ortodoxinfo.ro\/wp-content\/uploads\/2026\/08\/gettyimages-2275139046_20260715-193908.webp-860x573.webp\" class=\"attachment-foxiz_crop_o1 size-foxiz_crop_o1 wp-post-image\" alt loading=\"eager\"><\/div>\n<\/div>\n<\/div>\n<div class=\"s-ct-wrap has-lsl\">\n<div class=\"s-ct-inner\">\n<div class=\"l-shared-sec-outer show-mobile\">\n<div class=\"l-shared-sec\">\n<div class=\"l-shared-header meta-text\"><span class=\"share-label\">SHARE<\/span><\/div>\n<\/div>\n<\/div>\n<div class=\"e-ct-outer\">\n<div class=\"entry-top\">\n<div id=\"custom_html-3\" class=\"widget_text widget entry-widget clearfix widget_custom_html\">\n<div class=\"textwidget custom-html-widget\">\n<div><small><br \/>\n    OrtodoxINFO este supus unui sabotaj sistematic din partea reprezentan\u021bilor Google Rom\u00e2nia, at\u00e2t la afi\u0219\u0103ri c\u00e2t \u0219i \u00een rezultatele de c\u0103utare.<br \/>\n        Astfel c\u0103 veniturile din publicitate au sc\u0103zut de p\u00e2n\u0103 la <strong>10 ori<\/strong>. Situa\u021bia este similar\u0103 \u0219i pe Facebook.<\/p>\n<p>        V\u0103 invit\u0103m s\u0103 accesa\u021bi direct site-ul \u0219i s\u0103 v\u0103 abona\u021bi la notific\u0103ri.<\/p>\n<p>    Dac\u0103 dori\u021bi s\u0103 ne sus\u021bine\u021bi \u00een aceast\u0103 perioad\u0103 dificil\u0103, orice <a href=\"https:\/\/ortodoxinfo.ro\/donatii\/\">dona\u021bie<\/a> este binevenit\u0103.<br \/>\n    Dumnezeu s\u0103 v\u0103 r\u0103spl\u0103teasc\u0103!<br \/>\n<\/small><\/div>\n<\/div>\n<\/div>\n<\/div>\n<div class=\"entry-content rbct clearfix is-highlight-shares\">\n<div class=\"ruby-table-contents rbtoc table-left table-fw-single-col\">\n<div class=\"toc-header\"><span class=\"h3\">Sumar<\/span><\/div>\n<div class=\"toc-content h5\"><a href=\"https:\/\/ortodoxinfo.ro\/2026\/08\/26\/avertisment-dur-la-kiev-ucraina-pierde-treptat-razboiul\/#fedorov-cred-ca-acum-exista-un-punct-de-cotitura-care-va-determina-directia-noastra-viitoare\" class=\"table-link no-link anchor-link\" data-index=\"rb-heading-index-0\">Fedorov: \u201dCred c\u0103 acum exist\u0103 un punct de cotitur\u0103 care va determina direc\u021bia noastr\u0103 viitoare\u201d<\/a><a href=\"https:\/\/ortodoxinfo.ro\/2026\/08\/26\/avertisment-dur-la-kiev-ucraina-pierde-treptat-razboiul\/#cristicile-aduse-de-mihailo-fedorov-la-adresa-statului-ucrainean\" class=\"table-link no-link anchor-link\" data-index=\"rb-heading-index-1\">Cristicile aduse de Mihailo Fedorov la adresa statului Ucrainean<\/a><a href=\"https:\/\/ortodoxinfo.ro\/2026\/08\/26\/avertisment-dur-la-kiev-ucraina-pierde-treptat-razboiul\/#fedorov-sustine-ca-ucraina-mai-are-cateva-luni-pentru-a-profita-de-avantajul-dronelor\" class=\"table-link no-link anchor-link\" data-index=\"rb-heading-index-2\">Fedorov sus\u021bine c\u0103 Ucraina mai are c\u00e2teva luni pentru a profita de avantajul dronelor<\/a><a href=\"https:\/\/ortodoxinfo.ro\/2026\/08\/26\/avertisment-dur-la-kiev-ucraina-pierde-treptat-razboiul\/#disputa-bugetara-de-27-de-miliarde-de-dolari-dintre-fedorov-si-zelenski\" class=\"table-link no-link anchor-link\" data-index=\"rb-heading-index-3\">Disputa bugetar\u0103 de 27 de miliarde de dolari dintre Fedorov \u0219i Zelenski<\/a><a href=\"https:\/\/ortodoxinfo.ro\/2026\/08\/26\/avertisment-dur-la-kiev-ucraina-pierde-treptat-razboiul\/#fostul-ministru-cere-organizarea-de-alegeri-in-timpul-razboiului\" class=\"table-link no-link anchor-link\" data-index=\"rb-heading-index-4\">Fostul ministru cere organizarea de alegeri \u00een timpul r\u0103zboiului<\/a><a href=\"https:\/\/ortodoxinfo.ro\/2026\/08\/26\/avertisment-dur-la-kiev-ucraina-pierde-treptat-razboiul\/#fedorov-vrea-sa-investeasca-in-tehnologii-militare\" class=\"table-link no-link anchor-link\" data-index=\"rb-heading-index-5\">Fedorov vrea s\u0103 investeasc\u0103 \u00een tehnologii militare<\/a><\/div>\n<\/div>\n<p id=\"p-0\" class=\"p1\"><span class=\"s1\">Fostul ministru ucrainean al Ap\u0103r\u0103rii, Mihailo Fedorov, avertizeaz\u0103 c\u0103 Ucraina pierde treptat r\u0103zboiul \u00eempotriva Rusiei \u0219i c\u0103 urm\u0103toarele luni vor fi decisive. \u00centr-un interviu pentru <a href=\"https:\/\/www.reuters.com\/business\/aerospace-defense\/ukraine-needs-changes-avoid-losing-war-ousted-defence-minister-says-2026-08-25\/\">Reuters<\/a>, el sus\u021bine c\u0103 Kievul are nevoie urgent de o strategie pentru \u00eencheierea r\u0103zboiului, de investi\u021bii \u00een tehnologii militare \u0219i de reformarea institu\u021biilor statului.<\/span><\/p>\n<h3 id=\"fedorov-cred-ca-acum-exista-un-punct-de-cotitura-care-va-determina-directia-noastra-viitoare\" class=\"rb-heading-index-0 s1\"><span class=\"s1\">Fedorov: \u201dCred c\u0103 acum exist\u0103 un punct de cotitur\u0103 care va determina direc\u021bia noastr\u0103 viitoare\u201d<\/span><\/h3>\n<p id=\"p-7\" class=\"p1\"><span class=\"s1\">Fostul ministru al Ap\u0103r\u0103rii, Fedorov, demis luna trecut\u0103 la \u0219ase luni dup\u0103 numirea sa \u00een func\u021bie, sus\u021bine c\u0103 Ucraina nu are \u00een prezent o viziune de ansamblu asupra modului \u00een care poate c\u00e2\u0219tiga r\u0103zboiul \u0219i c\u0103 lipsa de inova\u021bie \u00eei limiteaz\u0103 capacitatea de a se ap\u0103ra.<\/span><\/p>\n<blockquote>\n<p id=\"p-8\" class=\"p1\"><span class=\"s1\">\u201eCred c\u0103 acum exist\u0103 un punct de cotitur\u0103 care va determina direc\u021bia noastr\u0103 viitoare, dar se pare c\u0103 pierdem treptat, \u00eencet\u201d, a declarat Fedorov \u00eentr-un interviu acordat Reuters.<\/span><\/p>\n<\/blockquote>\n<p id=\"p-9\" class=\"p1\"><span class=\"s1\">Fostul ministru spune \u00eens\u0103 c\u0103 Ucraina are \u00een continuare <strong>\u201etoate \u0219ansele\u201d<\/strong> s\u0103 c\u00e2\u0219tige r\u0103zboiul, cu condi\u021bia s\u0103 elaboreze urgent un plan pentru \u00eencheierea conflictului.<\/span><\/p>\n<p id=\"p-10\" class=\"p1\"><span class=\"s1\">Biroul pre\u0219edintelui ucrainean a reac\u021bionat la afirma\u021biile lui Fedorov, sus\u021bin\u00e2nd c\u0103 acesta vorbea pozitiv despre evolu\u021bia r\u0103zboiului atunci c\u00e2nd se afla la conducerea Ministerului Ap\u0103r\u0103rii \u0219i c\u0103 singurul lucru care s-a schimbat \u00eentre timp este statutul s\u0103u personal.<\/span><\/p>\n<h3 id=\"cristicile-aduse-de-mihailo-fedorov-la-adresa-statului-ucrainean\" class=\"rb-heading-index-1 p1\"><span class=\"s1\">Cristicile aduse de Mihailo Fedorov la adresa statului Ucrainean<\/span><\/h3>\n<p id=\"p-11\" class=\"p1\"><span class=\"s1\">Fostul ministru ucrainean al Ap\u0103r\u0103rii sus\u021bine c\u0103 Ucraina trebuie s\u0103 accelereze dezvoltarea unor tehnologii militare care ar putea schimba raportul de for\u021be.<\/span><\/p>\n<p id=\"p-12\" class=\"p1\"><span class=\"s1\">Printre priorit\u0103\u021bile sale se num\u0103r\u0103 drone autonome ghidate de inteligen\u021b\u0103 artificial\u0103, rachete interceptoare ieftine pentru ap\u0103rarea \u00eempotriva atacurilor ruse\u0219ti \u0219i dezvoltarea unui program ucrainean de rachete balistice.<\/span><\/p>\n<p id=\"p-13\" class=\"p1\"><span class=\"s1\">Produc\u0103torii ucraineni lucreaz\u0103 deja la aceste tehnologii, \u00eens\u0103, potrivit fostului ministru, problema este lipsa unei strategii comune care s\u0103 permit\u0103 folosirea lor c\u00e2t mai eficient\u0103.<\/span><\/p>\n<blockquote>\n<p id=\"p-14\" class=\"p1\"><span class=\"s1\">\u201eTehnologiile exist\u0103 deja \u0219i ar putea s\u0103-i opreasc\u0103 complet pe ru\u0219i, dar lipsa noastr\u0103 de viziune \u00eenseamn\u0103 c\u0103 nu le aplic\u0103m\u201d, a spus Fedorov.<\/span><\/p>\n<\/blockquote>\n<p id=\"p-15\" class=\"p1\"><span class=\"s1\">El a descris o posibil\u0103 linie a frontului \u00een care senzorii electronici s\u0103 detecteze mi\u0219c\u0103rile inamicului, iar dronele terestre \u0219i aeriene s\u0103 reduc\u0103 la minimum prezen\u021ba oamenilor \u00een zonele de lupt\u0103.<\/span><\/p>\n<p id=\"p-16\" class=\"p1\"><span class=\"s1\">Fedorov a criticat \u0219i modul \u00een care func\u021bioneaz\u0103 statul ucrainean, despre care spune c\u0103 nu \u00ee\u0219i folose\u0219te eficient poten\u021bialul.<\/span><\/p>\n<div class=\"inline-single-ad ad_single_3_index alignfull\">\n<div class=\"ad-wrap ad-script-wrap\">\n<div class=\"ad-script non-adsense edge-padding\">\n<div>\n\u203c\ufe0f\u203c\ufe0f NU recunoa\u0219tem ca pre\u0219edinte al Rom\u00e2niei pe marioneta retard\u0103 Nicu\u0219or Dan! Rom\u00e2ni, boicota\u021bi aceast\u0103 f\u0103c\u0103tur\u0103, care ne face \u021bara de r\u00e2s! NU rom\u00e2nii l-au votat pe Nicusoro\u0219 &#8211; cu unele excep\u021bii de persoane infantile, manipulabile \u0219i chiar idioate &#8211; ci l-au ajutat Maia Soro\u0219, Emanuel Macrou \u0219i tr\u0103d\u0103torii de la B.E.C. \u0219i CCR!<br \/>\n La \u00eenchisoare cu cei care au fraudat alegerile!\n<\/div>\n<\/div>\n<\/div>\n<\/div>\n<blockquote>\n<p id=\"p-17\" class=\"p1\"><span class=\"s1\">\u201eStatul func\u021bioneaz\u0103 cu o eficien\u021b\u0103 de 5%\u201d, a afirmat fostul ministru.<\/span><\/p>\n<\/blockquote>\n<h3 id=\"fedorov-sustine-ca-ucraina-mai-are-cateva-luni-pentru-a-profita-de-avantajul-dronelor\" class=\"rb-heading-index-2 p2\"><span class=\"s1\">Fedorov sus\u021bine c\u0103 Ucraina mai are c\u00e2teva luni pentru a profita de avantajul dronelor<\/span><\/h3>\n<p id=\"p-18\" class=\"p1\"><span class=\"s1\">Fostul ministru afirm\u0103 c\u0103 a avut un rol important \u00een campania ucrainean\u0103 cu drone care a vizat \u00een acest an aprovizionarea cu combustibil \u0219i logistica militar\u0103 a Rusiei \u00een partea ocupat\u0103 din sudul Ucrainei.<\/span><\/p>\n<p id=\"p-19\" class=\"p1\"><span class=\"s1\">Atacurile au creat probleme pentru trupele ruse de pe front. Fedorov consider\u0103 c\u0103 Ucraina mai are la dispozi\u021bie c\u00e2teva luni pentru a continua aceast\u0103 opera\u021biune \u0219i pentru a \u00eencerca s\u0103 izoleze Crimeea ocupat\u0103 de Rusia.<\/span><\/p>\n<p id=\"p-20\" class=\"p1\"><span class=\"s1\">Potrivit lui, fereastra de oportunitate se va \u00eenchide \u00een momentul \u00een care Rusia va g\u0103si modalit\u0103\u021bi de a r\u0103spunde tacticilor ucrainene.<\/span><\/p>\n<p id=\"p-21\" class=\"p1\"><span class=\"s1\">Campania de atacuri a contribuit semnificativ, potrivit lui Fedorov, la schimbarea percep\u021biei asupra perspectivelor Ucrainei \u00een r\u0103zboi. <\/span><span class=\"s1\">Fostul ministru a sus\u021binut anterior c\u0103 succesul opera\u021biunii a fost favorizat de decizia sa de a anticipa o parte din cheltuielile planificate pentru a doua jum\u0103tate a anului 2026.<\/span><\/p>\n<h3 id=\"disputa-bugetara-de-27-de-miliarde-de-dolari-dintre-fedorov-si-zelenski\" class=\"rb-heading-index-3 p2\">Disputa bugetar\u0103 de 27 de miliarde de dolari dintre Fedorov \u0219i Zelenski<\/h3>\n<p id=\"p-22\" class=\"p1\"><span class=\"s1\">Decizia de a anticipa cheltuielile a devenit ulterior unul dintre punctele de disput\u0103 dintre Fedorov \u0219i pre\u0219edintele Volodimir Zelenski. <\/span><span class=\"s1\">Liderul de la Kiev a afirmat \u00een weekend c\u0103 aceast\u0103 decizie a l\u0103sat Ministerul Ap\u0103r\u0103rii cu o gaur\u0103 de 27 de miliarde de dolari \u00een buget. Ucraina, dependent\u0103 de sprijinul financiar extern, nu are \u00een prezent o solu\u021bie pentru acoperirea acestei sume, potrivit pre\u0219edintelui.<\/span><\/p>\n<p id=\"p-23\" class=\"p1\"><span class=\"s1\">Fedorov respinge aceast\u0103 acuza\u021bie \u0219i spune c\u0103 nu \u0219tie de unde provine cifra prezentat\u0103 de Zelenski \u0219i<\/span><span class=\"s1\">\u00a0sus\u021bine c\u0103 ministerul elaborase un plan financiar bazat pe economii ob\u021binute prin noi licita\u021bii pentru achizi\u021bii \u0219i pe sprijin interna\u021bional.<\/span><\/p>\n<p id=\"p-24\" class=\"p1\"><span class=\"s1\">Fostul ministru afirm\u0103, de asemenea, c\u0103 a descoperit probleme serioase \u00een momentul \u00een care a preluat conducerea Ministerului Ap\u0103r\u0103rii.<\/span><\/p>\n<blockquote>\n<p id=\"p-25\" class=\"p1\"><span class=\"s1\">\u201eC\u00e2nd am ajuns la Ministerul Ap\u0103r\u0103rii, am descoperit c\u0103 \u0219efii unor departamente fuseser\u0103 numi\u021bi la cererea unor companii ucrainene din domeniul ap\u0103r\u0103rii, pentru a le reprezenta interesele\u201d, a spus Fedorov.<\/span><\/p>\n<\/blockquote>\n<p id=\"p-26\" class=\"p1\"><span class=\"s1\">\u00cen ceea ce prive\u0219te deficitul bugetar, el afirm\u0103 c\u0103 planul preg\u0103tit \u00een perioada \u00een care se afla la minister prevedea un deficit de aproximativ 5 miliarde de dolari p\u00e2n\u0103 la sf\u00e2r\u0219itul anului.<\/span><\/p>\n<blockquote>\n<p id=\"p-27\" class=\"p1\"><span class=\"s1\">\u201eLa sf\u00e2r\u0219itul anului, deficitul bugetar conform planific\u0103rii noastre era de aproximativ cinci miliarde de dolari \u0219i \u0219tiam de unde \u00eei vom ob\u021bine. Poate c\u0103 planul s-a schimbat \u0219i au ap\u0103rut proiecte noi care necesit\u0103 un asemenea buget\u201d, a declarat Fedorov.<\/span><\/p>\n<\/blockquote>\n<h3 id=\"fostul-ministru-cere-organizarea-de-alegeri-in-timpul-razboiului\" class=\"rb-heading-index-4 p2\"><span class=\"s1\">Fostul ministru cere organizarea de alegeri \u00een timpul r\u0103zboiului<\/span><\/h3>\n<p id=\"p-28\" class=\"p1\"><span class=\"s1\">Fedorov a provocat o nou\u0103 controvers\u0103 s\u0103pt\u0103m\u00e2na trecut\u0103, c\u00e2nd a devenit prima figur\u0103 politic\u0103 important\u0103 din Ucraina care a cerut organizarea de alegeri \u00een timpul r\u0103zboiului. <\/span><span class=\"s1\">El a descris situa\u021bia politic\u0103 drept o criz\u0103 \u201esistemic\u0103\u201d de guvernare.<\/span><\/p>\n<p id=\"p-29\" class=\"p1\"><span class=\"s1\">Apelul s\u0103u a fost primit cu nemul\u021bumire de mul\u021bi ucraineni. <\/span><span class=\"s1\">Zelenski a criticat, la r\u00e2ndul s\u0103u, propunerea lui Fedorov \u0219i a sus\u021binut c\u0103 organizarea alegerilor ar putea distruge Ucraina \u00een timp ce \u021bara \u00eencearc\u0103 s\u0103 resping\u0103 invazia rus\u0103.<\/span><\/p>\n<p id=\"p-30\" class=\"p1\"><span class=\"s1\">De la invazia Rusiei din februarie 2022, Ucraina se afl\u0103 sub lege mar\u021bial\u0103, care interzice organizarea alegerilor din motive de securitate.<\/span><\/p>\n<p id=\"p-31\" class=\"p1\"><span class=\"s1\">Pre\u0219edintele ucrainean a sugerat c\u0103 Fedorov ar putea fi determinat de for\u021be externe s\u0103 cear\u0103 organizarea alegerilor. Fostul ministru a respins ferm aceast\u0103 acuza\u021bie \u0219i <\/span><span class=\"s1\">recunoa\u0219te c\u0103 organizarea unor alegeri \u00een timpul r\u0103zboiului ar presupune dificult\u0103\u021bi logistice majore, dar sus\u021bine c\u0103 Ucraina ar putea g\u0103si solu\u021bii inovatoare.<\/span><\/p>\n<h3 id=\"fedorov-vrea-sa-investeasca-in-tehnologii-militare\" class=\"rb-heading-index-5 p2\"><span class=\"s1\">Fedorov vrea s\u0103 investeasc\u0103 \u00een tehnologii militare<\/span><\/h3>\n<p id=\"p-32\" class=\"p1\"><span class=\"s1\">\u00cen perioada urm\u0103toare, fostul ministru spune c\u0103 \u00ee\u0219i va \u00eemp\u0103r\u021bi timpul \u00eentre campania pentru reluarea alegerilor \u00een Ucraina \u0219i proiectele din domeniul tehnologiilor militare.<\/span><\/p>\n<p id=\"p-33\" class=\"p1\"><span class=\"s1\">Printre acestea se afl\u0103 un fond de investi\u021bii destinat tehnologiilor militare inovatoare. Fedorov inten\u021bioneaz\u0103 s\u0103 atrag\u0103 capital pentru acest fond \u00een timpul unei viitoare vizite \u00een Statele Unite.<\/span><\/p>\n<\/div>\n<div class=\"entry-bottom\">\n<div id=\"block-9\" class=\"widget entry-widget clearfix widget_block\">\n<div><a href=\"https:\/\/suspend.ro\" target=\"_blank\" rel=\"noopener noreferrer\"><img decoding=\"async\" src=\"https:\/\/ortodoxinfo.ro\/wp-content\/uploads\/2026\/08\/FB_IMG_1786185261439.jpg\" alt=\"Verific\u0103 pe suspend.ro \u2013 Parlamentarii din jude\u021bul t\u0103u sus\u021bin suspendarea lui Nicu\u0219or Dan?\"><\/a><\/div>\n<\/div>\n<\/div>\n<\/div>\n<\/div>\n<div class=\"e-shared-sec entry-sec\">\n<div class=\"e-shared-header h4\"><span>Distribuie<\/span><\/div>\n<div class=\"rbbsl tooltips-n effect-fadeout is-bg\"><a class=\"share-action share-trigger icon-facebook\" aria-label=\"Share on Facebook\" href=\"https:\/\/www.facebook.com\/sharer.php?u=https%3A%2F%2Fortodoxinfo.ro%2F2026%2F08%2F26%2Favertisment-dur-la-kiev-ucraina-pierde-treptat-razboiul%2F\" data-title=\"Facebook\" rel=\"nofollow\"><span>Facebook<\/span><\/a><a class=\"share-action share-trigger icon-twitter\" aria-label=\"Share on X\" href=\"https:\/\/twitter.com\/intent\/tweet?text=Avertisment+dur+la+Kiev%3A+Ucraina+pierde+treptat+r%C4%83zboiul&amp;url=https%3A%2F%2Fortodoxinfo.ro%2F2026%2F08%2F26%2Favertisment-dur-la-kiev-ucraina-pierde-treptat-razboiul%2F&amp;via=ortodoxinforo\" data-title=\"X\" rel=\"nofollow\"><span>X<\/span><\/a><a class=\"share-action icon-whatsapp is-web\" aria-label=\"Share on Whatsapp\" href=\"https:\/\/web.whatsapp.com\/send?text=Avertisment+dur+la+Kiev%3A+Ucraina+pierde+treptat+r%C4%83zboiul%20%E2%98%9E%20https%3A%2F%2Fortodoxinfo.ro%2F2026%2F08%2F26%2Favertisment-dur-la-kiev-ucraina-pierde-treptat-razboiul%2F\" target=\"_blank\" data-title=\"WhatsApp\" rel=\"nofollow\"><span>Whatsapp<\/span><\/a><a class=\"share-action icon-whatsapp is-mobile\" aria-label=\"Share on Whatsapp\" href=\"\/\/send?text=Avertisment+dur+la+Kiev%3A+Ucraina+pierde+treptat+r%C4%83zboiul%20%E2%98%9E%20https%3A%2F%2Fortodoxinfo.ro%2F2026%2F08%2F26%2Favertisment-dur-la-kiev-ucraina-pierde-treptat-razboiul%2F\" target=\"_blank\" data-title=\"WhatsApp\" rel=\"nofollow\"><span>Whatsapp<\/span><\/a><a class=\"share-action share-trigger icon-telegram\" aria-label=\"Share on Telegram\" href=\"https:\/\/t.me\/share\/?url=https%3A%2F%2Fortodoxinfo.ro%2F2026%2F08%2F26%2Favertisment-dur-la-kiev-ucraina-pierde-treptat-razboiul%2F&amp;text=Avertisment+dur+la+Kiev%3A+Ucraina+pierde+treptat+r%C4%83zboiul\" data-title=\"Telegram\" rel=\"nofollow\"><span>Telegram<\/span><\/a><a class=\"share-action icon-copy copy-trigger\" aria-label=\"Copy Link\" href=\"https:\/\/ortodoxinfo.ro\/2026\/08\/26\/avertisment-dur-la-kiev-ucraina-pierde-treptat-razboiul\/\" data-copied=\"Copied!\" data-link=\"https:\/\/ortodoxinfo.ro\/2026\/08\/26\/avertisment-dur-la-kiev-ucraina-pierde-treptat-razboiul\/\" rel=\"nofollow\" data-copy=\"Copy Link\"><span>Copy Link<\/span><\/a><a class=\"share-action icon-print\" aria-label=\"Print\" rel=\"nofollow\" data-title=\"Print\"><span>Print<\/span><\/a><\/div>\n<\/div>\n<\/div>\n<div id=\"tabs\" class=\"dntplgn_form_wrapper\"><span><\/p>\n<h2>\u0218tirile sunt sub cenzur\u0103! Sprijini\u021bi OrtodoxINFO!<\/h2>\n<p>Guvernul nu dore\u0219te aflarea adev\u0103rului despre lovitura de stat \u0219i \u00eengenuncherea Rom\u00e2niei. \u00cencerc\u0103m s\u0103 men\u021binem viu acest site \u0219i s\u0103 v\u0103 punem la dispozi\u021bie informa\u021bii care s\u0103 fac\u0103 lumin\u0103 \u00een cea mai mare provocare pe care o tr\u0103im. Jurnalismul independent al portalului OrtodoxINFO func\u021bioneaz\u0103 strict cu ajutorul cititorilor.<br \/>\nNe pute\u021bi sprijini printr-o <b><a href=\"https:\/\/ortodoxinfo.ro\/donatii\/\">dona\u021bie bancar\u0103<\/a> sau prin PayPal, complet\u00e2nd formularul de mai jos.<\/b><\/span><\/p>\n<ul>\n<li><a href=\"https:\/\/ortodoxinfo.ro\/2026\/08\/26\/avertisment-dur-la-kiev-ucraina-pierde-treptat-razboiul\/#tabs-1\">Dona\u021bie lunar\u0103<\/a><\/li>\n<li><a href=\"https:\/\/ortodoxinfo.ro\/2026\/08\/26\/avertisment-dur-la-kiev-ucraina-pierde-treptat-razboiul\/#tabs-2\">Doar acum<\/a><\/li>\n<\/ul>\n<div id=\"tabs-1\"><img loading=\"lazy\" decoding=\"async\" alt border=\"0\" src=\"https:\/\/www.paypalobjects.com\/en_US\/i\/scr\/pixel.gif\" width=\"1\" height=\"1\"><\/div>\n<div id=\"tabs-2\">\n<p>\t\t     \u20ac<\/p>\n<p>\t\t    <img loading=\"lazy\" decoding=\"async\" alt border=\"0\" src=\"https:\/\/www.paypalobjects.com\/en_US\/i\/scr\/pixel.gif\" width=\"1\" height=\"1\"><\/div>\n<p>Mul\u021bumim celor care ne-au ajutat p\u00e2n\u0103 acum!\n\t<\/p><\/div>\n<div class=\"comment-box-wrap entry-sec\">\n<div class=\"comment-box-header\"><span class=\"h3\">Las\u0103 un comentariu<\/span><\/div>\n<div class=\"comment-holder no-comment\">\n<div id=\"comments\" class=\"comments-area\">\n<div id=\"respond\" class=\"comment-respond\">\n<h3 id=\"reply-title\" class=\"comment-reply-title\">Las\u0103 un r\u0103spuns <small><a rel=\"nofollow\" id=\"cancel-comment-reply-link\" href=\"https:\/\/ortodoxinfo.ro\/2026\/08\/26\/avertisment-dur-la-kiev-ucraina-pierde-treptat-razboiul\/#respond\">Anuleaz\u0103 r\u0103spunsul<\/a><\/small><\/h3>\n<p class=\"comment-notes\"><span id=\"email-notes\">Adresa ta de email nu va fi publicat\u0103.<\/span><span class=\"required-field-message\">C\u00e2mpurile obligatorii sunt marcate cu <span class=\"required\">*<\/span><\/span><\/p>\n<\/div>\n<\/div>\n<\/div>\n<\/div>\n<\/div>\n<div class=\"sidebar-wrap single-sidebar\">\n<div class=\"sidebar-inner clearfix\">\n<div id=\"widget-post-2\" class=\"widget rb-section w-sidebar clearfix widget-post\">\n<div class=\"block-h widget-heading heading-layout-1\">\n<div class=\"heading-inner\">\n<h4 class=\"heading-title\"><span>Articole recente<\/span><\/h4>\n<\/div>\n<\/div>\n<div class=\"widget-p-listing\">\n<div class=\"p-wrap p-small p-list-small-2\" data-pid=\"261755\">\n<div class=\"feat-holder\">\n<div class=\"p-featured ratio-v1\"><a class=\"p-flink\" href=\"https:\/\/ortodoxinfo.ro\/2026\/08\/26\/ioan-aurel-pop-da-de-pamant-cu-raportul-antiromanesc-al-lui-nicusor-dan-de-ce-exista-teama-ca-romanii-ar-fi-prea-romani-nu-pot-sa-inteleg\/\" title=\"Ioan-Aurel Pop d\u0103 de p\u0103m\u00e2nt cu raportul antirom\u00e2nesc al lui Nicu\u0219or Dan: \u201eDe ce exist\u0103 teama c\u0103 rom\u00e2nii ar fi prea rom\u00e2ni nu pot s\u0103 \u00een\u021beleg\u201d\"><img decoding=\"async\" width=\"150\" height=\"150\" src=\"https:\/\/ortodoxinfo.ro\/wp-content\/uploads\/2026\/08\/ioan-aurel-pop_vyDWe-150x150.webp\" class=\"featured-img wp-post-image\" alt loading=\"lazy\"><\/a><\/div>\n<\/div>\n<div class=\"p-content\">\n<h5 class=\"entry-title\"><a class=\"p-url\" href=\"https:\/\/ortodoxinfo.ro\/2026\/08\/26\/ioan-aurel-pop-da-de-pamant-cu-raportul-antiromanesc-al-lui-nicusor-dan-de-ce-exista-teama-ca-romanii-ar-fi-prea-romani-nu-pot-sa-inteleg\/\" rel=\"bookmark\">Ioan-Aurel Pop d\u0103 de p\u0103m\u00e2nt cu raportul antirom\u00e2nesc al lui Nicu\u0219or Dan: \u201eDe ce exist\u0103 teama c\u0103 rom\u00e2nii ar fi prea rom\u00e2ni nu pot s\u0103 \u00een\u021beleg\u201d<\/a><\/h5>\n<div class=\"p-meta\">\n<div class=\"meta-inner is-meta\"><span class=\"meta-el meta-date\"><time datetime=\"2026-08-26T16:00:57+03:00\">26 august 2026<\/time><\/span><span class=\"meta-el meta-category meta-bold\"><a class=\"meta-separate category-19866\" href=\"https:\/\/ortodoxinfo.ro\/category\/lupta-pentru-romania\/\">Lupt\u0103 pentru Rom\u00e2nia<\/a><\/span><span class=\"meta-el meta-view\">3.7k vizualiz\u0103ri\t\t<\/span><\/div>\n<\/div>\n<\/div>\n<\/div>\n<div class=\"p-wrap p-small p-list-small-2\" data-pid=\"261647\">\n<div class=\"feat-holder\">\n<div class=\"p-featured ratio-v1\"><a class=\"p-flink\" href=\"https:\/\/ortodoxinfo.ro\/2026\/08\/26\/aur-va-vota-legea-integritatii-care-il-trimite-pe-fritz-acasa-nu-ascultati-propaganda-mincinoasa-a-unor-falsi-suveranisti-si-a-unor-trusturi-de-presa-manipulatoare\/\" title=\"AUR va vota legea integrit\u0103\u021bii care \u00eel trimite pe Fritz acas\u0103. Nu asculta\u021bi propaganda mincinoas\u0103 a unor fal\u0219i suverani\u0219ti \u0219i a unor trusturi de pres\u0103 manipulatoare\"><img decoding=\"async\" width=\"150\" height=\"150\" src=\"https:\/\/ortodoxinfo.ro\/wp-content\/uploads\/2026\/08\/grok_1787730069630-150x150.jpg\" class=\"featured-img wp-post-image\" alt loading=\"lazy\"><\/a><\/div>\n<\/div>\n<div class=\"p-content\">\n<h5 class=\"entry-title\"><a class=\"p-url\" href=\"https:\/\/ortodoxinfo.ro\/2026\/08\/26\/aur-va-vota-legea-integritatii-care-il-trimite-pe-fritz-acasa-nu-ascultati-propaganda-mincinoasa-a-unor-falsi-suveranisti-si-a-unor-trusturi-de-presa-manipulatoare\/\" rel=\"bookmark\">AUR va vota legea integrit\u0103\u021bii care \u00eel trimite pe Fritz acas\u0103. Nu asculta\u021bi propaganda mincinoas\u0103 a unor fal\u0219i suverani\u0219ti \u0219i a unor trusturi de pres\u0103 manipulatoare<\/a><\/h5>\n<div class=\"p-meta\">\n<div class=\"meta-inner is-meta\"><span class=\"meta-el meta-date\"><time datetime=\"2026-08-26T10:58:24+03:00\">26 august 2026<\/time><\/span><span class=\"meta-el meta-category meta-bold\"><a class=\"meta-separate category-19866\" href=\"https:\/\/ortodoxinfo.ro\/category\/lupta-pentru-romania\/\">Lupt\u0103 pentru Rom\u00e2nia<\/a><\/span><span class=\"meta-el meta-view\">9.6k vizualiz\u0103ri\t\t<\/span><\/div>\n<\/div>\n<\/div>\n<\/div>\n<div class=\"p-wrap p-small p-list-small-2\" data-pid=\"261467\">\n<div class=\"feat-holder\">\n<div class=\"p-featured ratio-v1\"><a class=\"p-flink\" href=\"https:\/\/ortodoxinfo.ro\/2026\/08\/25\/banii-din-pnrr-aruncati-pe-tancuri-depasite-lectia-din-ucraina-pe-care-romania-o-ignora-dronele-castiga-tancurile-stau-in-paduri\/\" title=\"Banii din PNRR arunca\u021bi pe tancuri dep\u0103\u0219ite: lec\u021bia din Ucraina pe care Rom\u00e2nia o ignor\u0103 \u2013 dronele c\u00e2\u0219tig\u0103, tancurile stau \u00een p\u0103duri\"><img decoding=\"async\" width=\"150\" height=\"150\" src=\"https:\/\/ortodoxinfo.ro\/wp-content\/uploads\/2026\/08\/grok_1787676416186-150x150.jpg\" class=\"featured-img wp-post-image\" alt loading=\"lazy\"><\/a><\/div>\n<\/div>\n<div class=\"p-content\">\n<h5 class=\"entry-title\"><a class=\"p-url\" href=\"https:\/\/ortodoxinfo.ro\/2026\/08\/25\/banii-din-pnrr-aruncati-pe-tancuri-depasite-lectia-din-ucraina-pe-care-romania-o-ignora-dronele-castiga-tancurile-stau-in-paduri\/\" rel=\"bookmark\">Banii din PNRR arunca\u021bi pe tancuri dep\u0103\u0219ite: lec\u021bia din Ucraina pe care Rom\u00e2nia o ignor\u0103 \u2013 dronele c\u00e2\u0219tig\u0103, tancurile stau \u00een p\u0103duri<\/a><\/h5>\n<div class=\"p-meta\">\n<div class=\"meta-inner is-meta\"><span class=\"meta-el meta-date\"><time datetime=\"2026-08-25T19:52:37+03:00\">25 august 2026<\/time><\/span><span class=\"meta-el meta-category meta-bold\"><a class=\"meta-separate category-19885\" href=\"https:\/\/ortodoxinfo.ro\/category\/anti-sistem\/anti-romanism\/asasinii-tarii\/\">Asasinii \u021b\u0103rii<\/a><\/span><span class=\"meta-el meta-view\">6.8k vizualiz\u0103ri\t\t<\/span><\/div>\n<\/div>\n<\/div>\n<\/div>\n<div class=\"p-wrap p-small p-list-small-2\" data-pid=\"246454\">\n<div class=\"feat-holder\">\n<div class=\"p-featured ratio-v1\"><a class=\"p-flink\" href=\"https:\/\/ortodoxinfo.ro\/2026\/08\/25\/exploziv-finantatorii-secreti-ai-campaniei-lui-nicusor-dan-doi-traficanti-de-droguri-si-de-carne-vie-iar-pe-locul-trei-surpriza-sebastian-ghita-patronul-romania-tv\/\" title=\"EXPLOZIV: Finan\u021batorii secre\u021bi ai campaniei lui Nicu\u0219or Dan: Doi trafican\u021bi de droguri \u0219i de carne vie, iar pe locul trei surpriz\u0103 \u2013 Sebastian Ghi\u021b\u0103, patronul Rom\u00e2nia TV\"><img decoding=\"async\" width=\"150\" height=\"150\" src=\"https:\/\/ortodoxinfo.ro\/wp-content\/uploads\/2026\/08\/file_00000000200481f480cced4fa2d4fa45-150x150.png\" class=\"featured-img wp-post-image\" alt loading=\"lazy\"><\/a><\/div>\n<\/div>\n<div class=\"p-content\">\n<h5 class=\"entry-title\"><a class=\"p-url\" href=\"https:\/\/ortodoxinfo.ro\/2026\/08\/25\/exploziv-finantatorii-secreti-ai-campaniei-lui-nicusor-dan-doi-traficanti-de-droguri-si-de-carne-vie-iar-pe-locul-trei-surpriza-sebastian-ghita-patronul-romania-tv\/\" rel=\"bookmark\">EXPLOZIV: Finan\u021batorii secre\u021bi ai campaniei lui Nicu\u0219or Dan: Doi trafican\u021bi de droguri \u0219i de carne vie, iar pe locul trei surpriz\u0103 \u2013 Sebastian Ghi\u021b\u0103, patronul Rom\u00e2nia TV<\/a><\/h5>\n<div class=\"p-meta\">\n<div class=\"meta-inner is-meta\"><span class=\"meta-el meta-date\"><time datetime=\"2026-08-25T21:44:57+03:00\">25 august 2026<\/time><\/span><span class=\"meta-el meta-category meta-bold\"><a class=\"meta-separate category-19885\" href=\"https:\/\/ortodoxinfo.ro\/category\/anti-sistem\/anti-romanism\/asasinii-tarii\/\">Asasinii \u021b\u0103rii<\/a><\/span><span class=\"meta-el meta-view\">52.6k vizualiz\u0103ri\t\t<\/span><\/div>\n<\/div>\n<\/div>\n<\/div>\n<\/div>\n<\/div>\n<div id=\"custom_html-2\" class=\"widget_text widget rb-section w-sidebar clearfix widget_custom_html\">\n<div class=\"block-h widget-heading heading-layout-1\">\n<div class=\"heading-inner\">\n<h4 class=\"heading-title\"><span>DONA\u021aII \u00een cont bancar<\/span><\/h4>\n<\/div>\n<\/div>\n<div class=\"textwidget custom-html-widget\">\n<table class=\"donatii\">\n<tbody>\n<tr>\n<th colspan=\"2\"><strong><span>Asicia\u021bia SMI-B<\/span><\/strong><\/th>\n<\/tr>\n<tr>\n<th>Cont LEI<\/th>\n<td>RO67CECEB00030RON2081955<\/td>\n<\/tr>\n<tr>\n<th>Cont EURO<\/th>\n<td>RO33CECEB000C1EUR2081978<\/td>\n<\/tr>\n<tr>\n<th>Cod SWIFT<\/th>\n<td>CECEROBU<\/td>\n<\/tr>\n<tr>\n<th colspan=\"2\"><strong>CEC BANK SA<\/strong><\/th>\n<\/tr>\n<\/tbody>\n<\/table>\n<\/div>\n<\/div>\n<\/div>\n<\/div>\n<\/div>\n<\/article>\n<div class=\"entry-content rbct clearfix is-highlight-shares\">\n<div class=\"ruby-table-contents rbtoc table-left table-fw-single-col\">\n<div class=\"toc-header\"><span class=\"h3\">Sumar<\/span><\/div>\n<div class=\"toc-content h5\"><a href=\"https:\/\/ortodoxinfo.ro\/2026\/08\/26\/avertisment-dur-la-kiev-ucraina-pierde-treptat-razboiul\/#fedorov-cred-ca-acum-exista-un-punct-de-cotitura-care-va-determina-directia-noastra-viitoare\" class=\"table-link no-link anchor-link\" data-index=\"rb-heading-index-0\">Fedorov: \u201dCred c\u0103 acum exist\u0103 un punct de cotitur\u0103 care va determina direc\u021bia noastr\u0103 viitoare\u201d<\/a><a href=\"https:\/\/ortodoxinfo.ro\/2026\/08\/26\/avertisment-dur-la-kiev-ucraina-pierde-treptat-razboiul\/#cristicile-aduse-de-mihailo-fedorov-la-adresa-statului-ucrainean\" class=\"table-link no-link anchor-link\" data-index=\"rb-heading-index-1\">Cristicile aduse de Mihailo Fedorov la adresa statului Ucrainean<\/a><a href=\"https:\/\/ortodoxinfo.ro\/2026\/08\/26\/avertisment-dur-la-kiev-ucraina-pierde-treptat-razboiul\/#fedorov-sustine-ca-ucraina-mai-are-cateva-luni-pentru-a-profita-de-avantajul-dronelor\" class=\"table-link no-link anchor-link\" data-index=\"rb-heading-index-2\">Fedorov sus\u021bine c\u0103 Ucraina mai are c\u00e2teva luni pentru a profita de avantajul dronelor<\/a><a href=\"https:\/\/ortodoxinfo.ro\/2026\/08\/26\/avertisment-dur-la-kiev-ucraina-pierde-treptat-razboiul\/#disputa-bugetara-de-27-de-miliarde-de-dolari-dintre-fedorov-si-zelenski\" class=\"table-link no-link anchor-link\" data-index=\"rb-heading-index-3\">Disputa bugetar\u0103 de 27 de miliarde de dolari dintre Fedorov \u0219i Zelenski<\/a><a href=\"https:\/\/ortodoxinfo.ro\/2026\/08\/26\/avertisment-dur-la-kiev-ucraina-pierde-treptat-razboiul\/#fostul-ministru-cere-organizarea-de-alegeri-in-timpul-razboiului\" class=\"table-link no-link anchor-link\" data-index=\"rb-heading-index-4\">Fostul ministru cere organizarea de alegeri \u00een timpul r\u0103zboiului<\/a><a href=\"https:\/\/ortodoxinfo.ro\/2026\/08\/26\/avertisment-dur-la-kiev-ucraina-pierde-treptat-razboiul\/#fedorov-vrea-sa-investeasca-in-tehnologii-militare\" class=\"table-link no-link anchor-link\" data-index=\"rb-heading-index-5\">Fedorov vrea s\u0103 investeasc\u0103 \u00een tehnologii militare<\/a><\/div>\n<\/div>\n<p id=\"p-0\" class=\"p1\"><span class=\"s1\">Fostul ministru ucrainean al Ap\u0103r\u0103rii, Mihailo Fedorov, avertizeaz\u0103 c\u0103 Ucraina pierde treptat r\u0103zboiul \u00eempotriva Rusiei \u0219i c\u0103 urm\u0103toarele luni vor fi decisive. \u00centr-un interviu pentru <a href=\"https:\/\/www.reuters.com\/business\/aerospace-defense\/ukraine-needs-changes-avoid-losing-war-ousted-defence-minister-says-2026-08-25\/\">Reuters<\/a>, el sus\u021bine c\u0103 Kievul are nevoie urgent de o strategie pentru \u00eencheierea r\u0103zboiului, de investi\u021bii \u00een tehnologii militare \u0219i de reformarea institu\u021biilor statului.<\/span><\/p>\n<h3 id=\"fedorov-cred-ca-acum-exista-un-punct-de-cotitura-care-va-determina-directia-noastra-viitoare\" class=\"rb-heading-index-0 s1\"><span class=\"s1\">Fedorov: \u201dCred c\u0103 acum exist\u0103 un punct de cotitur\u0103 care va determina direc\u021bia noastr\u0103 viitoare\u201d<\/span><\/h3>\n<p id=\"p-7\" class=\"p1\"><span class=\"s1\">Fostul ministru al Ap\u0103r\u0103rii, Fedorov, demis luna trecut\u0103 la \u0219ase luni dup\u0103 numirea sa \u00een func\u021bie, sus\u021bine c\u0103 Ucraina nu are \u00een prezent o viziune de ansamblu asupra modului \u00een care poate c\u00e2\u0219tiga r\u0103zboiul \u0219i c\u0103 lipsa de inova\u021bie \u00eei limiteaz\u0103 capacitatea de a se ap\u0103ra.<\/span><\/p>\n<blockquote>\n<p id=\"p-8\" class=\"p1\"><span class=\"s1\">\u201eCred c\u0103 acum exist\u0103 un punct de cotitur\u0103 care va determina direc\u021bia noastr\u0103 viitoare, dar se pare c\u0103 pierdem treptat, \u00eencet\u201d, a declarat Fedorov \u00eentr-un interviu acordat Reuters.<\/span><\/p>\n<\/blockquote>\n<p id=\"p-9\" class=\"p1\"><span class=\"s1\">Fostul ministru spune \u00eens\u0103 c\u0103 Ucraina are \u00een continuare <strong>\u201etoate \u0219ansele\u201d<\/strong> s\u0103 c\u00e2\u0219tige r\u0103zboiul, cu condi\u021bia s\u0103 elaboreze urgent un plan pentru \u00eencheierea conflictului.<\/span><\/p>\n<p id=\"p-10\" class=\"p1\"><span class=\"s1\">Biroul pre\u0219edintelui ucrainean a reac\u021bionat la afirma\u021biile lui Fedorov, sus\u021bin\u00e2nd c\u0103 acesta vorbea pozitiv despre evolu\u021bia r\u0103zboiului atunci c\u00e2nd se afla la conducerea Ministerului Ap\u0103r\u0103rii \u0219i c\u0103 singurul lucru care s-a schimbat \u00eentre timp este statutul s\u0103u personal.<\/span><\/p>\n<h3 id=\"cristicile-aduse-de-mihailo-fedorov-la-adresa-statului-ucrainean\" class=\"rb-heading-index-1 p1\"><span class=\"s1\">Cristicile aduse de Mihailo Fedorov la adresa statului Ucrainean<\/span><\/h3>\n<p id=\"p-11\" class=\"p1\"><span class=\"s1\">Fostul ministru ucrainean al Ap\u0103r\u0103rii sus\u021bine c\u0103 Ucraina trebuie s\u0103 accelereze dezvoltarea unor tehnologii militare care ar putea schimba raportul de for\u021be.<\/span><\/p>\n<p id=\"p-12\" class=\"p1\"><span class=\"s1\">Printre priorit\u0103\u021bile sale se num\u0103r\u0103 drone autonome ghidate de inteligen\u021b\u0103 artificial\u0103, rachete interceptoare ieftine pentru ap\u0103rarea \u00eempotriva atacurilor ruse\u0219ti \u0219i dezvoltarea unui program ucrainean de rachete balistice.<\/span><\/p>\n<p id=\"p-13\" class=\"p1\"><span class=\"s1\">Produc\u0103torii ucraineni lucreaz\u0103 deja la aceste tehnologii, \u00eens\u0103, potrivit fostului ministru, problema este lipsa unei strategii comune care s\u0103 permit\u0103 folosirea lor c\u00e2t mai eficient\u0103.<\/span><\/p>\n<blockquote>\n<p id=\"p-14\" class=\"p1\"><span class=\"s1\">\u201eTehnologiile exist\u0103 deja \u0219i ar putea s\u0103-i opreasc\u0103 complet pe ru\u0219i, dar lipsa noastr\u0103 de viziune \u00eenseamn\u0103 c\u0103 nu le aplic\u0103m\u201d, a spus Fedorov.<\/span><\/p>\n<\/blockquote>\n<p id=\"p-15\" class=\"p1\"><span class=\"s1\">El a descris o posibil\u0103 linie a frontului \u00een care senzorii electronici s\u0103 detecteze mi\u0219c\u0103rile inamicului, iar dronele terestre \u0219i aeriene s\u0103 reduc\u0103 la minimum prezen\u021ba oamenilor \u00een zonele de lupt\u0103.<\/span><\/p>\n<p id=\"p-16\" class=\"p1\"><span class=\"s1\">Fedorov a criticat \u0219i modul \u00een care func\u021bioneaz\u0103 statul ucrainean, despre care spune c\u0103 nu \u00ee\u0219i folose\u0219te eficient poten\u021bialul.<\/span><\/p>\n<div class=\"inline-single-ad ad_single_3_index alignfull\">\n<div class=\"ad-wrap ad-script-wrap\">\n<div class=\"ad-script non-adsense edge-padding\">\n<div>\n\u203c\ufe0f\u203c\ufe0f NU recunoa\u0219tem ca pre\u0219edinte al Rom\u00e2niei pe marioneta retard\u0103 Nicu\u0219or Dan! Rom\u00e2ni, boicota\u021bi aceast\u0103 f\u0103c\u0103tur\u0103, care ne face \u021bara de r\u00e2s! NU rom\u00e2nii l-au votat pe Nicusoro\u0219 &#8211; cu unele excep\u021bii de persoane infantile, manipulabile \u0219i chiar idioate &#8211; ci l-au ajutat Maia Soro\u0219, Emanuel Macrou \u0219i tr\u0103d\u0103torii de la B.E.C. \u0219i CCR!<br \/>\n La \u00eenchisoare cu cei care au fraudat alegerile!\n<\/div>\n<\/div>\n<\/div>\n<\/div>\n<blockquote>\n<p id=\"p-17\" class=\"p1\"><span class=\"s1\">\u201eStatul func\u021bioneaz\u0103 cu o eficien\u021b\u0103 de 5%\u201d, a afirmat fostul ministru.<\/span><\/p>\n<\/blockquote>\n<h3 id=\"fedorov-sustine-ca-ucraina-mai-are-cateva-luni-pentru-a-profita-de-avantajul-dronelor\" class=\"rb-heading-index-2 p2\"><span class=\"s1\">Fedorov sus\u021bine c\u0103 Ucraina mai are c\u00e2teva luni pentru a profita de avantajul dronelor<\/span><\/h3>\n<p id=\"p-18\" class=\"p1\"><span class=\"s1\">Fostul ministru afirm\u0103 c\u0103 a avut un rol important \u00een campania ucrainean\u0103 cu drone care a vizat \u00een acest an aprovizionarea cu combustibil \u0219i logistica militar\u0103 a Rusiei \u00een partea ocupat\u0103 din sudul Ucrainei.<\/span><\/p>\n<p id=\"p-19\" class=\"p1\"><span class=\"s1\">Atacurile au creat probleme pentru trupele ruse de pe front. Fedorov consider\u0103 c\u0103 Ucraina mai are la dispozi\u021bie c\u00e2teva luni pentru a continua aceast\u0103 opera\u021biune \u0219i pentru a \u00eencerca s\u0103 izoleze Crimeea ocupat\u0103 de Rusia.<\/span><\/p>\n<p id=\"p-20\" class=\"p1\"><span class=\"s1\">Potrivit lui, fereastra de oportunitate se va \u00eenchide \u00een momentul \u00een care Rusia va g\u0103si modalit\u0103\u021bi de a r\u0103spunde tacticilor ucrainene.<\/span><\/p>\n<p id=\"p-21\" class=\"p1\"><span class=\"s1\">Campania de atacuri a contribuit semnificativ, potrivit lui Fedorov, la schimbarea percep\u021biei asupra perspectivelor Ucrainei \u00een r\u0103zboi. <\/span><span class=\"s1\">Fostul ministru a sus\u021binut anterior c\u0103 succesul opera\u021biunii a fost favorizat de decizia sa de a anticipa o parte din cheltuielile planificate pentru a doua jum\u0103tate a anului 2026.<\/span><\/p>\n<h3 id=\"disputa-bugetara-de-27-de-miliarde-de-dolari-dintre-fedorov-si-zelenski\" class=\"rb-heading-index-3 p2\">Disputa bugetar\u0103 de 27 de miliarde de dolari dintre Fedorov \u0219i Zelenski<\/h3>\n<p id=\"p-22\" class=\"p1\"><span class=\"s1\">Decizia de a anticipa cheltuielile a devenit ulterior unul dintre punctele de disput\u0103 dintre Fedorov \u0219i pre\u0219edintele Volodimir Zelenski. <\/span><span class=\"s1\">Liderul de la Kiev a afirmat \u00een weekend c\u0103 aceast\u0103 decizie a l\u0103sat Ministerul Ap\u0103r\u0103rii cu o gaur\u0103 de 27 de miliarde de dolari \u00een buget. Ucraina, dependent\u0103 de sprijinul financiar extern, nu are \u00een prezent o solu\u021bie pentru acoperirea acestei sume, potrivit pre\u0219edintelui.<\/span><\/p>\n<p id=\"p-23\" class=\"p1\"><span class=\"s1\">Fedorov respinge aceast\u0103 acuza\u021bie \u0219i spune c\u0103 nu \u0219tie de unde provine cifra prezentat\u0103 de Zelenski \u0219i<\/span><span class=\"s1\">\u00a0sus\u021bine c\u0103 ministerul elaborase un plan financiar bazat pe economii ob\u021binute prin noi licita\u021bii pentru achizi\u021bii \u0219i pe sprijin interna\u021bional.<\/span><\/p>\n<p id=\"p-24\" class=\"p1\"><span class=\"s1\">Fostul ministru afirm\u0103, de asemenea, c\u0103 a descoperit probleme serioase \u00een momentul \u00een care a preluat conducerea Ministerului Ap\u0103r\u0103rii.<\/span><\/p>\n<blockquote>\n<p id=\"p-25\" class=\"p1\"><span class=\"s1\">\u201eC\u00e2nd am ajuns la Ministerul Ap\u0103r\u0103rii, am descoperit c\u0103 \u0219efii unor departamente fuseser\u0103 numi\u021bi la cererea unor companii ucrainene din domeniul ap\u0103r\u0103rii, pentru a le reprezenta interesele\u201d, a spus Fedorov.<\/span><\/p>\n<\/blockquote>\n<p id=\"p-26\" class=\"p1\"><span class=\"s1\">\u00cen ceea ce prive\u0219te deficitul bugetar, el afirm\u0103 c\u0103 planul preg\u0103tit \u00een perioada \u00een care se afla la minister prevedea un deficit de aproximativ 5 miliarde de dolari p\u00e2n\u0103 la sf\u00e2r\u0219itul anului.<\/span><\/p>\n<blockquote>\n<p id=\"p-27\" class=\"p1\"><span class=\"s1\">\u201eLa sf\u00e2r\u0219itul anului, deficitul bugetar conform planific\u0103rii noastre era de aproximativ cinci miliarde de dolari \u0219i \u0219tiam de unde \u00eei vom ob\u021bine. Poate c\u0103 planul s-a schimbat \u0219i au ap\u0103rut proiecte noi care necesit\u0103 un asemenea buget\u201d, a declarat Fedorov.<\/span><\/p>\n<\/blockquote>\n<h3 id=\"fostul-ministru-cere-organizarea-de-alegeri-in-timpul-razboiului\" class=\"rb-heading-index-4 p2\"><span class=\"s1\">Fostul ministru cere organizarea de alegeri \u00een timpul r\u0103zboiului<\/span><\/h3>\n<p id=\"p-28\" class=\"p1\"><span class=\"s1\">Fedorov a provocat o nou\u0103 controvers\u0103 s\u0103pt\u0103m\u00e2na trecut\u0103, c\u00e2nd a devenit prima figur\u0103 politic\u0103 important\u0103 din Ucraina care a cerut organizarea de alegeri \u00een timpul r\u0103zboiului. <\/span><span class=\"s1\">El a descris situa\u021bia politic\u0103 drept o criz\u0103 \u201esistemic\u0103\u201d de guvernare.<\/span><\/p>\n<p id=\"p-29\" class=\"p1\"><span class=\"s1\">Apelul s\u0103u a fost primit cu nemul\u021bumire de mul\u021bi ucraineni. <\/span><span class=\"s1\">Zelenski a criticat, la r\u00e2ndul s\u0103u, propunerea lui Fedorov \u0219i a sus\u021binut c\u0103 organizarea alegerilor ar putea distruge Ucraina \u00een timp ce \u021bara \u00eencearc\u0103 s\u0103 resping\u0103 invazia rus\u0103.<\/span><\/p>\n<p id=\"p-30\" class=\"p1\"><span class=\"s1\">De la invazia Rusiei din februarie 2022, Ucraina se afl\u0103 sub lege mar\u021bial\u0103, care interzice organizarea alegerilor din motive de securitate.<\/span><\/p>\n<p id=\"p-31\" class=\"p1\"><span class=\"s1\">Pre\u0219edintele ucrainean a sugerat c\u0103 Fedorov ar putea fi determinat de for\u021be externe s\u0103 cear\u0103 organizarea alegerilor. Fostul ministru a respins ferm aceast\u0103 acuza\u021bie \u0219i <\/span><span class=\"s1\">recunoa\u0219te c\u0103 organizarea unor alegeri \u00een timpul r\u0103zboiului ar presupune dificult\u0103\u021bi logistice majore, dar sus\u021bine c\u0103 Ucraina ar putea g\u0103si solu\u021bii inovatoare.<\/span><\/p>\n<h3 id=\"fedorov-vrea-sa-investeasca-in-tehnologii-militare\" class=\"rb-heading-index-5 p2\"><span class=\"s1\">Fedorov vrea s\u0103 investeasc\u0103 \u00een tehnologii militare<\/span><\/h3>\n<p id=\"p-32\" class=\"p1\"><span class=\"s1\">\u00cen perioada urm\u0103toare, fostul ministru spune c\u0103 \u00ee\u0219i va \u00eemp\u0103r\u021bi timpul \u00eentre campania pentru reluarea alegerilor \u00een Ucraina \u0219i proiectele din domeniul tehnologiilor militare.<\/span><\/p>\n<p id=\"p-33\" class=\"p1\"><span class=\"s1\">Printre acestea se afl\u0103 un fond de investi\u021bii destinat tehnologiilor militare inovatoare. Fedorov inten\u021bioneaz\u0103 s\u0103 atrag\u0103 capital pentru acest fond \u00een timpul unei viitoare vizite \u00een Statele Unite.<\/span><\/p>\n<\/div>\n<p>[analyse_source url=&#8221;https:\/\/ortodoxinfo.ro\/2026\/08\/26\/avertisment-dur-la-kiev-ucraina-pierde-treptat-razboiul\/&#8221;]<\/p>\n","protected":false},"excerpt":{"rendered":"<p>[analyse_image type=&#8221;featured&#8221; src=&#8221;https:\/\/ortodoxinfo.ro\/wp-content\/uploads\/2026\/08\/gettyimages-2275139046_20260715-193908.webp.webphttps:\/\/ortodoxinfo.ro\/wp-content\/uploads\/2026\/08\/gettyimages-2275139046_20260715-193908.webp.webp&#8221;] Prima pagin\u0103 \u00bb Blog \u00bb Avertisment dur la Kiev: Ucraina pierde treptat r\u0103zboiul Avertisment dur la Kiev: Ucraina pierde treptat r\u0103zboiul 26 august 2026Ucraina6.6k vizualiz\u0103ri Comentarii Share 7 Min Read SHARE OrtodoxINFO este supus unui sabotaj sistematic din partea reprezentan\u021bilor Google Rom\u00e2nia, at\u00e2t la afi\u0219\u0103ri c\u00e2t \u0219i \u00een rezultatele de c\u0103utare. Astfel [&hellip;]<\/p>\n","protected":false},"author":1,"featured_media":0,"comment_status":"open","ping_status":"","sticky":false,"template":"","format":"standard","meta":{"footnotes":""},"categories":[89],"tags":[226,94],"class_list":["post-2112830","post","type-post","status-publish","format-standard","hentry","category-romania","tag-crawlmanager","tag-ortodoxinfo-ro"],"_links":{"self":[{"href":"https:\/\/analyse.optim.biz\/index.php?rest_route=\/wp\/v2\/posts\/2112830","targetHints":{"allow":["GET"]}}],"collection":[{"href":"https:\/\/analyse.optim.biz\/index.php?rest_route=\/wp\/v2\/posts"}],"about":[{"href":"https:\/\/analyse.optim.biz\/index.php?rest_route=\/wp\/v2\/types\/post"}],"author":[{"embeddable":true,"href":"https:\/\/analyse.optim.biz\/index.php?rest_route=\/wp\/v2\/users\/1"}],"replies":[{"embeddable":true,"href":"https:\/\/analyse.optim.biz\/index.php?rest_route=%2Fwp%2Fv2%2Fcomments&post=2112830"}],"version-history":[{"count":0,"href":"https:\/\/analyse.optim.biz\/index.php?rest_route=\/wp\/v2\/posts\/2112830\/revisions"}],"wp:attachment":[{"href":"https:\/\/analyse.optim.biz\/index.php?rest_route=%2Fwp%2Fv2%2Fmedia&parent=2112830"}],"wp:term":[{"taxonomy":"category","embeddable":true,"href":"https:\/\/analyse.optim.biz\/index.php?rest_route=%2Fwp%2Fv2%2Fcategories&post=2112830"},{"taxonomy":"post_tag","embeddable":true,"href":"https:\/\/analyse.optim.biz\/index.php?rest_route=%2Fwp%2Fv2%2Ftags&post=2112830"}],"curies":[{"name":"wp","href":"https:\/\/api.w.org\/{rel}","templated":true}]}}