{"id":2112827,"date":"2026-08-26T14:17:23","date_gmt":"2026-08-26T11:17:23","guid":{"rendered":"https:\/\/analyse.optim.biz\/?p=2112827"},"modified":"2026-08-26T14:17:23","modified_gmt":"2026-08-26T11:17:23","slug":"sesizare-anonima-despre-o-cabina-a-politiei-locale-ocupata-de-biaf","status":"publish","type":"post","link":"https:\/\/analyse.optim.biz\/?p=2112827","title":{"rendered":"Sesizare anonim\u0103 despre o cabin\u0103 a Poli\u021biei Locale ocupat\u0103 de \u2026BIAF"},"content":{"rendered":"<p>[analyse_image type=&#8221;featured&#8221; src=&#8221;https:\/\/gazetabuzoiana.ro\/wp-content\/uploads\/2026\/08\/A1.png&#8221;]<\/p>\n<div class=\"entry-content entry clearfix\">\n<p class=\"wp-block-paragraph\">Redac\u021bia noastr\u0103 a primit o sesizare anonim\u0103 din partea unui angajat al Poli\u021biei Locale Buz\u0103u, referitoare la folosirea unei cabine destinate personalului de paz\u0103 din Parcul Tineretului, \u00een perioada desf\u0103\u0219ur\u0103rii BIAF.<\/p>\n<p class=\"wp-block-paragraph\">Autorul sesiz\u0103rii sus\u021bine c\u0103 este al patrulea an \u00een care cabina din apropierea amfiteatrului este folosit\u0103 temporar pentru depozitarea echipamentelor festivalului \u0219i reclam\u0103 faptul c\u0103 poli\u021bi\u0219tii locali nu mai pot utiliza spa\u021biul pentru a se ad\u0103posti de ploaie, pentru a lua masa sau pentru \u00eentocmirea rapoartelor.<\/p>\n<p class=\"wp-block-paragraph\">Sesizarea \u00eei nominalizeaz\u0103 pe mai mul\u021bi reprezentan\u021bi ai Poli\u021biei Locale \u0219i ai administra\u021biei municipale, c\u0103rora le imput\u0103 c\u0103 ar fi permis aceast\u0103 situa\u021bie \u0219i invoc\u0103 posibile \u00eenc\u0103lc\u0103ri ale Legii 333\/2003 \u0219i ale Codului muncii., dup\u0103 care precizeaz\u0103 urm\u0103toarele: <\/p>\n<p class=\"wp-block-paragraph\"><em>\u201ePoli\u021bia Local\u0103 Buzau,Prim\u0103ria Buz\u0103u reprezentata de primar \u0219i Consiliul local municipal Buz\u0103u \u00eencalc\u0103 prevederile legii333\/2003(legea pazei)\u0219i pe cele din Codul Muncii.Anul acesta BIAF tine de pe 14-08-2026pana pe 12-09-2026 perioada in care noi cei de la paza nu vom putea s\u0103 ne ad\u0103postim de ploaie \u00een cabina,nici s\u0103 scriem raportul nici s\u0103 m\u00e2nc\u0103m acolo.Sefii au transmis prin colegii de la ordine public\u0103 poli\u021bia local\u0103 Buz\u0103u c\u0103 putem sta cu cei de la ordine public\u0103 c\u00e2nd e necesar dar uneori vom fi doi de la serviciul paza \u0219i doi de la ordine public\u0103 \u0219i nu vom avea loc \u00een cabina albastra de la bariera la intrarea principal\u0103 \u00een Parcul Tineretului din mun. Buz\u0103u.<br \/>P.S.:1Ne au scos scaunul din cabina(cel mai probabil tinerii implica\u021bi direct in Biaf)\u0219i va ploua pe el.<br \/>2.Legile impun BIAFului s\u0103 \u0219i aduc\u0103 l\u0103zi sau o cabina in care sa \u0219i \u00eencuie boxele, instrumentele \u0219i altele.<br \/>Sper\u00e2nd c\u0103 ve\u021bi remedia problema care persista de la an la an va mul\u021bumesc pentru \u00een\u021belegere \u0219i implicare \u0219i va ata\u0219ez 2 fotografii cu cabina de l\u00e2ng\u0103 amfiteatru din Parcul Tineretului.\u201d<\/em><\/p>\n<figure class=\"wp-block-gallery has-nested-images columns-default is-cropped wp-block-gallery-1 is-layout-flex wp-block-gallery-is-layout-flex\">\n<figure class=\"wp-block-image size-large\"><img loading=\"lazy\" decoding=\"async\" width=\"1024\" height=\"768\" data-id=\"22321\" src=\"https:\/\/gazetabuzoiana.ro\/wp-content\/uploads\/2026\/08\/A1-1024x768.png\" alt class=\"wp-image-22321\"><\/figure>\n<figure class=\"wp-block-image size-large\"><img decoding=\"async\" loading=\"lazy\" width=\"768\" height=\"1024\" data-id=\"22322\" src=\"https:\/\/gazetabuzoiana.ro\/wp-content\/uploads\/2026\/08\/B2-768x1024.png\" alt class=\"wp-image-22322\"><\/figure>\n<\/figure>\n<p class=\"wp-block-paragraph\">Fotografiile transmise redac\u021biei arat\u0103 \u00een interiorul cabinei mai multe echipamente audio de dimensiuni mari, iar \u00een exterior se afl\u0103 un scaun despre care autorul sesiz\u0103rii sus\u021bine c\u0103 a fost scos din cabin\u0103.<\/p>\n<p class=\"wp-block-paragraph\">Pentru verificarea informa\u021biilor, am solicitat un punct de vedere conducerii serviciului de paz\u0103 \u0219i ordine din cadrul Poli\u021biei Locale Buz\u0103u.<\/p>\n<p class=\"wp-block-paragraph\">Potrivit explica\u021biilor primite, \u00een zona respectiv\u0103 exist\u0103 trei cabine, iar poli\u021bi\u0219tii locali pot utiliza \u0219i celelalte dou\u0103. Conducerea serviciului a precizat c\u0103 respectiva cabin\u0103 este mai ferit\u0103 \u0219i c\u0103, din acest motiv, poate fi mai convenabil\u0103 pentru agen\u021bi, \u00eens\u0103 ace\u0219tia au la dispozi\u021bie \u0219i celelalte spa\u021bii.<\/p>\n<p class=\"wp-block-paragraph\">Un alt aspect precizat este c\u0103 BIAF nu este organizat de Poli\u021bia Local\u0103 Buz\u0103u.<\/p>\n<div class=\"post-bottom-meta post-bottom-tags post-tags-modern\">\n<div class=\"post-bottom-meta-title\"> Etichete<\/div>\n<p><span class=\"tagcloud\"><a href=\"https:\/\/gazetabuzoiana.ro\/tag\/administratia-locala\/\" rel=\"tag\">administra\u021bia local\u0103<\/a><a href=\"https:\/\/gazetabuzoiana.ro\/tag\/biaf\/\" rel=\"tag\">BIAF<\/a><a href=\"https:\/\/gazetabuzoiana.ro\/tag\/buzau-2\/\" rel=\"tag\">Buz\u0103u<\/a><a href=\"https:\/\/gazetabuzoiana.ro\/tag\/buzau-2026\/\" rel=\"tag\">Buz\u0103u 2026<\/a><a href=\"https:\/\/gazetabuzoiana.ro\/tag\/cabina-de-paza\/\" rel=\"tag\">cabin\u0103 de paz\u0103<\/a><a href=\"https:\/\/gazetabuzoiana.ro\/tag\/constantin-toma\/\" rel=\"tag\">constantin toma<\/a><a href=\"https:\/\/gazetabuzoiana.ro\/tag\/domeniul-public\/\" rel=\"tag\">domeniul public<\/a><a href=\"https:\/\/gazetabuzoiana.ro\/tag\/echipamente-audio\/\" rel=\"tag\">echipamente audio<\/a><a href=\"https:\/\/gazetabuzoiana.ro\/tag\/festival-buzau\/\" rel=\"tag\">festival Buz\u0103u<\/a><a href=\"https:\/\/gazetabuzoiana.ro\/tag\/parcul-tineretului\/\" rel=\"tag\">Parcul Tineretului<\/a><a href=\"https:\/\/gazetabuzoiana.ro\/tag\/paza\/\" rel=\"tag\">paz\u0103<\/a><a href=\"https:\/\/gazetabuzoiana.ro\/tag\/politia-locala-2\/\" rel=\"tag\">Poli\u021bia Local\u0103<\/a><a href=\"https:\/\/gazetabuzoiana.ro\/tag\/politia-locala-buzau-2\/\" rel=\"tag\">Poli\u021bia Local\u0103 Buz\u0103u<\/a><a href=\"https:\/\/gazetabuzoiana.ro\/tag\/primaria-buzau\/\" rel=\"tag\">Prim\u0103ria Buz\u0103u<\/a><a href=\"https:\/\/gazetabuzoiana.ro\/tag\/sesizare-anonima\/\" rel=\"tag\">sesizare anonim\u0103<\/a><\/span><\/div>\n<\/div>\n<p>[analyse_source url=&#8221;https:\/\/gazetabuzoiana.ro\/2026\/08\/26\/sesizare-anonima-despre-cabina-politiei-locale-ocupata-de-biaf-ce-spune-conducerea-serviciului-de-paza\/&#8221;]<\/p>\n","protected":false},"excerpt":{"rendered":"<p>[analyse_image type=&#8221;featured&#8221; src=&#8221;https:\/\/gazetabuzoiana.ro\/wp-content\/uploads\/2026\/08\/A1.png&#8221;] Redac\u021bia noastr\u0103 a primit o sesizare anonim\u0103 din partea unui angajat al Poli\u021biei Locale Buz\u0103u, referitoare la folosirea unei cabine destinate personalului de paz\u0103 din Parcul Tineretului, \u00een perioada desf\u0103\u0219ur\u0103rii BIAF. Autorul sesiz\u0103rii sus\u021bine c\u0103 este al patrulea an \u00een care cabina din apropierea amfiteatrului este folosit\u0103 temporar pentru depozitarea echipamentelor festivalului [&hellip;]<\/p>\n","protected":false},"author":1,"featured_media":0,"comment_status":"open","ping_status":"","sticky":false,"template":"","format":"standard","meta":{"footnotes":""},"categories":[2],"tags":[226,38],"class_list":["post-2112827","post","type-post","status-publish","format-standard","hentry","category-politics","tag-crawlmanager","tag-gazetabuzoiana-ro"],"_links":{"self":[{"href":"https:\/\/analyse.optim.biz\/index.php?rest_route=\/wp\/v2\/posts\/2112827","targetHints":{"allow":["GET"]}}],"collection":[{"href":"https:\/\/analyse.optim.biz\/index.php?rest_route=\/wp\/v2\/posts"}],"about":[{"href":"https:\/\/analyse.optim.biz\/index.php?rest_route=\/wp\/v2\/types\/post"}],"author":[{"embeddable":true,"href":"https:\/\/analyse.optim.biz\/index.php?rest_route=\/wp\/v2\/users\/1"}],"replies":[{"embeddable":true,"href":"https:\/\/analyse.optim.biz\/index.php?rest_route=%2Fwp%2Fv2%2Fcomments&post=2112827"}],"version-history":[{"count":0,"href":"https:\/\/analyse.optim.biz\/index.php?rest_route=\/wp\/v2\/posts\/2112827\/revisions"}],"wp:attachment":[{"href":"https:\/\/analyse.optim.biz\/index.php?rest_route=%2Fwp%2Fv2%2Fmedia&parent=2112827"}],"wp:term":[{"taxonomy":"category","embeddable":true,"href":"https:\/\/analyse.optim.biz\/index.php?rest_route=%2Fwp%2Fv2%2Fcategories&post=2112827"},{"taxonomy":"post_tag","embeddable":true,"href":"https:\/\/analyse.optim.biz\/index.php?rest_route=%2Fwp%2Fv2%2Ftags&post=2112827"}],"curies":[{"name":"wp","href":"https:\/\/api.w.org\/{rel}","templated":true}]}}