{"id":2112822,"date":"2026-08-26T13:32:55","date_gmt":"2026-08-26T10:32:55","guid":{"rendered":"https:\/\/analyse.optim.biz\/?p=2112822"},"modified":"2026-08-26T13:32:55","modified_gmt":"2026-08-26T10:32:55","slug":"liviu-alexa-kaufland-romania-a-finantat-un-ong-lgbt-ist-ca-sa-faca-propaganda-homosexuala-in-satele-romanesti","status":"publish","type":"post","link":"https:\/\/analyse.optim.biz\/?p=2112822","title":{"rendered":"Liviu Alexa: KAUFLAND Rom\u00e2nia a finan\u021bat un ONG LGBT-ist ca s\u0103 fac\u0103 propagand\u0103 homosexual\u0103 \u00een satele rom\u00e2ne\u0219ti!"},"content":{"rendered":"<p>[analyse_image type=&#8221;featured&#8221; src=&#8221;https:\/\/solidnews.ro\/wp-content\/uploads\/2026\/08\/kaufland-accept.webp&#8221;]<\/p>\n<div class=\"td_block_wrap tdb_single_content tdi_120 td-pb-border-top td_block_template_1 td-post-content tagdiv-type\" data-td-block-uid=\"tdi_120\">\n<div class=\"tdb-block-inner td-fix-index\">\n<p>\u00cei urm\u0103resc de ceva vreme \u0219i \u00eemi place cum procedeaz\u0103. De aia ast\u0103zi am decis s\u0103 promovez \u0219i s\u0103 extind distribu\u021bia muncii lor la publicul meu numeros pentru un caz strig\u0103tor la cer. Kaufland Rom\u00e2nia a finan\u021bat funda\u021bia ACCEPT, care face apologia LGBTQ \u00een \u021b\u0103ri\u0219oara la noi, ca\u00a0<strong><span data-color=\"#ff0000\">\u0103\u0219tia s\u0103 mearg\u0103 prin satele patriei \u0219i s\u0103 ia copiii minori de pe uli\u021be ca s\u0103 \u00eei \u201eapere\u201d, f\u0103c\u00e2ndu-le propagand\u0103 homosexual\u0103 \u0219i trans.<\/span><\/strong><\/p>\n<p>\u00cen septembrie 2025, Asocia\u021bia Accept, un ONG de propaganda LGBTQ, a lansat proiectul \u201eDemnitate \u00een sate:\u00a0<strong>sprijin pentru adolescen\u021bii trans din comunit\u0103\u021bi invizibile<\/strong>\u201d, finan\u021bat cu 132.188 lei prin programul \u201e\u00cen Stare de Bine\u201d, sus\u021binut de Kaufland Rom\u00e2nia \u0219i administrat de Funda\u021bia pentru Dezvoltarea Societ\u0103\u021bii Civile (FDSC).<\/p>\n<p>Ce presupunea concret acest proiect? Conform propriilor materiale publicate de Accept pe Facebook \u0219i pe platforma instaredebine.ro:<\/p>\n<ul>\n<li>O tab\u0103r\u0103 de formare \u0219i sprijin pentru adolescen\u021bi trans \u0219i queer din ora\u0219e mici \u0219i mediul rural, cu v\u00e2rste \u00eentre 13 \u0219i 19 ani<\/li>\n<li>\u0218ase ateliere online dedicate \u201es\u0103n\u0103t\u0103\u021bii emo\u021bionale, tranzi\u021biei \u00een siguran\u021b\u0103, drepturilor \u0219i particip\u0103rii civice\u201d<\/li>\n<li>Consiliere psihologic\u0103 individual\u0103, de grup \u0219i familial\u0103 \u2014 oferit\u0103 gratuit adolescen\u021bilor \u0219i p\u0103rin\u021bilor<\/li>\n<li>Micro-campanii locale coordonate de adolescen\u021bi pentru \u201ereducerea bullying-ului \u0219i cre\u0219terea vizibilit\u0103\u021bii \u00een comunit\u0103\u021bile lor\u201d<\/li>\n<li>Realizarea unei h\u0103r\u021bi na\u021bionale a serviciilor medicale \u0219i juridice \u201etrans-friendly\u201d<\/li>\n<li><strong>Dezvoltarea unei re\u021bele de mentori \u0219i alumni<\/strong><\/li>\n<\/ul>\n<div class=\"captioned-image-container\">\n<figure>\n<div class=\"image2-inset\"><source srcset=\"https:\/\/substackcdn.com\/image\/fetch\/$s_!WD1A!,w_424,c_limit,f_webp,q_auto:good,fl_progressive:steep\/https%3A%2F%2Fsubstack-post-media.s3.amazonaws.com%2Fpublic%2Fimages%2F69568370-f24b-4116-86dc-83acbeb4d28f_1934x1424.png 424w, https:\/\/substackcdn.com\/image\/fetch\/$s_!WD1A!,w_848,c_limit,f_webp,q_auto:good,fl_progressive:steep\/https%3A%2F%2Fsubstack-post-media.s3.amazonaws.com%2Fpublic%2Fimages%2F69568370-f24b-4116-86dc-83acbeb4d28f_1934x1424.png 848w, https:\/\/substackcdn.com\/image\/fetch\/$s_!WD1A!,w_1272,c_limit,f_webp,q_auto:good,fl_progressive:steep\/https%3A%2F%2Fsubstack-post-media.s3.amazonaws.com%2Fpublic%2Fimages%2F69568370-f24b-4116-86dc-83acbeb4d28f_1934x1424.png 1272w, https:\/\/substackcdn.com\/image\/fetch\/$s_!WD1A!,w_1456,c_limit,f_webp,q_auto:good,fl_progressive:steep\/https%3A%2F%2Fsubstack-post-media.s3.amazonaws.com%2Fpublic%2Fimages%2F69568370-f24b-4116-86dc-83acbeb4d28f_1934x1424.png 1456w\" type=\"image\/webp\" sizes=\"100vw\" \/><\/div><figcaption class=\"image-caption\"><strong>Anuntul original al proiectului de pe site-ul In stare de bine, cu initiative finantate de Kaufland.<\/strong><\/figcaption><\/figure>\n<\/div>\n<div class=\"captioned-image-container\">\n<figure>\n<div class=\"image2-inset\"><source srcset=\"https:\/\/substackcdn.com\/image\/fetch\/$s_!P9ZX!,w_424,c_limit,f_webp,q_auto:good,fl_progressive:steep\/https%3A%2F%2Fsubstack-post-media.s3.amazonaws.com%2Fpublic%2Fimages%2Fc09acda3-3957-4800-96d0-7708c7c0c80b_1392x1730.png 424w, https:\/\/substackcdn.com\/image\/fetch\/$s_!P9ZX!,w_848,c_limit,f_webp,q_auto:good,fl_progressive:steep\/https%3A%2F%2Fsubstack-post-media.s3.amazonaws.com%2Fpublic%2Fimages%2Fc09acda3-3957-4800-96d0-7708c7c0c80b_1392x1730.png 848w, https:\/\/substackcdn.com\/image\/fetch\/$s_!P9ZX!,w_1272,c_limit,f_webp,q_auto:good,fl_progressive:steep\/https%3A%2F%2Fsubstack-post-media.s3.amazonaws.com%2Fpublic%2Fimages%2Fc09acda3-3957-4800-96d0-7708c7c0c80b_1392x1730.png 1272w, https:\/\/substackcdn.com\/image\/fetch\/$s_!P9ZX!,w_1456,c_limit,f_webp,q_auto:good,fl_progressive:steep\/https%3A%2F%2Fsubstack-post-media.s3.amazonaws.com%2Fpublic%2Fimages%2Fc09acda3-3957-4800-96d0-7708c7c0c80b_1392x1730.png 1456w\" type=\"image\/webp\" sizes=\"100vw\" \/><\/div><figcaption class=\"image-caption\"><strong>Anuntul inceperii proiectului pe pagina Facebook a Asociatiei Accept<\/strong><\/figcaption><\/figure>\n<\/div>\n<p>Cu alte cuvinte: adul\u021bi necunoscu\u021bi au luat legatura sau au venit \u00een comunit\u0103\u021bi rurale izolate, identific\u00e2nd minorii de 13 ani pe baza orient\u0103rii sexuale sau identit\u0103\u021bii de gen, \u00eei adunau \u00een tabere \u0219i ateliere, oferindu-le \u201econsiliere psihologic\u0103\u201d \u0219i \u201etranzi\u021bie \u00een siguran\u021b\u0103\u201d .<\/p>\n<h3 class=\"header-anchor-post\">Dar nimeni din sistemul statului nu a verificat dac\u0103 ace\u0219ti oameni au dreptul legal s\u0103 fac\u0103 asta. Pentru ca nu te legi de Asociatia Accept, ca esti homofob, nu?<\/h3>\n<div class=\"captioned-image-container\">\n<figure>\n<div class=\"image2-inset\"><source srcset=\"https:\/\/substackcdn.com\/image\/fetch\/$s_!TOwi!,w_424,c_limit,f_webp,q_auto:good,fl_progressive:steep\/https%3A%2F%2Fsubstack-post-media.s3.amazonaws.com%2Fpublic%2Fimages%2F1bad2ad0-dab2-4f10-97e9-0f144a32bab5_1402x1736.png 424w, https:\/\/substackcdn.com\/image\/fetch\/$s_!TOwi!,w_848,c_limit,f_webp,q_auto:good,fl_progressive:steep\/https%3A%2F%2Fsubstack-post-media.s3.amazonaws.com%2Fpublic%2Fimages%2F1bad2ad0-dab2-4f10-97e9-0f144a32bab5_1402x1736.png 848w, https:\/\/substackcdn.com\/image\/fetch\/$s_!TOwi!,w_1272,c_limit,f_webp,q_auto:good,fl_progressive:steep\/https%3A%2F%2Fsubstack-post-media.s3.amazonaws.com%2Fpublic%2Fimages%2F1bad2ad0-dab2-4f10-97e9-0f144a32bab5_1402x1736.png 1272w, https:\/\/substackcdn.com\/image\/fetch\/$s_!TOwi!,w_1456,c_limit,f_webp,q_auto:good,fl_progressive:steep\/https%3A%2F%2Fsubstack-post-media.s3.amazonaws.com%2Fpublic%2Fimages%2F1bad2ad0-dab2-4f10-97e9-0f144a32bab5_1402x1736.png 1456w\" type=\"image\/webp\" sizes=\"100vw\" \/><\/div><figcaption class=\"image-caption\"><em><strong>Serviciile pe care Asociatia Accept le ofera minorilor, in mod ilegal<\/strong><\/em><\/figcaption><\/figure>\n<\/div>\n<p>Aici avem anuntul oficial al campaniei .<\/p>\n<div class=\"captioned-image-container\">\n<figure>\n<div class=\"image2-inset\"><source srcset=\"https:\/\/substackcdn.com\/image\/fetch\/$s_!9d6G!,w_424,c_limit,f_webp,q_auto:good,fl_progressive:steep\/https%3A%2F%2Fsubstack-post-media.s3.amazonaws.com%2Fpublic%2Fimages%2Ff7a06a17-d0bc-4068-8866-8f4f46d79df3_1408x1358.png 424w, https:\/\/substackcdn.com\/image\/fetch\/$s_!9d6G!,w_848,c_limit,f_webp,q_auto:good,fl_progressive:steep\/https%3A%2F%2Fsubstack-post-media.s3.amazonaws.com%2Fpublic%2Fimages%2Ff7a06a17-d0bc-4068-8866-8f4f46d79df3_1408x1358.png 848w, https:\/\/substackcdn.com\/image\/fetch\/$s_!9d6G!,w_1272,c_limit,f_webp,q_auto:good,fl_progressive:steep\/https%3A%2F%2Fsubstack-post-media.s3.amazonaws.com%2Fpublic%2Fimages%2Ff7a06a17-d0bc-4068-8866-8f4f46d79df3_1408x1358.png 1272w, https:\/\/substackcdn.com\/image\/fetch\/$s_!9d6G!,w_1456,c_limit,f_webp,q_auto:good,fl_progressive:steep\/https%3A%2F%2Fsubstack-post-media.s3.amazonaws.com%2Fpublic%2Fimages%2Ff7a06a17-d0bc-4068-8866-8f4f46d79df3_1408x1358.png 1456w\" type=\"image\/webp\" sizes=\"100vw\" \/><\/div>\n<\/figure>\n<\/div>\n<p>Dup\u0103 investiga\u021bia Patria Prima, Consiliul Local Sector 2 Bucure\u0219ti a trimis cazul la Poli\u021bie.<\/p>\n<p>Recent, s-a confirmat oficial c\u0103 Poli\u021bia Sectorului 2 verific\u0103 cine au fost minorii implica\u021bi, dac\u0103 p\u0103rin\u021bii au fost contacta\u021bi \u0219i dac\u0103 a existat consim\u021b\u0103m\u00e2ntul legal necesar, la cererea Consiliului Local.<\/p>\n<p>Dar\u00a0<strong><a href=\"https:\/\/www.facebook.com\/kaufland.romania?__cft__%5B0%5D=AZYtqXrcsXyaYZJd4a8ROIceITH3iZJxcKTl9Xxosg2JQVkypgwEXYiPccdimJkIZD8kDHfcitIyfkChfCn_qSbz4rJliqCrB2hoYpl5sz37utuAenPJufXgxJ70ykLv4gxIIeXNJyhFRyiOxhlwDhk67WHYTfwzCzI_AhlzGuJi4v2VmGrSV-5QI1l1OTgpwLJkQOCMMT7g0zw3if7L9VHt&amp;__tn__=-%5DK-R\">Kaufland Romania<\/a><\/strong>, finan\u021batorul proiectului, continu\u0103 s\u0103 tac\u0103. Ba chiar a \u0219ters \u0219i pagina finan\u021b\u0103rii, \u00eencerc\u00e2nd s\u0103-\u0219i ascund\u0103 sprijinul pentru experimentele pe copiii Rom\u00e2niei! Este incredibil!<\/p>\n<p><strong>Copiii Rom\u00e2niei nu pot fi folosi\u021bi ca public-\u021bint\u0103 pentru proiecte ideologice f\u0103r\u0103 transparen\u021b\u0103, control \u0219i r\u0103spundere. Cu at\u00e2t mai mult c\u00e2nd vorbim despre copii de 13 ani \u0219i activit\u0103\u021bi desf\u0103\u0219urate inclusiv \u00een tabere.<\/strong><\/p>\n<p>ACCEPT trebuie s\u0103 explice ce a f\u0103cut \u0219i s\u0103 dea socoteal\u0103. Kaufland trebuie s\u0103 explice ce a finan\u021bat \u0219i s\u0103 \u00ee\u0219i cear\u0103 scuze rom\u00e2nilor care sunt clien\u021bii lor.<\/p>\n<p>\u201cAici nu e lumea a treia, s\u0103 vin\u0103 ei s\u0103 fac\u0103 ce vor.\u201d, au spus cei de la Patria Prima, pe bun\u01ce dreptate.<\/p>\n<p><em><strong>surs\u0103: <a href=\"https:\/\/www.strictsecret.com\/p\/opus-nr-673-kaufland-romania-a-finantat\">strictsecret.com<\/a><\/strong><\/em><\/p>\n<\/div>\n<\/div>\n<div class=\"td_block_wrap tdb_single_content tdi_120 td-pb-border-top td_block_template_1 td-post-content tagdiv-type\" data-td-block-uid=\"tdi_120\">\n<div class=\"tdb-block-inner td-fix-index\">\n<p>\u00cei urm\u0103resc de ceva vreme \u0219i \u00eemi place cum procedeaz\u0103. De aia ast\u0103zi am decis s\u0103 promovez \u0219i s\u0103 extind distribu\u021bia muncii lor la publicul meu numeros pentru un caz strig\u0103tor la cer. Kaufland Rom\u00e2nia a finan\u021bat funda\u021bia ACCEPT, care face apologia LGBTQ \u00een \u021b\u0103ri\u0219oara la noi, ca\u00a0<strong><span data-color=\"#ff0000\">\u0103\u0219tia s\u0103 mearg\u0103 prin satele patriei \u0219i s\u0103 ia copiii minori de pe uli\u021be ca s\u0103 \u00eei \u201eapere\u201d, f\u0103c\u00e2ndu-le propagand\u0103 homosexual\u0103 \u0219i trans.<\/span><\/strong><\/p>\n<p>\u00cen septembrie 2025, Asocia\u021bia Accept, un ONG de propaganda LGBTQ, a lansat proiectul \u201eDemnitate \u00een sate:\u00a0<strong>sprijin pentru adolescen\u021bii trans din comunit\u0103\u021bi invizibile<\/strong>\u201d, finan\u021bat cu 132.188 lei prin programul \u201e\u00cen Stare de Bine\u201d, sus\u021binut de Kaufland Rom\u00e2nia \u0219i administrat de Funda\u021bia pentru Dezvoltarea Societ\u0103\u021bii Civile (FDSC).<\/p>\n<p>Ce presupunea concret acest proiect? Conform propriilor materiale publicate de Accept pe Facebook \u0219i pe platforma instaredebine.ro:<\/p>\n<ul>\n<li>O tab\u0103r\u0103 de formare \u0219i sprijin pentru adolescen\u021bi trans \u0219i queer din ora\u0219e mici \u0219i mediul rural, cu v\u00e2rste \u00eentre 13 \u0219i 19 ani<\/li>\n<li>\u0218ase ateliere online dedicate \u201es\u0103n\u0103t\u0103\u021bii emo\u021bionale, tranzi\u021biei \u00een siguran\u021b\u0103, drepturilor \u0219i particip\u0103rii civice\u201d<\/li>\n<li>Consiliere psihologic\u0103 individual\u0103, de grup \u0219i familial\u0103 \u2014 oferit\u0103 gratuit adolescen\u021bilor \u0219i p\u0103rin\u021bilor<\/li>\n<li>Micro-campanii locale coordonate de adolescen\u021bi pentru \u201ereducerea bullying-ului \u0219i cre\u0219terea vizibilit\u0103\u021bii \u00een comunit\u0103\u021bile lor\u201d<\/li>\n<li>Realizarea unei h\u0103r\u021bi na\u021bionale a serviciilor medicale \u0219i juridice \u201etrans-friendly\u201d<\/li>\n<li><strong>Dezvoltarea unei re\u021bele de mentori \u0219i alumni<\/strong><\/li>\n<\/ul>\n<div class=\"captioned-image-container\">\n<figure>\n<div class=\"image2-inset\"><source srcset=\"https:\/\/substackcdn.com\/image\/fetch\/$s_!WD1A!,w_424,c_limit,f_webp,q_auto:good,fl_progressive:steep\/https%3A%2F%2Fsubstack-post-media.s3.amazonaws.com%2Fpublic%2Fimages%2F69568370-f24b-4116-86dc-83acbeb4d28f_1934x1424.png 424w, https:\/\/substackcdn.com\/image\/fetch\/$s_!WD1A!,w_848,c_limit,f_webp,q_auto:good,fl_progressive:steep\/https%3A%2F%2Fsubstack-post-media.s3.amazonaws.com%2Fpublic%2Fimages%2F69568370-f24b-4116-86dc-83acbeb4d28f_1934x1424.png 848w, https:\/\/substackcdn.com\/image\/fetch\/$s_!WD1A!,w_1272,c_limit,f_webp,q_auto:good,fl_progressive:steep\/https%3A%2F%2Fsubstack-post-media.s3.amazonaws.com%2Fpublic%2Fimages%2F69568370-f24b-4116-86dc-83acbeb4d28f_1934x1424.png 1272w, https:\/\/substackcdn.com\/image\/fetch\/$s_!WD1A!,w_1456,c_limit,f_webp,q_auto:good,fl_progressive:steep\/https%3A%2F%2Fsubstack-post-media.s3.amazonaws.com%2Fpublic%2Fimages%2F69568370-f24b-4116-86dc-83acbeb4d28f_1934x1424.png 1456w\" type=\"image\/webp\" sizes=\"100vw\" \/><\/div><figcaption class=\"image-caption\"><strong>Anuntul original al proiectului de pe site-ul In stare de bine, cu initiative finantate de Kaufland.<\/strong><\/figcaption><\/figure>\n<\/div>\n<div class=\"captioned-image-container\">\n<figure>\n<div class=\"image2-inset\"><source srcset=\"https:\/\/substackcdn.com\/image\/fetch\/$s_!P9ZX!,w_424,c_limit,f_webp,q_auto:good,fl_progressive:steep\/https%3A%2F%2Fsubstack-post-media.s3.amazonaws.com%2Fpublic%2Fimages%2Fc09acda3-3957-4800-96d0-7708c7c0c80b_1392x1730.png 424w, https:\/\/substackcdn.com\/image\/fetch\/$s_!P9ZX!,w_848,c_limit,f_webp,q_auto:good,fl_progressive:steep\/https%3A%2F%2Fsubstack-post-media.s3.amazonaws.com%2Fpublic%2Fimages%2Fc09acda3-3957-4800-96d0-7708c7c0c80b_1392x1730.png 848w, https:\/\/substackcdn.com\/image\/fetch\/$s_!P9ZX!,w_1272,c_limit,f_webp,q_auto:good,fl_progressive:steep\/https%3A%2F%2Fsubstack-post-media.s3.amazonaws.com%2Fpublic%2Fimages%2Fc09acda3-3957-4800-96d0-7708c7c0c80b_1392x1730.png 1272w, https:\/\/substackcdn.com\/image\/fetch\/$s_!P9ZX!,w_1456,c_limit,f_webp,q_auto:good,fl_progressive:steep\/https%3A%2F%2Fsubstack-post-media.s3.amazonaws.com%2Fpublic%2Fimages%2Fc09acda3-3957-4800-96d0-7708c7c0c80b_1392x1730.png 1456w\" type=\"image\/webp\" sizes=\"100vw\" \/><\/div><figcaption class=\"image-caption\"><strong>Anuntul inceperii proiectului pe pagina Facebook a Asociatiei Accept<\/strong><\/figcaption><\/figure>\n<\/div>\n<p>Cu alte cuvinte: adul\u021bi necunoscu\u021bi au luat legatura sau au venit \u00een comunit\u0103\u021bi rurale izolate, identific\u00e2nd minorii de 13 ani pe baza orient\u0103rii sexuale sau identit\u0103\u021bii de gen, \u00eei adunau \u00een tabere \u0219i ateliere, oferindu-le \u201econsiliere psihologic\u0103\u201d \u0219i \u201etranzi\u021bie \u00een siguran\u021b\u0103\u201d .<\/p>\n<h3 class=\"header-anchor-post\">Dar nimeni din sistemul statului nu a verificat dac\u0103 ace\u0219ti oameni au dreptul legal s\u0103 fac\u0103 asta. Pentru ca nu te legi de Asociatia Accept, ca esti homofob, nu?<\/h3>\n<div class=\"captioned-image-container\">\n<figure>\n<div class=\"image2-inset\"><source srcset=\"https:\/\/substackcdn.com\/image\/fetch\/$s_!TOwi!,w_424,c_limit,f_webp,q_auto:good,fl_progressive:steep\/https%3A%2F%2Fsubstack-post-media.s3.amazonaws.com%2Fpublic%2Fimages%2F1bad2ad0-dab2-4f10-97e9-0f144a32bab5_1402x1736.png 424w, https:\/\/substackcdn.com\/image\/fetch\/$s_!TOwi!,w_848,c_limit,f_webp,q_auto:good,fl_progressive:steep\/https%3A%2F%2Fsubstack-post-media.s3.amazonaws.com%2Fpublic%2Fimages%2F1bad2ad0-dab2-4f10-97e9-0f144a32bab5_1402x1736.png 848w, https:\/\/substackcdn.com\/image\/fetch\/$s_!TOwi!,w_1272,c_limit,f_webp,q_auto:good,fl_progressive:steep\/https%3A%2F%2Fsubstack-post-media.s3.amazonaws.com%2Fpublic%2Fimages%2F1bad2ad0-dab2-4f10-97e9-0f144a32bab5_1402x1736.png 1272w, https:\/\/substackcdn.com\/image\/fetch\/$s_!TOwi!,w_1456,c_limit,f_webp,q_auto:good,fl_progressive:steep\/https%3A%2F%2Fsubstack-post-media.s3.amazonaws.com%2Fpublic%2Fimages%2F1bad2ad0-dab2-4f10-97e9-0f144a32bab5_1402x1736.png 1456w\" type=\"image\/webp\" sizes=\"100vw\" \/><\/div><figcaption class=\"image-caption\"><em><strong>Serviciile pe care Asociatia Accept le ofera minorilor, in mod ilegal<\/strong><\/em><\/figcaption><\/figure>\n<\/div>\n<p>Aici avem anuntul oficial al campaniei .<\/p>\n<div class=\"captioned-image-container\">\n<figure>\n<div class=\"image2-inset\"><source srcset=\"https:\/\/substackcdn.com\/image\/fetch\/$s_!9d6G!,w_424,c_limit,f_webp,q_auto:good,fl_progressive:steep\/https%3A%2F%2Fsubstack-post-media.s3.amazonaws.com%2Fpublic%2Fimages%2Ff7a06a17-d0bc-4068-8866-8f4f46d79df3_1408x1358.png 424w, https:\/\/substackcdn.com\/image\/fetch\/$s_!9d6G!,w_848,c_limit,f_webp,q_auto:good,fl_progressive:steep\/https%3A%2F%2Fsubstack-post-media.s3.amazonaws.com%2Fpublic%2Fimages%2Ff7a06a17-d0bc-4068-8866-8f4f46d79df3_1408x1358.png 848w, https:\/\/substackcdn.com\/image\/fetch\/$s_!9d6G!,w_1272,c_limit,f_webp,q_auto:good,fl_progressive:steep\/https%3A%2F%2Fsubstack-post-media.s3.amazonaws.com%2Fpublic%2Fimages%2Ff7a06a17-d0bc-4068-8866-8f4f46d79df3_1408x1358.png 1272w, https:\/\/substackcdn.com\/image\/fetch\/$s_!9d6G!,w_1456,c_limit,f_webp,q_auto:good,fl_progressive:steep\/https%3A%2F%2Fsubstack-post-media.s3.amazonaws.com%2Fpublic%2Fimages%2Ff7a06a17-d0bc-4068-8866-8f4f46d79df3_1408x1358.png 1456w\" type=\"image\/webp\" sizes=\"100vw\" \/><\/div>\n<\/figure>\n<\/div>\n<p>Dup\u0103 investiga\u021bia Patria Prima, Consiliul Local Sector 2 Bucure\u0219ti a trimis cazul la Poli\u021bie.<\/p>\n<p>Recent, s-a confirmat oficial c\u0103 Poli\u021bia Sectorului 2 verific\u0103 cine au fost minorii implica\u021bi, dac\u0103 p\u0103rin\u021bii au fost contacta\u021bi \u0219i dac\u0103 a existat consim\u021b\u0103m\u00e2ntul legal necesar, la cererea Consiliului Local.<\/p>\n<p>Dar\u00a0<strong><a href=\"https:\/\/www.facebook.com\/kaufland.romania?__cft__%5B0%5D=AZYtqXrcsXyaYZJd4a8ROIceITH3iZJxcKTl9Xxosg2JQVkypgwEXYiPccdimJkIZD8kDHfcitIyfkChfCn_qSbz4rJliqCrB2hoYpl5sz37utuAenPJufXgxJ70ykLv4gxIIeXNJyhFRyiOxhlwDhk67WHYTfwzCzI_AhlzGuJi4v2VmGrSV-5QI1l1OTgpwLJkQOCMMT7g0zw3if7L9VHt&amp;__tn__=-%5DK-R\">Kaufland Romania<\/a><\/strong>, finan\u021batorul proiectului, continu\u0103 s\u0103 tac\u0103. Ba chiar a \u0219ters \u0219i pagina finan\u021b\u0103rii, \u00eencerc\u00e2nd s\u0103-\u0219i ascund\u0103 sprijinul pentru experimentele pe copiii Rom\u00e2niei! Este incredibil!<\/p>\n<p><strong>Copiii Rom\u00e2niei nu pot fi folosi\u021bi ca public-\u021bint\u0103 pentru proiecte ideologice f\u0103r\u0103 transparen\u021b\u0103, control \u0219i r\u0103spundere. Cu at\u00e2t mai mult c\u00e2nd vorbim despre copii de 13 ani \u0219i activit\u0103\u021bi desf\u0103\u0219urate inclusiv \u00een tabere.<\/strong><\/p>\n<p>ACCEPT trebuie s\u0103 explice ce a f\u0103cut \u0219i s\u0103 dea socoteal\u0103. Kaufland trebuie s\u0103 explice ce a finan\u021bat \u0219i s\u0103 \u00ee\u0219i cear\u0103 scuze rom\u00e2nilor care sunt clien\u021bii lor.<\/p>\n<p>\u201cAici nu e lumea a treia, s\u0103 vin\u0103 ei s\u0103 fac\u0103 ce vor.\u201d, au spus cei de la Patria Prima, pe bun\u01ce dreptate.<\/p>\n<p><em><strong>surs\u0103: <a href=\"https:\/\/www.strictsecret.com\/p\/opus-nr-673-kaufland-romania-a-finantat\">strictsecret.com<\/a><\/strong><\/em><\/p>\n<\/div>\n<\/div>\n<p>[analyse_source url=&#8221;https:\/\/solidnews.ro\/liviu-alexa-kaufland-romania-a-finantat-un-ong-lgbt-ist-ca-sa-faca-propaganda-homosexuala-in-satele-romanesti\/&#8221;]<\/p>\n","protected":false},"excerpt":{"rendered":"<p>[analyse_image type=&#8221;featured&#8221; src=&#8221;https:\/\/solidnews.ro\/wp-content\/uploads\/2026\/08\/kaufland-accept.webp&#8221;] \u00cei urm\u0103resc de ceva vreme \u0219i \u00eemi place cum procedeaz\u0103. De aia ast\u0103zi am decis s\u0103 promovez \u0219i s\u0103 extind distribu\u021bia muncii lor la publicul meu numeros pentru un caz strig\u0103tor la cer. Kaufland Rom\u00e2nia a finan\u021bat funda\u021bia ACCEPT, care face apologia LGBTQ \u00een \u021b\u0103ri\u0219oara la noi, ca\u00a0\u0103\u0219tia s\u0103 mearg\u0103 prin satele [&hellip;]<\/p>\n","protected":false},"author":1,"featured_media":0,"comment_status":"open","ping_status":"","sticky":false,"template":"","format":"standard","meta":{"footnotes":""},"categories":[89],"tags":[226,97],"class_list":["post-2112822","post","type-post","status-publish","format-standard","hentry","category-romania","tag-crawlmanager","tag-solidnews-ro"],"_links":{"self":[{"href":"https:\/\/analyse.optim.biz\/index.php?rest_route=\/wp\/v2\/posts\/2112822","targetHints":{"allow":["GET"]}}],"collection":[{"href":"https:\/\/analyse.optim.biz\/index.php?rest_route=\/wp\/v2\/posts"}],"about":[{"href":"https:\/\/analyse.optim.biz\/index.php?rest_route=\/wp\/v2\/types\/post"}],"author":[{"embeddable":true,"href":"https:\/\/analyse.optim.biz\/index.php?rest_route=\/wp\/v2\/users\/1"}],"replies":[{"embeddable":true,"href":"https:\/\/analyse.optim.biz\/index.php?rest_route=%2Fwp%2Fv2%2Fcomments&post=2112822"}],"version-history":[{"count":0,"href":"https:\/\/analyse.optim.biz\/index.php?rest_route=\/wp\/v2\/posts\/2112822\/revisions"}],"wp:attachment":[{"href":"https:\/\/analyse.optim.biz\/index.php?rest_route=%2Fwp%2Fv2%2Fmedia&parent=2112822"}],"wp:term":[{"taxonomy":"category","embeddable":true,"href":"https:\/\/analyse.optim.biz\/index.php?rest_route=%2Fwp%2Fv2%2Fcategories&post=2112822"},{"taxonomy":"post_tag","embeddable":true,"href":"https:\/\/analyse.optim.biz\/index.php?rest_route=%2Fwp%2Fv2%2Ftags&post=2112822"}],"curies":[{"name":"wp","href":"https:\/\/api.w.org\/{rel}","templated":true}]}}