{"id":2112821,"date":"2026-08-26T12:29:36","date_gmt":"2026-08-26T09:29:36","guid":{"rendered":"https:\/\/analyse.optim.biz\/?p=2112821"},"modified":"2026-08-26T12:29:36","modified_gmt":"2026-08-26T09:29:36","slug":"buzau-wine-fest-prima-editie-incepe-vineri-la-pietroasele-zdob-si-zdub-ionel-tudorache-si-amna-printre-artistii-invitati","status":"publish","type":"post","link":"https:\/\/analyse.optim.biz\/?p=2112821","title":{"rendered":"Buz\u0103u Wine Fest, prima edi\u021bie, \u00eencepe vineri la Pietroasele. Zdob \u0219i Zdub, Ionel Tudorache \u0219i AMNA, printre arti\u0219tii invita\u021bi"},"content":{"rendered":"<p>[analyse_image type=&#8221;featured&#8221; src=&#8221;https:\/\/gazetabuzoiana.ro\/wp-content\/uploads\/2026\/08\/rsw_1240h_620cg_true.webp&#8221;]<\/p>\n<div class=\"entry-content entry clearfix\">\n<p class=\"wp-block-paragraph\">Prima edi\u021bie a <em>Buz\u0103u Wine Fest<\/em> se desf\u0103\u0219oar\u0103 \u00een perioada 28-30 august 2026, \u00een Zona Tezaur din Pietroasele. Festivalul este organizat de Consiliul Jude\u021bean Buz\u0103u, Centrul Jude\u021bean pentru Artele Spectacolului \u0219i Cultur\u0103 \u201eGeorge Ciprian\u201d, Organiza\u021bia de Management al Destina\u021biei Jude\u021bul Buz\u0103u \u0219i Prim\u0103ria Pietroasele.<\/p>\n<p class=\"wp-block-paragraph\">Evenimentul este dedicat vinului, tradi\u021biilor \u0219i patrimoniului local \u0219i va reuni, timp de trei zile, produc\u0103tori de vin, me\u0219te\u0219ugari, arti\u0219ti \u0219i ansambluri folclorice.<\/p>\n<p class=\"wp-block-paragraph\">Festivalul \u00eencepe vineri, 28 august, de la ora 17.00, cu ceremonia tradi\u021bional\u0103 de zdrobire a strugurilor.<\/p>\n<p class=\"wp-block-paragraph\">Pe scen\u0103 vor urca, \u00een prima parte a serii, Ansamblul folcloric \u201ePlaiurile Miori\u021bei\u201d, Denis Dumitrache, Alexia Anton, Alexia Butm\u0103lai, Briana P\u0103tra\u0219cu, Filofteia Dr\u0103ghici, C\u0103t\u0103lin B\u0103lan, Adelina Dedu, Daria Anghelache, Cristina Maria Nicolae, Diana \u0218tef\u0103nescu \u0219i Ioana Matei.<\/p>\n<p class=\"wp-block-paragraph\">Seara se va \u00eencheia cu concertul forma\u021biei Zdob \u0219i Zdub.<\/p>\n<p class=\"wp-block-paragraph\">S\u00e2mb\u0103t\u0103, 29 august, de la ora 17.00, programul artistic continu\u0103 cu Ansamblul \u0218colii Pietroasele, Ansamblul folcloric \u201eSpicul\u201d, Ilinca Tudor, Alexandra Gribincea, Irina Moraru, Nectaria B\u00e2sceanu, Melisa Sandu \u0219i Maria Ionescu.<\/p>\n<p class=\"wp-block-paragraph\">Ulterior, pe scen\u0103 va urca Ionel Tudorache &amp; Taraful, iar seara se va \u00eencheia cu concertul sus\u021binut de AMNA.<\/p>\n<p class=\"wp-block-paragraph\">Ultima zi a festivalului \u00eencepe mai devreme, duminic\u0103, 30 august, de la ora 11.00.<\/p>\n<p class=\"wp-block-paragraph\">Garda Apulum va prezenta reconstituiri istorice \u0219i demonstra\u021bii, iar publicul va putea participa la ateliere interactive dedicate istoriei \u0219i patrimoniului.<\/p>\n<p class=\"wp-block-paragraph\">Organizatorii anun\u021b\u0103 c\u0103 festivalul va avea \u0219i o zon\u0103 dedicat\u0103 me\u0219te\u0219ugarilor \u0219i creatorilor locali. Printre ace\u0219tia se num\u0103r\u0103 sculptorii Istr\u0103\u021boiu \u0218tefan \u0219i Tofan Petru, pictorul Negoi\u021b\u0103 Alexandru, precum \u0219i creatori de produse din lavand\u0103, bijuterii, ceramic\u0103, textile, m\u0103rgele, pirogravur\u0103 \u0219i tablouri din s\u00e2rm\u0103 de cupru.<\/p>\n<p class=\"wp-block-paragraph\">O component\u0103 important\u0103 a evenimentului va fi zona dedicat\u0103 vinului. Potrivit Consiliului Jude\u021bean Buz\u0103u, la festival vor participa nou\u0103 crame \u0219i produc\u0103tori de vin.<\/p>\n<p class=\"wp-block-paragraph\">Este vorba despre Sta\u021biunea de Cercetare Pietroasa \u0219i Pepiniera Istri\u021ba, Crama Budureasca, Crama Domeniile Ro\u0219ca, Domeniile Blaga, Crama deMatei, Crama Copaci, Crama MOUSEOS, Crama Lupu \u0219i Vinurile \u201eDe 10\u201d.<\/p>\n<p class=\"wp-block-paragraph\">Vizitatorii vor putea astfel s\u0103 descopere produc\u0103tori dintr-una dintre cele mai cunoscute zone viticole ale jude\u021bului.<\/p>\n<p class=\"wp-block-paragraph\">Pe l\u00e2ng\u0103 vin \u0219i concerte, organizatorii promit gastronomie local\u0103, me\u0219te\u0219uguri populare, expozi\u021bii \u0219i demonstra\u021bii, cu accent pe promovarea produselor \u0219i tradi\u021biilor din Buz\u0103u.<\/p>\n<p class=\"wp-block-paragraph\">Accesul la Buz\u0103u Wine Fest este liber, potrivit programului anun\u021bat de organizatori.<\/p>\n<figure class=\"wp-block-image size-large\"><img loading=\"lazy\" decoding=\"async\" width=\"1024\" height=\"722\" src=\"https:\/\/gazetabuzoiana.ro\/wp-content\/uploads\/2026\/08\/winw-fest-1024x722.jpeg\" alt class=\"wp-image-22307\"><\/figure>\n<\/div>\n<p>[analyse_source url=&#8221;https:\/\/gazetabuzoiana.ro\/2026\/08\/26\/buzau-wine-fest-prima-editie-incepe-vineri-la-pietroasele-zdob-si-zdub-ionel-tudorache-si-amna-printre-artistii-invitati\/&#8221;]<\/p>\n","protected":false},"excerpt":{"rendered":"<p>[analyse_image type=&#8221;featured&#8221; src=&#8221;https:\/\/gazetabuzoiana.ro\/wp-content\/uploads\/2026\/08\/rsw_1240h_620cg_true.webp&#8221;] Prima edi\u021bie a Buz\u0103u Wine Fest se desf\u0103\u0219oar\u0103 \u00een perioada 28-30 august 2026, \u00een Zona Tezaur din Pietroasele. Festivalul este organizat de Consiliul Jude\u021bean Buz\u0103u, Centrul Jude\u021bean pentru Artele Spectacolului \u0219i Cultur\u0103 \u201eGeorge Ciprian\u201d, Organiza\u021bia de Management al Destina\u021biei Jude\u021bul Buz\u0103u \u0219i Prim\u0103ria Pietroasele. Evenimentul este dedicat vinului, tradi\u021biilor \u0219i patrimoniului local [&hellip;]<\/p>\n","protected":false},"author":1,"featured_media":0,"comment_status":"open","ping_status":"","sticky":false,"template":"","format":"standard","meta":{"footnotes":""},"categories":[2],"tags":[226,38],"class_list":["post-2112821","post","type-post","status-publish","format-standard","hentry","category-politics","tag-crawlmanager","tag-gazetabuzoiana-ro"],"_links":{"self":[{"href":"https:\/\/analyse.optim.biz\/index.php?rest_route=\/wp\/v2\/posts\/2112821","targetHints":{"allow":["GET"]}}],"collection":[{"href":"https:\/\/analyse.optim.biz\/index.php?rest_route=\/wp\/v2\/posts"}],"about":[{"href":"https:\/\/analyse.optim.biz\/index.php?rest_route=\/wp\/v2\/types\/post"}],"author":[{"embeddable":true,"href":"https:\/\/analyse.optim.biz\/index.php?rest_route=\/wp\/v2\/users\/1"}],"replies":[{"embeddable":true,"href":"https:\/\/analyse.optim.biz\/index.php?rest_route=%2Fwp%2Fv2%2Fcomments&post=2112821"}],"version-history":[{"count":0,"href":"https:\/\/analyse.optim.biz\/index.php?rest_route=\/wp\/v2\/posts\/2112821\/revisions"}],"wp:attachment":[{"href":"https:\/\/analyse.optim.biz\/index.php?rest_route=%2Fwp%2Fv2%2Fmedia&parent=2112821"}],"wp:term":[{"taxonomy":"category","embeddable":true,"href":"https:\/\/analyse.optim.biz\/index.php?rest_route=%2Fwp%2Fv2%2Fcategories&post=2112821"},{"taxonomy":"post_tag","embeddable":true,"href":"https:\/\/analyse.optim.biz\/index.php?rest_route=%2Fwp%2Fv2%2Ftags&post=2112821"}],"curies":[{"name":"wp","href":"https:\/\/api.w.org\/{rel}","templated":true}]}}