{"id":2112817,"date":"2026-08-26T12:08:20","date_gmt":"2026-08-26T09:08:20","guid":{"rendered":"https:\/\/analyse.optim.biz\/?p=2112817"},"modified":"2026-08-26T12:08:20","modified_gmt":"2026-08-26T09:08:20","slug":"exclusiv-avem-numele-viitorului-inspector-general-al-isj-buzau-care-si-a-dat-acordul-pentru-numire-cine-sunt-cele-doua-persoane-pregatite-pentru-functiile-de-adjuncti","status":"publish","type":"post","link":"https:\/\/analyse.optim.biz\/?p=2112817","title":{"rendered":"EXCLUSIV | Avem numele viitorului inspector general al I\u0218J Buz\u0103u, care \u0219i-a dat acordul pentru numire! Cine sunt cele dou\u0103 persoane preg\u0103tite pentru func\u021biile de adjunc\u021bi"},"content":{"rendered":"<p>[analyse_image type=&#8221;featured&#8221; src=&#8221;https:\/\/gazetabuzoiana.ro\/wp-content\/uploads\/2026\/08\/ISJ-BUZAU.jpg&#8221;]<\/p>\n<div class=\"entry-content entry clearfix\">\n<p class=\"wp-block-paragraph\">Gina Manea este numele viitorului inspector \u0219colar general al Inspectoratului \u0218colar Jude\u021bean Buz\u0103u. Informa\u021bia este prezentat\u0103 \u00een exclusivitate de <em>Gazeta Buzoian\u0103<\/em>, dup\u0103 ce Ministerul Educa\u021biei i-a solicitat acordul pentru numirea \u00een func\u021bie, iar Gina Manea \u0219i l-a dat.<\/p>\n<p class=\"wp-block-paragraph\">\u00cen acest moment, Gina Manea este inspector \u0219colar general adjunct \u00een cadrul I\u0218J Buz\u0103u. Numirea sa \u00een func\u021bia de inspector general este o propunere venit\u0103 din partea PNL \u0219i urmeaz\u0103 s\u0103 fie oficializat\u0103 de Ministerul Educa\u021biei.<\/p>\n<p class=\"wp-block-paragraph\">Odat\u0103 cu numirea Ginei Manea, se preg\u0103te\u0219te \u0219i o nou\u0103 formul\u0103 de conducere pentru Inspectoratul \u0218colar Jude\u021bean Buz\u0103u, oficial, la propunerea noului general.<\/p>\n<p class=\"wp-block-paragraph\">Pentru cele dou\u0103 func\u021bii de inspector \u0219colar general adjunct sunt preg\u0103tite Felicia Elena Bo\u0219codeal\u0103 \u0219i Liliana \u0218erb\u0103nic\u0103.<\/p>\n<p class=\"wp-block-paragraph\">Felicia Elena Bo\u0219codeal\u0103 este \u00een prezent inspector \u0219colar pentru disciplina istorie, iar Liliana \u0218erb\u0103nic\u0103 este profesor de educa\u021bie fizic\u0103 \u0219i sport \u00een \u00eenv\u0103\u021b\u0103m\u00e2ntul special din Buz\u0103u. Din informa\u021biile noastre, ambele \u0219i-au dat acordul de principiu pentru ocuparea func\u021biilor de inspectori \u0219colari generali adjunc\u021bi.<\/p>\n<p class=\"wp-block-paragraph\">Liliana \u0218erb\u0103nic\u0103 este propunerea USR pentru una dintre cele dou\u0103 func\u021bii de adjunct.<\/p>\n<p class=\"wp-block-paragraph\">\u00cen ceea ce o prive\u0219te pe Felicia Elena Bo\u0219codeal\u0103, aceasta face parte \u00een prezent din aparatul Inspectoratului \u0218colar Jude\u021bean Buz\u0103u, unde ocup\u0103 func\u021bia de inspector \u0219colar.<\/p>\n<p class=\"wp-block-paragraph\">Mai exist\u0103 \u0219i o a treia variant\u0103 care ar putea ap\u0103rea \u00een formula de conducere a I\u0218J Buz\u0103u.<\/p>\n<p class=\"wp-block-paragraph\">Este vorba despre Meiro\u0219u, care ar putea intra \u00een calcul pentru un post de inspector \u0219colar general adjunct, \u00eens\u0103 numai dac\u0103 Ministerul Educa\u021biei va aproba existen\u021ba unui al treilea post de adjunct la nivelul Inspectoratului \u0218colar Jude\u021bean Buz\u0103u.<\/p>\n<p class=\"wp-block-paragraph\">Prin urmare, \u00een acest moment, formula aflat\u0103 \u00een discu\u021bie este Gina Manea, inspector \u0219colar general, Felicia Elena Bo\u0219codeal\u0103 \u0219i Liliana \u0218erb\u0103nic\u0103, inspectori \u0219colari generali adjunc\u021bi, cu posibilitatea ca echipa s\u0103 fie completat\u0103 ulterior cu un al treilea adjunct, dac\u0103 Ministerul Educa\u021biei va aproba postul.<\/p>\n<p class=\"wp-block-paragraph\">Deocamdat\u0103, numirile nu sunt oficiale. Gina Manea \u0219i-a dat \u00eens\u0103 acordul solicitat de Ministerul Educa\u021biei, iar urm\u0103torul pas este emiterea actului oficial de numire. Mandate acestora vor fi valabile un an de zile.<\/p>\n<p class=\"wp-block-paragraph\"><em>Gazeta Buzoian\u0103<\/em> va urm\u0103ri procedura \u0219i va reveni cu informa\u021bii \u00een momentul \u00een care noua conducere a I\u0218J Buz\u0103u va fi oficializat\u0103.<\/p>\n<div class=\"post-bottom-meta post-bottom-tags post-tags-modern\">\n<div class=\"post-bottom-meta-title\"> Etichete<\/div>\n<p><span class=\"tagcloud\"><a href=\"https:\/\/gazetabuzoiana.ro\/tag\/conducerea-isj-buzau\/\" rel=\"tag\">conducerea I\u0218J Buz\u0103u<\/a><a href=\"https:\/\/gazetabuzoiana.ro\/tag\/educatie-buzau\/\" rel=\"tag\">Educa\u021bie Buz\u0103u<\/a><a href=\"https:\/\/gazetabuzoiana.ro\/tag\/felicia-elena-boscodeala\/\" rel=\"tag\">Felicia Elena Bo\u0219codeal\u0103<\/a><a href=\"https:\/\/gazetabuzoiana.ro\/tag\/gina-manea\/\" rel=\"tag\">Gina Manea<\/a><a href=\"https:\/\/gazetabuzoiana.ro\/tag\/inspector-general-buzau\/\" rel=\"tag\">inspector general Buz\u0103u<\/a><a href=\"https:\/\/gazetabuzoiana.ro\/tag\/inspectoratul-scolar-judetean-buzau\/\" rel=\"tag\">Inspectoratul \u0218colar Jude\u021bean Buz\u0103u<\/a><a href=\"https:\/\/gazetabuzoiana.ro\/tag\/inspectori-scolari-generali-adjuncti\/\" rel=\"tag\">inspectori \u0219colari generali adjunc\u021bi<\/a><a href=\"https:\/\/gazetabuzoiana.ro\/tag\/invatamant-buzau\/\" rel=\"tag\">\u00eenv\u0103\u021b\u0103m\u00e2nt Buz\u0103u<\/a><a href=\"https:\/\/gazetabuzoiana.ro\/tag\/isj-buzau-3\/\" rel=\"tag\">I\u0218J Buz\u0103u<\/a><a href=\"https:\/\/gazetabuzoiana.ro\/tag\/liliana-serbanica\/\" rel=\"tag\">Liliana \u0218erb\u0103nic\u0103<\/a><a href=\"https:\/\/gazetabuzoiana.ro\/tag\/meirosu\/\" rel=\"tag\">Meiro\u0219u<\/a><a href=\"https:\/\/gazetabuzoiana.ro\/tag\/ministerul-educatiei\/\" rel=\"tag\">Ministerul Educa\u021biei<\/a><a href=\"https:\/\/gazetabuzoiana.ro\/tag\/numiri-isj-buzau\/\" rel=\"tag\">numiri I\u0218J Buz\u0103u<\/a><a href=\"https:\/\/gazetabuzoiana.ro\/tag\/pnl-buzau\/\" rel=\"tag\">PNL Buz\u0103u<\/a><a href=\"https:\/\/gazetabuzoiana.ro\/tag\/schimbari-isj-buzau\/\" rel=\"tag\">schimb\u0103ri I\u0218J Buz\u0103u<\/a><a href=\"https:\/\/gazetabuzoiana.ro\/tag\/usr-buzau\/\" rel=\"tag\">USR Buz\u0103u<\/a><\/span><\/div>\n<\/div>\n<p>[analyse_source url=&#8221;https:\/\/gazetabuzoiana.ro\/2026\/08\/26\/exclusiv-avem-numele-viitorului-inspector-general-al-isj-buzau-care-si-a-dat-acordul-pentru-numire-cine-sunt-cele-doua-persoane-pregatite-pentru-functiile-de-adjuncti\/&#8221;]<\/p>\n","protected":false},"excerpt":{"rendered":"<p>[analyse_image type=&#8221;featured&#8221; src=&#8221;https:\/\/gazetabuzoiana.ro\/wp-content\/uploads\/2026\/08\/ISJ-BUZAU.jpg&#8221;] Gina Manea este numele viitorului inspector \u0219colar general al Inspectoratului \u0218colar Jude\u021bean Buz\u0103u. Informa\u021bia este prezentat\u0103 \u00een exclusivitate de Gazeta Buzoian\u0103, dup\u0103 ce Ministerul Educa\u021biei i-a solicitat acordul pentru numirea \u00een func\u021bie, iar Gina Manea \u0219i l-a dat. \u00cen acest moment, Gina Manea este inspector \u0219colar general adjunct \u00een cadrul I\u0218J Buz\u0103u. [&hellip;]<\/p>\n","protected":false},"author":1,"featured_media":0,"comment_status":"open","ping_status":"","sticky":false,"template":"","format":"standard","meta":{"footnotes":""},"categories":[2],"tags":[226,38],"class_list":["post-2112817","post","type-post","status-publish","format-standard","hentry","category-politics","tag-crawlmanager","tag-gazetabuzoiana-ro"],"_links":{"self":[{"href":"https:\/\/analyse.optim.biz\/index.php?rest_route=\/wp\/v2\/posts\/2112817","targetHints":{"allow":["GET"]}}],"collection":[{"href":"https:\/\/analyse.optim.biz\/index.php?rest_route=\/wp\/v2\/posts"}],"about":[{"href":"https:\/\/analyse.optim.biz\/index.php?rest_route=\/wp\/v2\/types\/post"}],"author":[{"embeddable":true,"href":"https:\/\/analyse.optim.biz\/index.php?rest_route=\/wp\/v2\/users\/1"}],"replies":[{"embeddable":true,"href":"https:\/\/analyse.optim.biz\/index.php?rest_route=%2Fwp%2Fv2%2Fcomments&post=2112817"}],"version-history":[{"count":0,"href":"https:\/\/analyse.optim.biz\/index.php?rest_route=\/wp\/v2\/posts\/2112817\/revisions"}],"wp:attachment":[{"href":"https:\/\/analyse.optim.biz\/index.php?rest_route=%2Fwp%2Fv2%2Fmedia&parent=2112817"}],"wp:term":[{"taxonomy":"category","embeddable":true,"href":"https:\/\/analyse.optim.biz\/index.php?rest_route=%2Fwp%2Fv2%2Fcategories&post=2112817"},{"taxonomy":"post_tag","embeddable":true,"href":"https:\/\/analyse.optim.biz\/index.php?rest_route=%2Fwp%2Fv2%2Ftags&post=2112817"}],"curies":[{"name":"wp","href":"https:\/\/api.w.org\/{rel}","templated":true}]}}