{"id":2112813,"date":"2026-08-26T10:41:55","date_gmt":"2026-08-26T07:41:55","guid":{"rendered":"https:\/\/analyse.optim.biz\/?p=2112813"},"modified":"2026-08-26T10:41:55","modified_gmt":"2026-08-26T07:41:55","slug":"memoriul-care-nu-a-ajuns-in-presa-profesorii-din-hasdeu-au-cerut-ca-anca-florea-sa-nu-mai-fie-director-avem-documentul","status":"publish","type":"post","link":"https:\/\/analyse.optim.biz\/?p=2112813","title":{"rendered":"MEMORIUL care nu a ajuns \u00een pres\u0103! Profesorii din Hasdeu au cerut ca Anca Florea s\u0103 nu mai fie director. Avem documentul"},"content":{"rendered":"<p>[analyse_image type=&#8221;featured&#8221; src=&#8221;https:\/\/gazetabuzoiana.ro\/wp-content\/uploads\/2026\/08\/coperta-buna.png&#8221;]<\/p>\n<div class=\"entry-content entry clearfix\">\n<p class=\"wp-block-paragraph\">Scrisoarea deschis\u0103 pe care fosta directoare adjunct\u0103 a Colegiului Na\u021bional \u201eB. P. Hasdeu\u201d, prof. Anca Florea, i-a adresat-o ministrului Educa\u021biei a fost preluat\u0103, \u00een ultimele ore, de mai multe publica\u021bii locale \u0219i na\u021bionale.<\/p>\n<p class=\"wp-block-paragraph\">\u00cen presa local\u0103 \u0219i na\u021bional\u0103 a ajuns \u00eens\u0103 doar scrisoarea fostei directoare. Nu s-a \u0219tiut \u0219i despre un memoriu semnat de aproximativ 40 de profesori ai Colegiului Na\u021bional \u201eB. P. Hasdeu\u201d, prin care ace\u0219tia au cerut ca Anca Florea s\u0103 nu mai fie numit\u0103 director adjunct al colegiului.<\/p>\n<p class=\"wp-block-paragraph\"><em>Gazeta Buzoian\u0103<\/em> se afl\u0103 \u00een posesia acestui memoriu. Documentul a fost \u00eenaintat Inspectoratului \u0218colar Jude\u021bean Buz\u0103u \u00een perioada procedurilor pentru ocuparea func\u021biilor de conducere din \u0219coli. Din informa\u021biile noastre, memoriul a ajuns \u0219i la Ministerul Educa\u021biei.<\/p>\n<p class=\"wp-block-paragraph\">Profesorii au mers cu documentul respectiv la Consiliul de Administra\u021bie al Inspectoratului \u0218colar Jude\u021bean \u00een perioada primei etape de evaluare. \u00cen memoriu sunt semn\u0103turi ale unor cadre didactice cunoscute din Colegiul Na\u021bional \u201eB. P. Hasdeu\u201d, unele dintre ele nume grele, cu o activitate important\u0103 \u00een cadrul colegiului, revunoscut\u0103 la nivel na\u021bional \u0219i chiar interna\u021bional de-a lungul timpului.<\/p>\n<p class=\"wp-block-paragraph\">Nu public\u0103m partea din tabel pentru care semnatarii nu \u0219i-au dat acordul. Profesorii respectivi au cerut ca identitatea lor s\u0103 r\u0103m\u00e2n\u0103 cunoscut\u0103 doar institu\u021biilor c\u0103rora le-au transmis documentul. Public\u0103m doar partea pentru care avem acordul semnatarilor.<\/p>\n<figure class=\"wp-block-gallery has-nested-images columns-default is-cropped wp-block-gallery-1 is-layout-flex wp-block-gallery-is-layout-flex\">\n<figure class=\"wp-block-image size-large\"><img decoding=\"async\" loading=\"lazy\" width=\"768\" height=\"1024\" data-id=\"22290\" src=\"https:\/\/gazetabuzoiana.ro\/wp-content\/uploads\/2026\/08\/1-9-768x1024.jpeg\" alt class=\"wp-image-22290\"><\/figure>\n<\/figure>\n<figure class=\"wp-block-image size-large\"><img decoding=\"async\" loading=\"lazy\" width=\"768\" height=\"1024\" src=\"https:\/\/gazetabuzoiana.ro\/wp-content\/uploads\/2026\/08\/buna-768x1024.png\" alt class=\"wp-image-22292\"><\/figure>\n<p class=\"wp-block-paragraph\">Dup\u0103 cum se vede, profesorii au reclamat tensiuni \u00een colectiv \u0219i probleme \u00een rela\u021bia dintre profesorul Anca Florea, \u00een calitate de director adjunct \u0219i o mare parte dintre colegii s\u0103i. Ei au cerut ca aceasta s\u0103 nu mai fie numit\u0103 sau men\u021binut\u0103 \u00een func\u021bia de director adjunct.<\/p>\n<p class=\"wp-block-paragraph\">Este o pozi\u021bie exprimat\u0103 de cei care au semnat documentul \u0219i nu o concluzie stabilit\u0103 de noi. A\u0219a cum am men\u021bionat mai sus, ne afl\u0103m \u00een posesia acestui memoriu \u0219i a tutror semnaturilor care \u00eel \u00eenso\u021besc, memoriu care a fost \u00eenaintat institu\u021biilor competente.<\/p>\n<h1 class=\"wp-block-heading\">Anul acesta nu a mai cerut prelungirea mandatului<\/h1>\n<p class=\"wp-block-paragraph\">Un alt aspect care nu a ap\u0103rut \u00een materialele care au preluat scrisoarea deschis\u0103 este c\u0103 profesorul Anca Florea nu a mai solicitat \u00een acest an prelungirea mandatului de director adjunct.<\/p>\n<p class=\"wp-block-paragraph\">Anul trecut, domnia sa sa f\u0103cuse o astfel solicitare, iar Inspectoratul \u0218colar Jude\u021bean a aprobat-o. \u00cen acest an, potrivit informa\u021biilor oficiale pe care le-am ob\u021binut la cerere, o astfel de cerere nu a mai fost depus\u0103.<\/p>\n<p class=\"wp-block-paragraph\">Situa\u021bia este relevant\u0103 \u00een contextul \u00een care memoriul celor 40 de profesori a fost \u00eenaintat exact \u00een perioada \u00een care se derulau procedurile pentru ocuparea func\u021biilor de conducere.<\/p>\n<h1 class=\"wp-block-heading\">Patru elevi nu au fost primi\u021bi la probele de competen\u021be<\/h1>\n<p class=\"wp-block-paragraph\">Informa\u021biile ajunse \u00een redac\u021bia noastr\u0103 cuprind \u0219i un alt episod, legat de examenul de Bacalaureat din acest an.<\/p>\n<p class=\"wp-block-paragraph\">Din pozi\u021bia de director adjunct al institu\u021biei, Anca Florea a dispus ca patru elevi ai Colegiului \u201eB.P. Hasdeu\u201d s\u0103 nu fie primi\u021bi la probele de evaluare a competen\u021belor deoarece au \u00eent\u00e2rziat foarte pu\u021bine minute, ceea ce, \u00een opinia noastr\u0103, nu ar fi trebuit s\u0103 c\u00e2nt\u0103reasc\u0103 mai mult dec\u00e2t anii de \u0219coal\u0103 pe care i-au parcurs \u0219i munca depus\u0103 \u00eentr-un colegiu cu tradi\u021bia \u0219i performan\u021bele Hasdeului, ob\u2019inute cu mult efort.<\/p>\n<p class=\"wp-block-paragraph\">P\u0103rin\u021bii acestora s-au adresat Inspectoratului \u0218colar Jude\u021bean, iar situa\u021bia a fost dus\u0103 mai departe c\u0103tre Ministerul Educa\u021biei, care a luat m\u0103surile cuvenite pentru ca, \u00een cele din urm\u0103, cei patru elevi s\u0103 poat\u0103 sus\u021bine probele.<\/p>\n<p class=\"wp-block-paragraph\">Unul dintre cei patru elevi are probleme grave de s\u0103n\u0103tate \u0219i este insulino-dependent. Din informa\u021biile pe care le avem, starea sa medical\u0103 a avut leg\u0103tur\u0103 cu \u00eent\u00e2rzierea de la examen.<\/p>\n<p class=\"wp-block-paragraph\">Pentru acel elev, situa\u021bia putea avea consecin\u021be nedorite dac\u0103 nu era g\u0103sit\u0103 o solu\u021bie, mai ales \u00een condi\u021biile \u00een care era vorba despre probele de competen\u021be ale Bacalaureatului. \u00cen cele din urm\u0103, cazul a fost rezolvat prin interven\u021bia institu\u021biilor abilitate.<\/p>\n<p class=\"wp-block-paragraph\">\u0218i acest episod face parte din situa\u021bia reclamat\u0103 de profesorii care au semnat memoriul \u0219i este unul dintre lucrurile pe care opinia public\u0103 nu le-a cunoscut atunci c\u00e2nd scrisoarea Anc\u0103i Florea a \u00eenceput s\u0103 fie preluat\u0103 de presa na\u021bional\u0103.<\/p>\n<h1 class=\"wp-block-heading\">Cele dou\u0103 p\u0103r\u021bi ale aceluia\u0219i caz<\/h1>\n<p class=\"wp-block-paragraph\">Scrisoarea deschis\u0103 a fostului director Anca Florea a pus \u00een eviden\u021b\u0103 o serie de acuza\u021bii la adresa Inspectoratului \u0218colar Jude\u021bean Buz\u0103u \u0219i a conducerii institu\u021biei, vorbind ndespre decizii pe care le-a considerat abuzive sau nelegale, despre modul \u00een care s-ar fi f\u0103cut mobilitatea personalului didactic \u0219i despre interven\u021bia Inspectoratului \u00een planul de \u0219colarizare al Colegiului \u201eB. P. Hasdeu\u201d.<\/p>\n<p class=\"wp-block-paragraph\">Sunt acuza\u021bii care trebuie l\u0103murite de institu\u021biile competente. Anca Florea a anun\u021bat chiar c\u0103 va transmite Ministerului Educa\u021biei o adres\u0103 oficial\u0103, \u00eenso\u021bit\u0103 de documente.<\/p>\n<p class=\"wp-block-paragraph\">Noi nu avem rolul de a \u00eemp\u0103r\u021bi dreptatea \u00eentr-o asemenea situa\u021bie \u0219i nici nu putem spune, din postura noastr\u0103, cine are dreptate \u0219i cine nu.\u00a0 Am vrut doar s\u0103 ar\u0103t\u0103m \u0219i partea care a lipsit din relatarea public\u0103 de p\u00e2n\u0103 acum. \u0218i anume c\u0103,\u00a0fostul director adjunct\u00a0 Anca Florea a reclamat public modul \u00een care Inspectoratul \u0218colar Jude\u021bean a gestionat rela\u021bia cu renumitul colegiu, dar, pe de alt\u0103 patrte, aproximativ 40 de profesori, colegi de-ai s\u0103i, au cerut institu\u021biilor superioare ca domnia sa s\u0103 nu mai fie director adjunct. Fire\u0219te c\u0103 cele dou\u0103 situa\u021bii nu se exclud \u0219i c\u0103 acuza\u021biile formulate de Anca Florea trebuie verificate, iar memoriul profesorilor trebuie, la r\u00e2ndul s\u0103u, analizat de institu\u021biile c\u0103rora le-a fost \u00eenaintat. Pentru asta exist\u0103 Ministerul Educa\u021biei \u0219i celelalte institu\u021bii abilitate.<\/p>\n<div class=\"post-bottom-meta post-bottom-tags post-tags-modern\">\n<div class=\"post-bottom-meta-title\"> Etichete<\/div>\n<p><span class=\"tagcloud\"><a href=\"https:\/\/gazetabuzoiana.ro\/tag\/anca-florea\/\" rel=\"tag\">Anca Florea<\/a><a href=\"https:\/\/gazetabuzoiana.ro\/tag\/bacalaureat\/\" rel=\"tag\">Bacalaureat<\/a><a href=\"https:\/\/gazetabuzoiana.ro\/tag\/buzau-2\/\" rel=\"tag\">Buz\u0103u<\/a><a href=\"https:\/\/gazetabuzoiana.ro\/tag\/colegiul-hasdeu\/\" rel=\"tag\">Colegiul Hasdeu<\/a><a href=\"https:\/\/gazetabuzoiana.ro\/tag\/colegiul-national-b-p-hasdeu-2\/\" rel=\"tag\">Colegiul Na\u021bional B.P. Hasdeu<\/a><a href=\"https:\/\/gazetabuzoiana.ro\/tag\/daniela-palcau\/\" rel=\"tag\">Daniela Palc\u0103u<\/a><a href=\"https:\/\/gazetabuzoiana.ro\/tag\/directori-scoli\/\" rel=\"tag\">directori \u0219coli<\/a><a href=\"https:\/\/gazetabuzoiana.ro\/tag\/educatie-buzau\/\" rel=\"tag\">Educa\u021bie Buz\u0103u<\/a><a href=\"https:\/\/gazetabuzoiana.ro\/tag\/inspectoratul-scolar-judetean-buzau\/\" rel=\"tag\">Inspectoratul \u0218colar Jude\u021bean Buz\u0103u<\/a><a href=\"https:\/\/gazetabuzoiana.ro\/tag\/invatamant-buzau\/\" rel=\"tag\">\u00eenv\u0103\u021b\u0103m\u00e2nt Buz\u0103u<\/a><a href=\"https:\/\/gazetabuzoiana.ro\/tag\/invatamant-romanesc\/\" rel=\"tag\">\u00eenv\u0103\u021b\u0103m\u00e2nt rom\u00e2nesc<\/a><a href=\"https:\/\/gazetabuzoiana.ro\/tag\/isj-buzau-2\/\" rel=\"tag\">ISJ Buz\u0103u<\/a><a href=\"https:\/\/gazetabuzoiana.ro\/tag\/memoriu-profesori\/\" rel=\"tag\">memoriu profesori<\/a><a href=\"https:\/\/gazetabuzoiana.ro\/tag\/ministerul-educatiei\/\" rel=\"tag\">Ministerul Educa\u021biei<\/a><a href=\"https:\/\/gazetabuzoiana.ro\/tag\/probe-de-competente\/\" rel=\"tag\">probe de competen\u021be<\/a><a href=\"https:\/\/gazetabuzoiana.ro\/tag\/profesori-hasdeu\/\" rel=\"tag\">profesori Hasdeu<\/a><\/span><\/div>\n<\/div>\n<p>[analyse_source url=&#8221;https:\/\/gazetabuzoiana.ro\/2026\/08\/26\/memoriul-care-nu-a-ajuns-in-presa-profesorii-din-hasdeu-au-cerut-ca-anca-florea-sa-nu-mai-fie-director-avem-documentul\/&#8221;]<\/p>\n","protected":false},"excerpt":{"rendered":"<p>[analyse_image type=&#8221;featured&#8221; src=&#8221;https:\/\/gazetabuzoiana.ro\/wp-content\/uploads\/2026\/08\/coperta-buna.png&#8221;] Scrisoarea deschis\u0103 pe care fosta directoare adjunct\u0103 a Colegiului Na\u021bional \u201eB. P. Hasdeu\u201d, prof. Anca Florea, i-a adresat-o ministrului Educa\u021biei a fost preluat\u0103, \u00een ultimele ore, de mai multe publica\u021bii locale \u0219i na\u021bionale. \u00cen presa local\u0103 \u0219i na\u021bional\u0103 a ajuns \u00eens\u0103 doar scrisoarea fostei directoare. Nu s-a \u0219tiut \u0219i despre un memoriu [&hellip;]<\/p>\n","protected":false},"author":1,"featured_media":0,"comment_status":"open","ping_status":"","sticky":false,"template":"","format":"standard","meta":{"footnotes":""},"categories":[2],"tags":[226,38],"class_list":["post-2112813","post","type-post","status-publish","format-standard","hentry","category-politics","tag-crawlmanager","tag-gazetabuzoiana-ro"],"_links":{"self":[{"href":"https:\/\/analyse.optim.biz\/index.php?rest_route=\/wp\/v2\/posts\/2112813","targetHints":{"allow":["GET"]}}],"collection":[{"href":"https:\/\/analyse.optim.biz\/index.php?rest_route=\/wp\/v2\/posts"}],"about":[{"href":"https:\/\/analyse.optim.biz\/index.php?rest_route=\/wp\/v2\/types\/post"}],"author":[{"embeddable":true,"href":"https:\/\/analyse.optim.biz\/index.php?rest_route=\/wp\/v2\/users\/1"}],"replies":[{"embeddable":true,"href":"https:\/\/analyse.optim.biz\/index.php?rest_route=%2Fwp%2Fv2%2Fcomments&post=2112813"}],"version-history":[{"count":0,"href":"https:\/\/analyse.optim.biz\/index.php?rest_route=\/wp\/v2\/posts\/2112813\/revisions"}],"wp:attachment":[{"href":"https:\/\/analyse.optim.biz\/index.php?rest_route=%2Fwp%2Fv2%2Fmedia&parent=2112813"}],"wp:term":[{"taxonomy":"category","embeddable":true,"href":"https:\/\/analyse.optim.biz\/index.php?rest_route=%2Fwp%2Fv2%2Fcategories&post=2112813"},{"taxonomy":"post_tag","embeddable":true,"href":"https:\/\/analyse.optim.biz\/index.php?rest_route=%2Fwp%2Fv2%2Ftags&post=2112813"}],"curies":[{"name":"wp","href":"https:\/\/api.w.org\/{rel}","templated":true}]}}