{"id":2112812,"date":"2026-08-24T12:11:20","date_gmt":"2026-08-24T09:11:20","guid":{"rendered":"https:\/\/analyse.optim.biz\/?p=2112812"},"modified":"2026-08-24T12:11:20","modified_gmt":"2026-08-24T09:11:20","slug":"mirabela-gradinaru-vizita-la-kiev-cu-cine-s-a-intalnit-sotia-presedintelui","status":"publish","type":"post","link":"https:\/\/analyse.optim.biz\/?p=2112812","title":{"rendered":"Mirabela Gr\u0103dinaru, vizit\u0103 la Kiev. Cu cine s-a \u00eent\u00e2lnit so\u021bia pre\u0219edintelui"},"content":{"rendered":"<p>[analyse_image type=&#8221;featured&#8221; src=&#8221;https:\/\/60m.ro\/wp-content\/uploads\/2026\/08\/mirabela-gradinaru.webp&#8221;]<\/p>\n<div class=\"articleBody\" data-key=\"articleBody\">\nMirabela Gr\u0103dinaru, partenera pre\u0219edintelui Nicu\u0219or Dan, se afl\u0103 luni la Kiev, unde particip\u0103 la evenimentele organizate cu ocazia Zilei Independen\u021bei Ucrainei. \u00cen timpul vizitei, aceasta a avut o \u00eent\u00e2lnire cu pre\u0219edinta Republicii Moldova, Maia Sandu. Mirabela Gr\u0103dinaru a fost invitat\u0103 \u00een capitala Ucrainei de Olena Zelenska, so\u021bia pre\u0219edintelui Volodimir Zelenski.<\/p>\n<p>Imagini de la \u00eent\u00e2lnirea dintre Mirabela Gr\u0103dinaru \u0219i Maia Sandu au fost publicate pe pagina de Facebook a publica\u021biei cotidianul.md, \u00een contextul manifest\u0103rilor organizate la Kiev pentru marcarea Zilei Independen\u021bei Ucrainei.<\/p>\n<p>Cele dou\u0103 apar \u00eempreun\u0103 \u00een imaginile realizate cu prilejul evenimentelor din capitala ucrainean\u0103.<\/p>\n<p>Nicu\u0219or Dan anun\u021base \u00eenc\u0103 din iulie vizita Mirabelei Gr\u0103dinaru la Kiev<\/p>\n<p>Prezen\u021ba Mirabelei Gr\u0103dinaru \u00een Ucraina fusese anun\u021bat\u0103 \u00eenc\u0103 din luna iulie de pre\u0219edintele Nicu\u0219or Dan. \u0218eful statului precizase c\u0103 partenera sa urma s\u0103 participe la evenimentul programat pentru 24 august \u0219i c\u0103 aceasta inten\u021bioneaz\u0103 s\u0103 se implice \u00een ini\u021biative interna\u021bionale dedicate copiilor.<\/p>\n<p>Potrivit informa\u021biilor prezentate anterior de Nicu\u0219or Dan, printre temele de interes se num\u0103r\u0103 educa\u021bia, protejarea copiilor de efectele nocive ale tehnologiei \u0219i prevenirea dependen\u021belor.<\/p>\n<p>Mirabela Gr\u0103dinaru, invitat\u0103 la Kiev de Olena Zelenska<\/p>\n<p>Mirabela Gr\u0103dinaru a ajuns la Kiev la invita\u021bia Olenei Zelenska, so\u021bia pre\u0219edintelui ucrainean Volodimir Zelenski. Cele dou\u0103 s-au \u00eent\u00e2lnit anterior \u0219i la Bucure\u0219ti. \u00cen luna mai, Mirabela Gr\u0103dinaru \u0219i Olena Zelenska au avut discu\u021bii la Palatul Cotroceni despre protejarea copiilor, s\u0103n\u0103tatea mintal\u0103 \u0219i sprijinirea familiilor vulnerabile.<\/p>\n<p>Vizita de la Kiev continu\u0103 astfel implicarea Mirabelei Gr\u0103dinaru \u00een ini\u021biative axate pe problemele copiilor \u0219i familiilor.<\/p>\n<p>Prezen\u021ba Mirabelei Gr\u0103dinaru \u00een capitala ucrainean\u0103 are loc \u00eentr-un moment cu puternic\u0103 \u00eenc\u0103rc\u0103tur\u0103 simbolic\u0103 pentru Ucraina. \u021aara marcheaz\u0103 luni, 24 august, Ziua Independen\u021bei, \u00een timp ce r\u0103zboiul declan\u0219at de Rusia continu\u0103.\n<\/p><\/div>\n<p>[analyse_source url=&#8221;https:\/\/60m.ro\/mirabela-gradinaru-vizita-la-kiev-cu-cine-s-a-intalnit-sotia-presedintelui\/&#8221;]<\/p>\n","protected":false},"excerpt":{"rendered":"<p>[analyse_image type=&#8221;featured&#8221; src=&#8221;https:\/\/60m.ro\/wp-content\/uploads\/2026\/08\/mirabela-gradinaru.webp&#8221;] Mirabela Gr\u0103dinaru, partenera pre\u0219edintelui Nicu\u0219or Dan, se afl\u0103 luni la Kiev, unde particip\u0103 la evenimentele organizate cu ocazia Zilei Independen\u021bei Ucrainei. \u00cen timpul vizitei, aceasta a avut o \u00eent\u00e2lnire cu pre\u0219edinta Republicii Moldova, Maia Sandu. Mirabela Gr\u0103dinaru a fost invitat\u0103 \u00een capitala Ucrainei de Olena Zelenska, so\u021bia pre\u0219edintelui Volodimir Zelenski. Imagini de [&hellip;]<\/p>\n","protected":false},"author":1,"featured_media":0,"comment_status":"open","ping_status":"","sticky":false,"template":"","format":"standard","meta":{"footnotes":""},"categories":[89],"tags":[100,226],"class_list":["post-2112812","post","type-post","status-publish","format-standard","hentry","category-romania","tag-60m-ro","tag-crawlmanager"],"_links":{"self":[{"href":"https:\/\/analyse.optim.biz\/index.php?rest_route=\/wp\/v2\/posts\/2112812","targetHints":{"allow":["GET"]}}],"collection":[{"href":"https:\/\/analyse.optim.biz\/index.php?rest_route=\/wp\/v2\/posts"}],"about":[{"href":"https:\/\/analyse.optim.biz\/index.php?rest_route=\/wp\/v2\/types\/post"}],"author":[{"embeddable":true,"href":"https:\/\/analyse.optim.biz\/index.php?rest_route=\/wp\/v2\/users\/1"}],"replies":[{"embeddable":true,"href":"https:\/\/analyse.optim.biz\/index.php?rest_route=%2Fwp%2Fv2%2Fcomments&post=2112812"}],"version-history":[{"count":0,"href":"https:\/\/analyse.optim.biz\/index.php?rest_route=\/wp\/v2\/posts\/2112812\/revisions"}],"wp:attachment":[{"href":"https:\/\/analyse.optim.biz\/index.php?rest_route=%2Fwp%2Fv2%2Fmedia&parent=2112812"}],"wp:term":[{"taxonomy":"category","embeddable":true,"href":"https:\/\/analyse.optim.biz\/index.php?rest_route=%2Fwp%2Fv2%2Fcategories&post=2112812"},{"taxonomy":"post_tag","embeddable":true,"href":"https:\/\/analyse.optim.biz\/index.php?rest_route=%2Fwp%2Fv2%2Ftags&post=2112812"}],"curies":[{"name":"wp","href":"https:\/\/api.w.org\/{rel}","templated":true}]}}