{"id":2112808,"date":"2026-08-25T14:16:26","date_gmt":"2026-08-25T11:16:26","guid":{"rendered":"https:\/\/analyse.optim.biz\/?p=2112808"},"modified":"2026-08-25T14:16:26","modified_gmt":"2026-08-25T11:16:26","slug":"surse-instructorul-auto-care-a-lovit-un-politist-conducea-cu-permisul-suspendat-si-ar-fi-operat-in-registrul-arr-orele-facute-cu-elevii","status":"publish","type":"post","link":"https:\/\/analyse.optim.biz\/?p=2112808","title":{"rendered":"SURSE | Instructorul auto care a lovit un poli\u021bist conducea cu permisul suspendat \u0219i ar fi operat \u00een Registrul ARR orele f\u0103cute cu elevii"},"content":{"rendered":"<p>[analyse_image type=&#8221;featured&#8221; src=&#8221;https:\/\/gazetabuzoiana.ro\/wp-content\/uploads\/2026\/08\/scoala.jpeg&#8221;]<\/p>\n<div class=\"entry-content entry clearfix\">\n<p class=\"wp-block-paragraph\">Cazul instructorului auto Gheorghe Gheorghe, zis \u201ePorcul\u201d, cel care a ajuns \u00een aten\u021bia anchetatorilor dup\u0103 ce a lovit cu ma\u0219ina un poli\u021bist rutier \u0219i a fugit de la locul incidentului, nu se opre\u0219te la ceea ce s-a \u00eent\u00e2mplat \u00een seara de 30 iunie.<\/p>\n<p class=\"wp-block-paragraph\"><em>Gazeta Buzoian\u0103<\/em> a ob\u021binut informa\u021bii noi de la surse apropiate anchetei, iar acestea contureaz\u0103 o situa\u021bie care, dac\u0103 va fi confirmat\u0103 de documentele oficiale, ridic\u0103 semne serioase de \u00eentrebare asupra modului \u00een care instructorul auto \u0219i-ar fi desf\u0103\u0219urat activitatea \u00een lunile dinaintea incidentului.<\/p>\n<p class=\"wp-block-paragraph\">Potrivit surselor noastre, Gheorghe Gheorghe avea permisul de conducere suspendat de la 16 aprilie 2026, pentru o perioad\u0103 de trei luni, dup\u0103 o abatere rutier\u0103 comis\u0103 \u00een Mizil, jude\u021bul Prahova. Instructorul ar fi fost sanc\u021bionat dup\u0103 ce a efectuat o dep\u0103\u0219ire pe linie continu\u0103.<\/p>\n<p class=\"wp-block-paragraph\">Asta \u00eenseamn\u0103 c\u0103, la data de 30 iunie 2026, c\u00e2nd a avut loc incidentul cu poli\u021bistul, perioada de suspendare nu se \u00eencheiase.<\/p>\n<p class=\"wp-block-paragraph\">Potrivit surselor Gazeta Buzoian\u0103, Gheorghe Gheorghe ar fi continuat s\u0103 efectueze ore de preg\u0103tire practic\u0103 \u00eempreun\u0103 cu elevi, pe drumurile publice, pentru ob\u021binerea permisului de conducere.<\/p>\n<p class=\"wp-block-paragraph\">Mai mult, acelea\u0219i surse sus\u021bin c\u0103 instructorul ar fi implementat \u0219i desc\u0103rcat orele efectuate \u00een Registrul ARR, \u00een perioada \u00een care permisul s\u0103u era suspendat \u0219i c\u0103, tot \u00een aceea\u0219i perioad\u0103, a predat cursuri de legisla\u021bie rutier\u0103 la Colegiul Agricol \u201eDr. Constantin Angelescu\u201d din Buz\u0103u.<\/p>\n<p class=\"wp-block-paragraph\">Calitatea sa de profesor de legisla\u021bie rutier\u0103 a fost men\u021bionat\u0103 \u0219i \u00een informa\u021biile publice referitoare la dosarul incidentului.<\/p>\n<p class=\"wp-block-paragraph\">Astfel, potrivit informa\u021biilor primite de Gazeta Buzoian\u0103, instructorul ar fi continuat activitatea de preg\u0103tire a viitorilor \u0219oferi at\u00e2t la partea teoretic\u0103, c\u00e2t \u0219i la cea practic\u0103, \u00een perioada \u00een care avea permisul suspendat.<\/p>\n<p class=\"wp-block-paragraph\">Autoturismul cu care Gheorghe Gheorghe a fost implicat \u00een incidentul cu poli\u021bistul era un Volkswagen Golf inscrip\u021bionat \u201e\u0218COAL\u0102\u201d, care apar\u021bine \u0219colii de \u0219oferi<em> Prima Scool<\/em>, iar num\u0103rul de \u00eenmatriculare indicat de sursele noastre este BZ22GBM.<\/p>\n<p class=\"wp-block-paragraph\">Aceea\u0219i ma\u0219in\u0103 ar fi fost folosit\u0103 de Gheorghe Gheorghe pentru activitatea de instructor auto \u0219i a fost implicat\u0103 ulterior \u00een incidentul din 30 iunie.<\/p>\n<p class=\"wp-block-paragraph\">Acelea\u0219i surse apropiate anchetei au transmis <em>Gazeta Buzoian\u0103 <\/em>\u0219i o alt\u0103 informa\u021bie aflat\u0103 \u00een aten\u021bia anchetatorilor. Potrivit acestora, Gheorghe Gheorghe ar fi circulat \u00een municipiul Buz\u0103u \u00eentr-o perioad\u0103 de aproximativ 90 de zile cu permisul suspendat.<\/p>\n<p class=\"wp-block-paragraph\">Dup\u0103 cum se \u0219tie, pe 30 iunie, \u00een jurul orei 19:18, pe strada P\u0103cii din municipiul Buz\u0103u, Gheorghe Gheorghe a fost oprit de un poli\u021bist rutier pentru verific\u0103ri privind consumul de alcool. \u00cen momentul \u00een care poli\u021bistul se afla l\u00e2ng\u0103 autoturism, Gheorghe Gheorghe a demarat f\u0103r\u0103 permisiune.<\/p>\n<p class=\"wp-block-paragraph\">Poli\u021bistul a fost lovit \u0219i prins de autoturism, fiind t\u00e2r\u00e2t aproximativ 20 de metri \u00eenainte de a c\u0103dea pe carosabil, iar \u00een urma incidentului a suferit leziuni pentru care au fost stabilite 25\u201330 de zile de \u00eengrijiri medicale.<\/p>\n<p class=\"wp-block-paragraph\">Dup\u0103 incident, instructorul a fugit de la locul faptei \u0219i a fost c\u0103utat de poli\u021bi\u0219ti. Gheorghe Gheorghe ar fi fost g\u0103sit la domiciliu dup\u0103 aproximativ 3\u20134 ore de c\u0103ut\u0103ri.<\/p>\n<p class=\"wp-block-paragraph\">Acolo, din informa\u021biile pe care le-am primit, reiese c\u0103 acesta ar fi fost testat cu fiola, rezultatul indicat fiind de 0,43 mg\/l alcool pur \u00een aerul expirat.<\/p>\n<p class=\"wp-block-paragraph\">Este important de precizat c\u0103 valoarea ob\u021binut\u0103 dup\u0103 trecerea mai multor ore de la incident nu poate fi prezentat\u0103 automat ca fiind concentra\u021bia de alcool existent\u0103 \u00een momentul \u00een care poli\u021bistul a fost lovit. Stabilirea exact\u0103 a situa\u021biei apar\u021bine anchetatorilor \u0219i instan\u021bei.<\/p>\n<p class=\"wp-block-paragraph\">Dac\u0103 informa\u021biile primite de <em>Gazeta Buzoian\u0103<\/em> se confirm\u0103, cazul dep\u0103\u0219e\u0219te ceea ce s-a \u00eent\u00e2mplat \u00een 30 iunie, iar lucrurile nu se pot opri doar la ce a f\u0103cut el. Pentru ca astfel de ore s\u0103 ajung\u0103 efectiv \u00eenregistrate \u0219i activitatea s\u0103 continue, au existat \u0219i eviden\u021be ;i proceduri, dar \u0219i oameni care au permis ca acest lucru s\u0103 se \u00eent\u00e2mple.<\/p>\n<p class=\"wp-block-paragraph\">Gheorghe Gheorghe a fost trimis \u00een judecat\u0103 pentru ultraj \u00een dosarul incidentului cu poli\u021bistul \u0219i beneficiaz\u0103 de prezum\u021bia de nevinov\u0103\u021bie p\u00e2n\u0103 la pronun\u021barea unei hot\u0103r\u00e2ri judec\u0103tore\u0219ti definitive.<\/p>\n<div class=\"post-bottom-meta post-bottom-tags post-tags-modern\">\n<div class=\"post-bottom-meta-title\"> Etichete<\/div>\n<p><span class=\"tagcloud\"><a href=\"https:\/\/gazetabuzoiana.ro\/tag\/alcool-la-volan\/\" rel=\"tag\">alcool la volan<\/a><a href=\"https:\/\/gazetabuzoiana.ro\/tag\/ancheta-2\/\" rel=\"tag\">anchet\u0103<\/a><a href=\"https:\/\/gazetabuzoiana.ro\/tag\/arr\/\" rel=\"tag\">ARR<\/a><a href=\"https:\/\/gazetabuzoiana.ro\/tag\/buzau-2\/\" rel=\"tag\">Buz\u0103u<\/a><a href=\"https:\/\/gazetabuzoiana.ro\/tag\/colegiul-agricol-buzau\/\" rel=\"tag\">Colegiul Agricol Buz\u0103u<\/a><a href=\"https:\/\/gazetabuzoiana.ro\/tag\/elevi-scoala-de-soferi\/\" rel=\"tag\">elevi \u0219coala de \u0219oferi<\/a><a href=\"https:\/\/gazetabuzoiana.ro\/tag\/gheorghe-gheorghe\/\" rel=\"tag\">Gheorghe Gheorghe<\/a><a href=\"https:\/\/gazetabuzoiana.ro\/tag\/incident-rutier\/\" rel=\"tag\">incident rutier<\/a><a href=\"https:\/\/gazetabuzoiana.ro\/tag\/instructor-auto\/\" rel=\"tag\">instructor auto<\/a><a href=\"https:\/\/gazetabuzoiana.ro\/tag\/justitie\/\" rel=\"tag\">justi\u021bie<\/a><a href=\"https:\/\/gazetabuzoiana.ro\/tag\/legislatie-rutiera\/\" rel=\"tag\">legisla\u021bie rutier\u0103<\/a><a href=\"https:\/\/gazetabuzoiana.ro\/tag\/ore-de-conducere\/\" rel=\"tag\">ore de conducere<\/a><a href=\"https:\/\/gazetabuzoiana.ro\/tag\/permis-suspendat\/\" rel=\"tag\">permis suspendat<\/a><a href=\"https:\/\/gazetabuzoiana.ro\/tag\/politia-rutiera-2\/\" rel=\"tag\">poli\u021bia rutier\u0103<\/a><a href=\"https:\/\/gazetabuzoiana.ro\/tag\/politist-rutier\/\" rel=\"tag\">poli\u021bist rutier<\/a><a href=\"https:\/\/gazetabuzoiana.ro\/tag\/prima-scool\/\" rel=\"tag\">Prima Scool<\/a><a href=\"https:\/\/gazetabuzoiana.ro\/tag\/registrul-arr\/\" rel=\"tag\">Registrul ARR<\/a><a href=\"https:\/\/gazetabuzoiana.ro\/tag\/ultraj\/\" rel=\"tag\">ultraj<\/a><a href=\"https:\/\/gazetabuzoiana.ro\/tag\/zis-porcul\/\" rel=\"tag\">zis Porcul<\/a><\/span><\/div>\n<\/div>\n<p>[analyse_source url=&#8221;https:\/\/gazetabuzoiana.ro\/2026\/08\/25\/surse-instructorul-auto-care-a-lovit-un-politist-conducea-cu-permisul-suspendat-si-ar-fi-operat-ore-in-registrul-arr\/&#8221;]<\/p>\n","protected":false},"excerpt":{"rendered":"<p>[analyse_image type=&#8221;featured&#8221; src=&#8221;https:\/\/gazetabuzoiana.ro\/wp-content\/uploads\/2026\/08\/scoala.jpeg&#8221;] Cazul instructorului auto Gheorghe Gheorghe, zis \u201ePorcul\u201d, cel care a ajuns \u00een aten\u021bia anchetatorilor dup\u0103 ce a lovit cu ma\u0219ina un poli\u021bist rutier \u0219i a fugit de la locul incidentului, nu se opre\u0219te la ceea ce s-a \u00eent\u00e2mplat \u00een seara de 30 iunie. Gazeta Buzoian\u0103 a ob\u021binut informa\u021bii noi de la surse [&hellip;]<\/p>\n","protected":false},"author":1,"featured_media":0,"comment_status":"open","ping_status":"","sticky":false,"template":"","format":"standard","meta":{"footnotes":""},"categories":[2],"tags":[226,38],"class_list":["post-2112808","post","type-post","status-publish","format-standard","hentry","category-politics","tag-crawlmanager","tag-gazetabuzoiana-ro"],"_links":{"self":[{"href":"https:\/\/analyse.optim.biz\/index.php?rest_route=\/wp\/v2\/posts\/2112808","targetHints":{"allow":["GET"]}}],"collection":[{"href":"https:\/\/analyse.optim.biz\/index.php?rest_route=\/wp\/v2\/posts"}],"about":[{"href":"https:\/\/analyse.optim.biz\/index.php?rest_route=\/wp\/v2\/types\/post"}],"author":[{"embeddable":true,"href":"https:\/\/analyse.optim.biz\/index.php?rest_route=\/wp\/v2\/users\/1"}],"replies":[{"embeddable":true,"href":"https:\/\/analyse.optim.biz\/index.php?rest_route=%2Fwp%2Fv2%2Fcomments&post=2112808"}],"version-history":[{"count":0,"href":"https:\/\/analyse.optim.biz\/index.php?rest_route=\/wp\/v2\/posts\/2112808\/revisions"}],"wp:attachment":[{"href":"https:\/\/analyse.optim.biz\/index.php?rest_route=%2Fwp%2Fv2%2Fmedia&parent=2112808"}],"wp:term":[{"taxonomy":"category","embeddable":true,"href":"https:\/\/analyse.optim.biz\/index.php?rest_route=%2Fwp%2Fv2%2Fcategories&post=2112808"},{"taxonomy":"post_tag","embeddable":true,"href":"https:\/\/analyse.optim.biz\/index.php?rest_route=%2Fwp%2Fv2%2Ftags&post=2112808"}],"curies":[{"name":"wp","href":"https:\/\/api.w.org\/{rel}","templated":true}]}}