{"id":2112790,"date":"2026-08-26T11:10:19","date_gmt":"2026-08-26T08:10:19","guid":{"rendered":"https:\/\/analyse.optim.biz\/?p=2112790"},"modified":"2026-08-26T11:10:19","modified_gmt":"2026-08-26T08:10:19","slug":"i-dont-know-if-people-at-home-understood-it-decathlon-defend-tactics-amid-surprise-from-within-the-peloton-on-first-vuelta-a-espana-mountain-stage","status":"publish","type":"post","link":"https:\/\/analyse.optim.biz\/?p=2112790","title":{"rendered":"&#8216;I don\u2019t know if people at home understood it&#8217; \u2013 Decathlon defend tactics amid &#8216;surprise&#8217; from within the peloton on first Vuelta a Espa\u00f1a mountain stage"},"content":{"rendered":"<p>[analyse_image type=&#8221;featured&#8221; src=&#8221;https:\/\/cdn.mos.cms.futurecdn.net\/yPRCSBcxiu3m8799VbmRf-2000-80.jpg&#8221;]<\/p>\n<article class=\"m-0 box-border flex flex-row items-center pr-2.5 gap-[15px] w-[278px] h-20 flex-none upnext-article-divider\" role=\"listitem\" aria-label=\"Recommended article 1 of 3\">\n<div class=\"relative flex-none w-20 h-20\">\n    <source type=\"image\/webp\" srcset=\"https:\/\/cdn.mos.cms.futurecdn.net\/2YFiENWeo62WR9ixcZRWZS-160-80.jpg.webp 160w, https:\/\/cdn.mos.cms.futurecdn.net\/2YFiENWeo62WR9ixcZRWZS-80-80.jpg.webp 80w\" sizes=\"80px\" \/><\/p>\n<div class=\"flex items-center justify-center absolute w-4 h-6 left-0 top-0 bg-white\/90 flex-none z-[1]\" aria-hidden=\"true\"><span class=\"font-normal text-base leading-[17px] tracking-[1.3px] uppercase text-black flex-none\">1<\/span><\/div>\n<\/div>\n<div class=\"flex flex-col items-center justify-center gap-1.5 w-[173px] h-20 flex-none\">\n<p class=\"font-article-heading font-medium text-base leading-[21px] text-gray-800 w-[173px] line-clamp-3 group-hover:underline\">\n                                    As it happened: Vuelta a Espa\u00f1a stage 3 comes to a premature end\n                                <\/p>\n<\/div>\n<\/article>\n<article class=\"m-0 box-border flex flex-row items-center pr-2.5 gap-[15px] w-[278px] h-20 flex-none upnext-article-divider\" role=\"listitem\" aria-label=\"Recommended article 2 of 3\">\n<div class=\"relative flex-none w-20 h-20\">\n    <source type=\"image\/webp\" srcset=\"https:\/\/cdn.mos.cms.futurecdn.net\/vETsTHza7k737YsxL2SqkR-160-80.jpg.webp 160w, https:\/\/cdn.mos.cms.futurecdn.net\/vETsTHza7k737YsxL2SqkR-80-80.jpg.webp 80w\" sizes=\"80px\" \/><\/p>\n<div class=\"flex items-center justify-center absolute w-[18px] h-6 left-0 top-0 bg-white\/90 flex-none z-[1]\" aria-hidden=\"true\"><span class=\"font-normal text-base leading-[17px] tracking-[1.3px] uppercase text-black flex-none\">2<\/span><\/div>\n<\/div>\n<div class=\"flex flex-col items-center justify-center gap-1.5 w-[173px] h-20 flex-none\">\n<p class=\"font-article-heading font-medium text-base leading-[21px] text-gray-800 w-[173px] line-clamp-3 group-hover:underline\">\n                                    As it happened: Domination on stage 4 of the Vuelta a Espa\u00f1a with a long-range solo move in Andorra\n                                <\/p>\n<\/div>\n<\/article>\n<article class=\"m-0 box-border flex flex-row items-center pr-2.5 gap-[15px] w-[278px] h-20 flex-none\" role=\"listitem\" aria-label=\"Recommended article 3 of 3\">\n<div class=\"relative flex-none w-20 h-20\">\n    <source type=\"image\/webp\" srcset=\"https:\/\/cdn.mos.cms.futurecdn.net\/fPBGWWpa7PqUSQ3jHujEKV-160-80.jpg.webp 160w, https:\/\/cdn.mos.cms.futurecdn.net\/fPBGWWpa7PqUSQ3jHujEKV-80-80.jpg.webp 80w\" sizes=\"80px\" \/><\/p>\n<div class=\"flex items-center justify-center absolute w-[18px] h-6 left-0 top-0 bg-white\/90 flex-none z-[1]\" aria-hidden=\"true\"><span class=\"font-normal text-base leading-[17px] tracking-[1.3px] uppercase text-black flex-none\">3<\/span><\/div>\n<\/div>\n<div class=\"flex flex-col items-center justify-center gap-1.5 w-[173px] h-20 flex-none\">\n<p class=\"font-article-heading font-medium text-base leading-[21px] text-gray-800 w-[173px] line-clamp-3 group-hover:underline\">\n                                    Vuelta a Espa\u00f1a GC standings &#8211; Tadej Poga\u010dar increases overall lead after stage 4 solo victory\n                                <\/p>\n<\/div>\n<\/article>\n<article class=\"page-content-onecol flex-1\nnews-article article\n\"><\/p>\n<div class=\"widget-area-group widget-area-group-2col flex flex-wrap box-border\">\n<div id=\"widgetArea16\" class=\"widget-area basis-full md:basis-2\/3 widget-area-g-md-vp-2-3 widget-area-g-lg-vp-2-3 widget-area-g-xl-vp-2-3 page-widget-area-16\">\n<div data-widget-type=\"hero\" id=\"hero\" class=\"clear-both widget widget-hero widget-hero widget-hero-hero widget-hero widget-hero-fter-news\">\n<div class=\"news-article\">\n<header data-component-name=\"Article:Hero\">\n<nav class=\"breadcrumb\" aria-label=\"Breadcrumbs\">\n<ol>\n<li>\nPro Cycling\n<\/li>\n<li>\nTeams &amp; Riders\n<\/li>\n<\/ol>\n<\/nav>\n<h1>&#8216;I don\u2019t know if people at home understood it&#8217; \u2013 Decathlon defend tactics amid &#8216;surprise&#8217; from within the peloton on first Vuelta a Espa\u00f1a mountain stage<\/h1>\n<div class=\"byline-social\">\n<div class=\"vds-byline-block flex flex-row flex-nowrap my-1.5 gap-2 text-left items-start justify-start\" data-component-name=\"Article:BylineBlock\">\n<p>News<\/p>\n<div class=\"my-auto vds-simple-byline\"><span class=\"inline-block vds-author\"><br \/>\nBy<br \/>\nPatrick Fletcher <\/span><\/p>\n<div class=\"flex gap-1 vds-byline-with-avatar__meta\"><span class=\"vds-date block font-normal tracking-normal normal-case text-xs\"><br \/>\nPublished<br \/>\n<time data-component-name=\"UI:DateTime\" datetime=\"2026-08-26T11:10:19Z\" class=\"relative-date\"><br \/>\n26 August 2026<br \/>\n<\/time><\/span><\/div>\n<\/div>\n<\/div>\n<p class=\"strapline\">Felix Gall&#8217;s team took control of stage 4 in between domination from UAE and Poga\u010dar<\/p>\n<\/div>\n<aside class=\"text-gray-700 flex items-center mx-0 my-5 p-0 justify-start text-left\" id=\"affiliate-disclaimer\" data-component-name=\"AffiliateDisclaimer\" data-hawk-message=\"Affiliate disclaimer removed because hawk deemed there are no affiliate links on this page\">\n<p class=\"text-[color:var(--affiliate-disclaimer--text-color,inherit)] mb-2 text-[length:var(--affiliate-disclaimer--font-size,0.75rem)] leading-[18px] md:text-[13px] [&amp;&gt;a]:text-inherit [&amp;&gt;a]:underline\">\nWhen you purchase through links on our site, we may earn an affiliate commission. Here\u2019s how it works.\n<\/p>\n<\/aside>\n<\/header>\n<\/div>\n<\/div>\n<div data-widget-type=\"contentparsed\" id=\"content\" class=\"clear-both widget widget-contentparsed widget-content widget-contentparsed-content widget-content-parsed widget-content-parsed-content_document \">\n<div class=\"wcp-item-content\">\n<section class=\"content-wrapper\">\n<div class=\"box less-space hero-image-wrapper\">\n<figure class=\"mb-0\">\n<source type=\"image\/webp\" srcset=\"https:\/\/cdn.mos.cms.futurecdn.net\/yPRCSBcxiu3m8799VbmRf-1920-80.jpg.webp 1920w, https:\/\/cdn.mos.cms.futurecdn.net\/yPRCSBcxiu3m8799VbmRf-1600-80.jpg.webp 1600w, https:\/\/cdn.mos.cms.futurecdn.net\/yPRCSBcxiu3m8799VbmRf-1200-80.jpg.webp 1200w, https:\/\/cdn.mos.cms.futurecdn.net\/yPRCSBcxiu3m8799VbmRf-1024-80.jpg.webp 1024w, https:\/\/cdn.mos.cms.futurecdn.net\/yPRCSBcxiu3m8799VbmRf-970-80.jpg.webp 970w, https:\/\/cdn.mos.cms.futurecdn.net\/yPRCSBcxiu3m8799VbmRf-750-80.jpg.webp 750w, https:\/\/cdn.mos.cms.futurecdn.net\/yPRCSBcxiu3m8799VbmRf-650-80.jpg.webp 650w, https:\/\/cdn.mos.cms.futurecdn.net\/yPRCSBcxiu3m8799VbmRf-480-80.jpg.webp 480w, https:\/\/cdn.mos.cms.futurecdn.net\/yPRCSBcxiu3m8799VbmRf-320-80.jpg.webp 320w\" sizes=\"(min-width: 1000px) 600px, 100vw\" \/><figcaption class=\"font-article-copy text-(--image--text--color) font-article-copy mt-2\"><span class=\"caption-text font-article-copy\">Decathlon CMA CGM pushed a hard pace on the front of the peloton during stage 4 of the Vuelta a Espa\u00f1a<\/span><span class=\"credit font-article-copy\">(Image credit: Getty Images)<\/span><\/figcaption><\/figure>\n<\/div>\n<div id=\"article-body\" class=\"text-copy bodyCopy auto paywall-locker\">\n<div data-analytics-id=\"utility-bar\" id=\"utility-bar\" class=\"font-ui-heading flex justify-between items-center py-2 border-t border-b border-gray-300 border-solid mb-5 mx-auto\" data-component-name=\"UtilityBar\" data-mrf-recirculation=\"utility-bar\">\n<div class=\"flex gap-2 text-[#333] subcontainer\">\n<div class=\"relative tooltip-container\" role=\"tooltip\">\n<div data-component-name=\"Social:Dropdown\" role=\"menu\" id=\"utilitybar__dropdown--share\" aria-labelledby=\"utilitybar__button--share\" class=\"absolute left-0 top-full w-44 bg-white rounded-md shadow-md border border-neutral-200 z-[9996] list-none m-0 py-2 px-3 border-solid\">\n<ul class=\"m-0!\">\n<li class=\"!p-0 !m-0 list-none border-b border-gray-200 border-solid\">\n<li class=\"!p-0 !m-0 list-none border-b border-gray-200 border-solid\">\n<p>Facebook<\/p>\n<\/li>\n<li class=\"!p-0 !m-0 list-none border-b border-gray-200 border-solid\">\n<p>X<\/p>\n<\/li>\n<li class=\"!p-0 !m-0 list-none border-b border-gray-200 border-solid\">\n<p>Pinterest<\/p>\n<\/li>\n<li class=\"!p-0 !m-0 list-none border-b border-gray-200 border-solid\">\n<p>Email<\/p>\n<\/li>\n<\/ul>\n<\/div>\n<div class=\"font-ui-heading max-sm:hidden tooltip absolute left-1\/2 bg-gray-900 text-white text-xs leading-none px-3 py-1.5 rounded-md z-[10001] whitespace-nowrap\" id=\"tooltip-share-this-article\" role=\"tooltip\" aria-hidden=\"true\">\nShare this article\n<\/div>\n<\/div>\n<div class=\"relative tooltip-container\" role=\"tooltip\"><span class=\"ml-1 inline-flex h-5 px-2 shrink-0 items-center justify-center self-center overflow-hidden whitespace-nowrap rounded-[10px] bg-primary-500 text-[11px] leading-none font-ui-heading font-semibold text-white\">1<\/span><\/p>\n<div class=\"font-ui-heading max-sm:hidden tooltip absolute left-1\/2 bg-gray-900 text-white text-xs leading-none px-3 py-1.5 rounded-md z-[10001] whitespace-nowrap\" id=\"tooltip-join-the-conversation\" role=\"tooltip\" aria-hidden=\"true\">\nJoin the conversation\n<\/div>\n<\/div>\n<\/div>\n<div class=\"flex gap-2 text-[#333] subcontainer\">\n<div class=\"relative tooltip-container\" role=\"tooltip\">\n<p>Follow us<\/p>\n<div class=\"font-ui-heading max-sm:hidden tooltip absolute left-1\/2 bg-gray-900 text-white text-xs leading-none px-3 py-1.5 rounded-md z-[10001] whitespace-nowrap\" id=\"tooltip-add-us-as-a-preferred-source-on-google\" role=\"tooltip\" aria-hidden=\"true\">\nAdd us as a preferred source on Google\n<\/div>\n<\/div>\n<div class=\"relative tooltip-container\" role=\"tooltip\">\n<div class=\"font-ui-heading max-sm:hidden tooltip absolute left-1\/2 bg-gray-900 text-white text-xs leading-none px-3 py-1.5 rounded-md z-[10001] whitespace-nowrap\" id=\"tooltip-subscribe-to-our-newsletter\" role=\"tooltip\" aria-hidden=\"true\">\nSubscribe to our newsletter\n<\/div>\n<\/div>\n<\/div>\n<\/div>\n<p id=\"elk-ce3bc56a-a13b-11f1-87b2-a9708d38a34a\">Stage 4 of the Vuelta a Espa\u00f1a began with UAE Team Emirates-XRG patrolling the peloton and with their leader Tadej Poga\u010dar winning by a country mile, but this was not a tale of total domination. In between, it was another team, Decathlon CMA CGM, who took control of proceedings, which has triggered something of a tactical debate.<\/p>\n<p>The French team took charge towards the top of the opening climb of the Port d\u2019Envalira with 85km to go and continued their efforts onto the Collada de Beixalis, where Poga\u010dar turned the tables with an attack that turned into a stage-winning and potentially race-ending solo victory.<\/p>\n<p id=\"elk-ce3bc56a-a13b-11f1-87b2-a9708d38a34a-2\" aria-hidden=\"true\" class=\"kiosq-b\">Decathlon\u2019s leader, Felix Gall, attempted to follow Poga\u010dar at first but had to relent before trying to drop his other rivals on the Coll d\u2019Ordino, but the Austrian had to settle for coming home in a six-man group behind Poga\u010dar.<\/p>\n<div class=\"my-6 w-full overflow-hidden rounded-[10px] lg:my-8\" data-component-name=\"JwPlayer:Carousel\" data-jwp-carousel data-jwp-carousel-payload=\"{&quot;ids&quot;:{&quot;playerID&quot;:&quot;jYDCcabO&quot;,&quot;searchPlaylistID&quot;:&quot;gwjdoYHD&quot;,&quot;divID&quot;:&quot;botr_gwjdoYHD_jYDCcabO_div&quot;,&quot;fallbackPlaylistID&quot;:&quot;gwjdoYHD&quot;,&quot;fallbackDivID&quot;:&quot;botr_gwjdoYHD_jYDCcabO_div&quot;,&quot;key&quot;:&quot;X9\/mXVGac0NphghLH9hZaqWA5d3dhAM\/Ih07grnEyMLjuO2E&quot;,&quot;tintLogo&quot;:true,&quot;useSearchPlaylist&quot;:false,&quot;enabled&quot;:true},&quot;signPostingEnabled&quot;:true,&quot;signPostingLinkEnabled&quot;:true,&quot;waitForAdLoad&quot;:false,&quot;hidePlayerOnDesktop&quot;:false,&quot;hidePlayerOnMobile&quot;:false,&quot;hidePlayerOnTablet&quot;:false}\">\n<div class=\"flex flex-nowrap items-center justify-between gap-3 bg-zinc-900 px-[14px] py-3\" data-jwp-carousel-header>\n<div class=\"flex min-w-0 shrink items-center\"><span class=\"inline-flex items-center gap-1.5 text-sm font-article-heading capitalize leading-5 text-white whitespace-nowrap\"><span class=\"jwp-carousel-title-desktop\">Latest Videos From<\/span><span class=\"jwp-carousel-brand\">Cyclingnews<\/span><\/span><\/div>\n<\/div>\n<div class=\"min-h-[44px] bg-zinc-900 px-[14px] py-3\" data-jwp-carousel-signposting><a class=\"invisible block truncate text-sm font-bold leading-5 text-white underline decoration-solid underline-offset-2\" data-jwp-carousel-signposting-link href target=\"_blank\" rel=\"noopener noreferrer\"><span data-jwp-carousel-signposting-title>Watch full video here: <\/span><\/a><\/div>\n<\/div>\n<p aria-hidden=\"true\" class=\"kiosq-b\">Question marks were raised at the finish line by Iv\u00e1n Romeo, the Movistar teammate of Enric Mas, who finished alongside Gall.<\/p>\n<p aria-hidden=\"true\" class=\"kiosq-b\">&#8220;They made the race for them a bit,&#8221; Romeo told <em>Eurosport Espa\u00f1a<\/em>, indicating that Decathlon\u2019s efforts had only served to do UAE\u2019s hard yards for them.<\/p>\n<aside data-component-name=\"Recirculation:ArticleRiver\" data-recirculation-type=\"inline\" data-mrf-recirculation=\"Trending Bar\" data-nosnippet class=\"clear-both pt-2 pb-0 mb-4\"><span class=\"\n            flex\n            after:content-[&apos;&apos;] after:flex-1 after:ml-4 after:my-[0.7rem] after:border-t after:border-solid after:border-t-[#ccc]\n            before:content-[&apos;&apos;] before:flex-1 before:mr-4 before:my-[0.7rem] before:border-t before:border-solid before:border-t-[#ccc]\n            font-article-heading pb-0 text-[length:var(--article-river-title--font-size,1em)] uppercase sm:text-[length:var(--article-river-title--font-size,0.875em)] font-bold\n        \"><br \/>\n            You may like<br \/>\n        <\/span><\/p>\n<ul class=\"flex flex-col gap-0 m-0 max-w-full\">\n<li class=\"m-0 list-none border-b border-solid border-[#ededed] py-2\" data-recirculation-id=\"recirculation-card-1\" id=\"recirculation-inline-1\" data-analytics-id=\"recirculation-inline-1\" data-mrf-recirculation=\"recirculation-inline-1\">\n    <source type=\"image\/webp\" srcset=\"https:\/\/cdn.mos.cms.futurecdn.net\/JLYbQXUaN585xQmKbegacC-250-80.jpg.webp 250w, https:\/\/cdn.mos.cms.futurecdn.net\/JLYbQXUaN585xQmKbegacC-150-80.jpg.webp 150w\" sizes=\"150px\" \/><span class=\"w-full text-base font-[var(--article-river-item--font-weight,500)] font-article-heading line-clamp-3 md:line-clamp-2\">&#8216;Tadej has made a big statement&#8217; &#8211; UAE Team Emirates-XRG cautiously delighted with Poga\u010dar&#8217;s knock-out Vuelta a Espa\u00f1a stage win<\/span><\/li>\n<li class=\"m-0 list-none border-b border-solid border-[#ededed] py-2\" data-recirculation-id=\"recirculation-card-2\" id=\"recirculation-inline-2\" data-analytics-id=\"recirculation-inline-2\" data-mrf-recirculation=\"recirculation-inline-2\">\n    <source type=\"image\/webp\" srcset=\"https:\/\/cdn.mos.cms.futurecdn.net\/YVSDLQ998L3NFPL5yeFtmE-250-80.jpg.webp 250w, https:\/\/cdn.mos.cms.futurecdn.net\/YVSDLQ998L3NFPL5yeFtmE-150-80.jpg.webp 150w\" sizes=\"150px\" \/><span class=\"w-full text-base font-[var(--article-river-item--font-weight,500)] font-article-heading line-clamp-3 md:line-clamp-2\">&#8216;We have to question the common sense of that&#8217; \u2013 Tadej Poga\u010dar and UAE&#8217;s breakaway-killing tactics criticised in French TV debate<\/span><\/li>\n<li class=\"m-0 list-none border-b border-solid border-[#ccc] py-2\" data-recirculation-id=\"recirculation-card-3\" id=\"recirculation-inline-3\" data-analytics-id=\"recirculation-inline-3\" data-mrf-recirculation=\"recirculation-inline-3\">\n    <source type=\"image\/webp\" srcset=\"https:\/\/cdn.mos.cms.futurecdn.net\/tBYDkUc98XiwczqrNNyMy5-250-80.jpg.webp 250w, https:\/\/cdn.mos.cms.futurecdn.net\/tBYDkUc98XiwczqrNNyMy5-150-80.jpg.webp 150w\" sizes=\"150px\" \/><span class=\"w-full text-base font-[var(--article-river-item--font-weight,500)] font-article-heading line-clamp-3 md:line-clamp-2\">&#8216;We wanted to calm things down&#8217; &#8211; UAE team management justify the decision to keep Tour de France stage 9 break on ultra-tight leash<\/span><\/li>\n<\/ul>\n<\/aside>\n<p aria-hidden=\"true\" class=\"kiosq-b\">&#8220;I don\u2019t know if people at home understood it \u2013 some of us didn\u2019t either, but there you go. Everyone has their own tactics, and that\u2019s how it is.<\/p>\n<p aria-hidden=\"true\" class=\"kiosq-b\">&#8220;It\u2019s not a bad criticism or anything,&#8221; Romeo added. \u201cSimply that it\u2019s a bit surprising, when there is such a superior team. I think it surprised us all. We were all commenting on it in the group. But hey, it\u2019s their race.&#8221;<\/p>\n<div id=\"slice-container-newsletterForm-articleInbodyContent-kkuVE9dYsyCVmVZW6pUche\" class=\"slice-container newsletter-inbodyContent-slice newsletterForm-articleInbodyContent-kkuVE9dYsyCVmVZW6pUche slice-container-newsletterForm\">\n<div data-hydrate=\"true\" class=\"newsletter-form__wrapper newsletter-form__wrapper--inbodyContent\">\n<div class=\"newsletter-form__container\">\n<section class=\"newsletter-form__top-bar\">\n<div class=\"newsletter-form__header\">Get The Leadout Newsletter<\/div>\n<\/section>\n<section class=\"newsletter-form__main-section\">\n<p class=\"newsletter-form__strapline\">The latest race content, interviews, features, reviews and expert buying guides, direct to your inbox!<\/p>\n<footer class=\"newsletter-form__footer \">By submitting your information you agree to the Terms &amp; Conditions and Privacy Policy and are aged 16 or over.<\/footer>\n<\/section>\n<\/div>\n<\/div>\n<\/div>\n<p aria-hidden=\"true\" class=\"kiosq-b\">A response came from L\u00e9o Bisiaux, Decathlon\u2019s young French talent, who dismissed the notion that the team was under any illusions of realistically believing they could challenge Poga\u010dar for the overall title.<\/p>\n<p aria-hidden=\"true\" class=\"kiosq-b\">&#8220;Not really,&#8221; he said when asked if the team was racing as if Poga\u010dar was not there. &#8220;It was to do our own race. I think he won with a decent gap. Looking for the red jersey is not the objective.<\/p>\n<p aria-hidden=\"true\" class=\"kiosq-b\">&#8220;We really wanted to make the race hard to allow Felix to create gaps,&#8221; Bisiaux added. &#8220;We knew that these aren\u2019t necessarily his favourite kind of efforts. We\u2019re looking forward to the high mountains, and then he will be able to show where he is. But today, he still showed he is very strong.&#8221;<\/p>\n<p aria-hidden=\"true\" class=\"kiosq-b\">This is not the first time that Decathlon CMA CGM\u2019s tactics have been called into question in the Grand Tours this season.<\/p>\n<p aria-hidden=\"true\" class=\"kiosq-b\">At the Giro d\u2019Italia, they took similar control in the final week as Jonas Vingegaard was in full domination mode, while on the penultimate stage of the Tour de France, Poga\u010dar himself questioned their pace-making on the Col de Sarenne.<\/p>\n<p id=\"elk-ce3bc68c-a13b-11f1-b2e3-75e9348e2b07\" aria-hidden=\"true\" class=\"kiosq-b\"><strong>For unbeatable coverage across road, gravel and tech, subscribe to Cyclingnews. You&#8217;ll get comprehensive race coverage of La Vuelta a Espa\u00f1a, subscriber-exclusive analysis from our expert columnists, in-depth features and industry-leading tech insight. Plus, the Cyclingnews app lets you follow the action wherever you go! <\/strong><u><strong>Join today.<\/strong><\/u><\/p>\n<\/div>\n<div class=\"block mb-5\" id=\"articleTag\" data-component-name=\"PostArticleLinks\" data-nosnippet data-mrf-recirculation=\"post-article-links\">\n<div class=\"border-b border-b-black border-solid py-2.5 text-black font-bold uppercase\">TOPICS<\/div>\n<nav class=\"py-2.5 flex gap-2.5 flex-wrap\" data-analytics-id=\"article-tag\" data-mrf-recirculation=\"article-tag\">\n<p>Road<\/p>\n<p>Decathlon CMA CGM<\/p>\n<p>Movistar Team<\/p>\n<p>Felix Gall<\/p>\n<p>Iv\u00e1n Romeo<\/p>\n<p>L\u00e9o Bisiaux<\/p>\n<\/nav>\n<\/div>\n<div id=\"slice-container-authorBio-kkuVE9dYsyCVmVZW6pUche\" class=\"slice-container slice-author-bio authorBio-kkuVE9dYsyCVmVZW6pUche slice-container-authorBio\">\n<div class=\"author author__default-layout author--separator author--collapsible\" data-hydrate=\"true\">\n<div class=\"author__header\">\n<div class=\"author__avatar-block\">\n<figure class=\"image-wrapped__wrapper\" data-bordeaux-image-check=\"false\">\n<div class=\"image-wrapped__widthsetter\">\n<div class=\"image-wrapped__aspect-padding\">\n<div><source class=\"author__avatar image-wrapped__image image__image\" type=\"image\/webp\" srcset=\"https:\/\/cdn.mos.cms.futurecdn.net\/2QoJgeVtEMbCKNujw2pLoH-140-80.jpg.webp 140w\" sizes=\"99vw\" data-normal=\"https:\/\/cdn.mos.cms.futurecdn.net\/2QoJgeVtEMbCKNujw2pLoH.jpg\" data-original-mos=\"https:\/\/cdn.mos.cms.futurecdn.net\/2QoJgeVtEMbCKNujw2pLoH.jpg\" data-pin-media=\"https:\/\/cdn.mos.cms.futurecdn.net\/2QoJgeVtEMbCKNujw2pLoH.jpg\" data-pin-nopin=\"true\" data-slice-image=\"true\" \/><\/div>\n<\/div>\n<\/div>\n<\/figure>\n<\/div>\n<div class=\"author__heading\">\n<div class=\"author__name\">Patrick Fletcher<\/div>\n<div class=\"author__role\">Deputy Editor<\/div>\n<\/div>\n<\/div>\n<div class=\"author__bio-wrapper\">\n<div class=\"author__biography\">\n<p>Patrick is an NCTJ-accredited journalist with a bachelor\u2019s degree in modern languages (French and Spanish) and a decade\u2019s experience in digital sports media, largely within the world of cycling. He re-joined Cyclingnews as Deputy Editor in February 2026, having previously spent eight years on staff between 2015 and 2023. In between, he was Deputy Editor at GCN and spent 18 months working across the sports portfolio at Future before returning to the cycling press pack. Patrick works across Cyclingnews\u2019 wide-ranging output, assisting the Editor in global content strategy, with a particular focus on shaping CN&#8217;s news operation.<\/p>\n<\/div>\n<\/div>\n<\/div>\n<\/div>\n<\/section>\n<div class=\"relative max-w-[1070px] viafoura-twig-component mt-6 mx-4 lg:mx-0\" data-component-name=\"Viafoura:Comments\" data-nosnippet data-community-guidelines-text=\"&lt;p class=&apos;vfcustom-community-guidelines&apos;&gt;Please follow our &lt;a href=&quot;https:\/\/www.cyclingnews.com\/about\/#section-community-guidelines&quot; target=&quot;_blank&quot;&gt;community guidelines&lt;\/a&gt;.&lt;\/p&gt;\" data-join-the-conversation-text=\"Join the Conversation\">\n<div class=\"absolute top-0 left-0 w-full h-full flex items-center justify-center z-50 bg-white\/90 border-1 rounded-b-[var(--comment-widget-border-radius,0)]\">\n<div class=\"p-2 text-center\">\n<p class=\"mb-3 text-lg!\">You must confirm your public display name before commenting<\/p>\n<p class=\"mb-3 text-sm!\">Please logout and then login again, you will then be prompted to enter your display name.<\/p>\n<\/div>\n<\/div>\n<\/div>\n<section class=\"mx-2 my-5 sm:mx-0\">\n<aside class=\"w-full\" data-nosnippet data-mrf-recirculation=\"article-river-stacked\">\n<div data-recirc-id=\"article-river-stacked-adviser:hybrid\">\n<div class=\"text-white py-4 px-3 mb-4 bg-[#333] uppercase font-bold custom-header-styles\">Read more<\/div>\n<div class=\"grid grid-cols-1 gap-4 mt-4 mb-5\">\n<div>\n<div class=\"aspect-[var(--img-listing-aspect-ratio,16\/9)] relative mb-3.5\">\n    <source type=\"image\/webp\" srcset=\"https:\/\/cdn.mos.cms.futurecdn.net\/JLYbQXUaN585xQmKbegacC-840-80.jpg.webp 840w, https:\/\/cdn.mos.cms.futurecdn.net\/JLYbQXUaN585xQmKbegacC-650-80.jpg.webp 650w, https:\/\/cdn.mos.cms.futurecdn.net\/JLYbQXUaN585xQmKbegacC-500-80.jpg.webp 500w, https:\/\/cdn.mos.cms.futurecdn.net\/JLYbQXUaN585xQmKbegacC-450-80.jpg.webp 450w, https:\/\/cdn.mos.cms.futurecdn.net\/JLYbQXUaN585xQmKbegacC-320-80.jpg.webp 320w\" sizes=\"(min-width: 900px) 925px, (min-width: 700px) 450px, calc(100vw - 48px)\" \/><\/div>\n<p><span class=\"custom-subheading-styles\">Teams &amp; Riders<\/span><span class=\"text-base text-black font-bold mx-0 my-2.5 p-0 block custom-text-styles\">&#8216;Tadej has made a big statement&#8217; &#8211; UAE Team Emirates-XRG cautiously delighted with Poga\u010dar&#8217;s knock-out Vuelta a Espa\u00f1a stage win<\/span><\/div>\n<div class=\"relative recirc-feed sponsored-card min-h-[250px]\" data-recirc-id=\"article-river-stacked-ads:native-cards\" data-mrf-recirculation=\"article-river-ads\" data-nosnippet data-ad-slot-path=\"feed-sponsored-post\" data-attribute-device=\"all\">\n<div class=\"max-w-full sponsored-post--placeholder animate-pulse\">\n<div class=\"relative!\"><span class=\"text-base text-black font-bold mx-0 my-2.5 p-0 block bg-gray-100\">\u00a0<br \/>\u00a0<\/span><\/div>\n<\/div>\n<\/div>\n<div>\n<div class=\"aspect-[var(--img-listing-aspect-ratio,16\/9)] relative mb-3.5\">\n    <source type=\"image\/webp\" srcset=\"https:\/\/cdn.mos.cms.futurecdn.net\/YVSDLQ998L3NFPL5yeFtmE-840-80.jpg.webp 840w, https:\/\/cdn.mos.cms.futurecdn.net\/YVSDLQ998L3NFPL5yeFtmE-650-80.jpg.webp 650w, https:\/\/cdn.mos.cms.futurecdn.net\/YVSDLQ998L3NFPL5yeFtmE-500-80.jpg.webp 500w, https:\/\/cdn.mos.cms.futurecdn.net\/YVSDLQ998L3NFPL5yeFtmE-450-80.jpg.webp 450w, https:\/\/cdn.mos.cms.futurecdn.net\/YVSDLQ998L3NFPL5yeFtmE-320-80.jpg.webp 320w\" sizes=\"(min-width: 900px) 925px, (min-width: 700px) 450px, calc(100vw - 48px)\" \/><\/div>\n<p><span class=\"custom-subheading-styles\">Teams &amp; Riders<\/span><span class=\"text-base text-black font-bold mx-0 my-2.5 p-0 block custom-text-styles\">&#8216;We have to question the common sense of that&#8217; \u2013 Tadej Poga\u010dar and UAE&#8217;s breakaway-killing tactics criticised in French TV debate<\/span><\/div>\n<div class=\"relative recirc-feed sponsored-card min-h-[250px]\" data-recirc-id=\"article-river-stacked-ads:native-cards\" data-mrf-recirculation=\"article-river-ads\" data-nosnippet data-ad-slot-path=\"feed-sponsored-post\" data-attribute-device=\"all\">\n<div class=\"max-w-full sponsored-post--placeholder animate-pulse\">\n<div class=\"relative!\"><span class=\"text-base text-black font-bold mx-0 my-2.5 p-0 block bg-gray-100\">\u00a0<br \/>\u00a0<\/span><\/div>\n<\/div>\n<\/div>\n<div>\n<div class=\"aspect-[var(--img-listing-aspect-ratio,16\/9)] relative mb-3.5\">\n    <source type=\"image\/webp\" srcset=\"https:\/\/cdn.mos.cms.futurecdn.net\/tBYDkUc98XiwczqrNNyMy5-840-80.jpg.webp 840w, https:\/\/cdn.mos.cms.futurecdn.net\/tBYDkUc98XiwczqrNNyMy5-650-80.jpg.webp 650w, https:\/\/cdn.mos.cms.futurecdn.net\/tBYDkUc98XiwczqrNNyMy5-500-80.jpg.webp 500w, https:\/\/cdn.mos.cms.futurecdn.net\/tBYDkUc98XiwczqrNNyMy5-450-80.jpg.webp 450w, https:\/\/cdn.mos.cms.futurecdn.net\/tBYDkUc98XiwczqrNNyMy5-320-80.jpg.webp 320w\" sizes=\"(min-width: 900px) 925px, (min-width: 700px) 450px, calc(100vw - 48px)\" \/><\/div>\n<p><span class=\"custom-subheading-styles\">Teams &amp; Riders<\/span><span class=\"text-base text-black font-bold mx-0 my-2.5 p-0 block custom-text-styles\">&#8216;We wanted to calm things down&#8217; &#8211; UAE team management justify the decision to keep Tour de France stage 9 break on ultra-tight leash<\/span><\/div>\n<div class=\"relative recirc-feed sponsored-card min-h-[250px]\" data-recirc-id=\"article-river-stacked-ads:native-cards\" data-mrf-recirculation=\"article-river-ads\" data-nosnippet data-ad-slot-path=\"feed-sponsored-post\" data-attribute-device=\"all\">\n<div class=\"max-w-full sponsored-post--placeholder animate-pulse\">\n<div class=\"relative!\"><span class=\"text-base text-black font-bold mx-0 my-2.5 p-0 block bg-gray-100\">\u00a0<br \/>\u00a0<\/span><\/div>\n<\/div>\n<\/div>\n<div>\n<div class=\"aspect-[var(--img-listing-aspect-ratio,16\/9)] relative mb-3.5\">\n    <source type=\"image\/webp\" srcset=\"https:\/\/cdn.mos.cms.futurecdn.net\/tf8RrZuK52EMrdpV8uSW39-840-80.jpg.webp 840w, https:\/\/cdn.mos.cms.futurecdn.net\/tf8RrZuK52EMrdpV8uSW39-650-80.jpg.webp 650w, https:\/\/cdn.mos.cms.futurecdn.net\/tf8RrZuK52EMrdpV8uSW39-500-80.jpg.webp 500w, https:\/\/cdn.mos.cms.futurecdn.net\/tf8RrZuK52EMrdpV8uSW39-450-80.jpg.webp 450w, https:\/\/cdn.mos.cms.futurecdn.net\/tf8RrZuK52EMrdpV8uSW39-320-80.jpg.webp 320w\" sizes=\"(min-width: 900px) 925px, (min-width: 700px) 450px, calc(100vw - 48px)\" \/><\/div>\n<p><span class=\"custom-subheading-styles\">Racing<\/span><span class=\"text-base text-black font-bold mx-0 my-2.5 p-0 block custom-text-styles\">Vuelta a Espa\u00f1a: Tadej Poga\u010dar twists the knife with 50km solo raid in Andorra to win stage 4<\/span><\/div>\n<div class=\"relative recirc-feed sponsored-card min-h-[250px]\" data-recirc-id=\"article-river-stacked-ads:native-cards\" data-mrf-recirculation=\"article-river-ads\" data-nosnippet data-ad-slot-path=\"feed-sponsored-post\" data-attribute-device=\"all\">\n<div class=\"max-w-full sponsored-post--placeholder animate-pulse\">\n<div class=\"relative!\"><span class=\"text-base text-black font-bold mx-0 my-2.5 p-0 block bg-gray-100\">\u00a0<br \/>\u00a0<\/span><\/div>\n<\/div>\n<\/div>\n<div>\n<div class=\"aspect-[var(--img-listing-aspect-ratio,16\/9)] relative mb-3.5\">\n    <source type=\"image\/webp\" srcset=\"https:\/\/cdn.mos.cms.futurecdn.net\/jRFoBaVYmfkfFkPh9gyGcX-840-80.jpg.webp 840w, https:\/\/cdn.mos.cms.futurecdn.net\/jRFoBaVYmfkfFkPh9gyGcX-650-80.jpg.webp 650w, https:\/\/cdn.mos.cms.futurecdn.net\/jRFoBaVYmfkfFkPh9gyGcX-500-80.jpg.webp 500w, https:\/\/cdn.mos.cms.futurecdn.net\/jRFoBaVYmfkfFkPh9gyGcX-450-80.jpg.webp 450w, https:\/\/cdn.mos.cms.futurecdn.net\/jRFoBaVYmfkfFkPh9gyGcX-320-80.jpg.webp 320w\" sizes=\"(min-width: 900px) 925px, (min-width: 700px) 450px, calc(100vw - 48px)\" \/><\/div>\n<p><span class=\"custom-subheading-styles\">Teams &amp; Riders<\/span><span class=\"text-base text-black font-bold mx-0 my-2.5 p-0 block custom-text-styles\">&#8216;Crazy good&#8217; &#8211; UAE Team Emirates-XRG&#8217;s perfect mountain strategy puts Tadej Poga\u010dar within reach of fifth Tour de France title<\/span><\/div>\n<div class=\"relative recirc-feed sponsored-card min-h-[250px]\" data-recirc-id=\"article-river-stacked-ads:native-cards\" data-mrf-recirculation=\"article-river-ads\" data-nosnippet data-ad-slot-path=\"feed-sponsored-post\" data-attribute-device=\"all\">\n<div class=\"max-w-full sponsored-post--placeholder animate-pulse\">\n<div class=\"relative!\"><span class=\"text-base text-black font-bold mx-0 my-2.5 p-0 block bg-gray-100\">\u00a0<br \/>\u00a0<\/span><\/div>\n<\/div>\n<\/div>\n<div>\n<div class=\"aspect-[var(--img-listing-aspect-ratio,16\/9)] relative mb-3.5\">\n    <source type=\"image\/webp\" srcset=\"https:\/\/cdn.mos.cms.futurecdn.net\/ALqfnXcDJcTA6qDby2j4bR-840-80.jpg.webp 840w, https:\/\/cdn.mos.cms.futurecdn.net\/ALqfnXcDJcTA6qDby2j4bR-650-80.jpg.webp 650w, https:\/\/cdn.mos.cms.futurecdn.net\/ALqfnXcDJcTA6qDby2j4bR-500-80.jpg.webp 500w, https:\/\/cdn.mos.cms.futurecdn.net\/ALqfnXcDJcTA6qDby2j4bR-450-80.jpg.webp 450w, https:\/\/cdn.mos.cms.futurecdn.net\/ALqfnXcDJcTA6qDby2j4bR-320-80.jpg.webp 320w\" sizes=\"(min-width: 900px) 925px, (min-width: 700px) 450px, calc(100vw - 48px)\" \/><\/div>\n<p><span class=\"custom-subheading-styles\">Teams &amp; Riders<\/span><span class=\"text-base text-black font-bold mx-0 my-2.5 p-0 block custom-text-styles\">&#8216;Winning stages can help you win the Tour de France&#8217; &#8211; UAE Team Emirates justify early race dominance<\/span><\/div>\n<div class=\"relative recirc-feed sponsored-card min-h-[250px]\" data-recirc-id=\"article-river-stacked-ads:native-cards\" data-mrf-recirculation=\"article-river-ads\" data-nosnippet data-ad-slot-path=\"feed-sponsored-post\" data-attribute-device=\"all\">\n<div class=\"max-w-full sponsored-post--placeholder animate-pulse\">\n<div class=\"relative!\"><span class=\"text-base text-black font-bold mx-0 my-2.5 p-0 block bg-gray-100\">\u00a0<br \/>\u00a0<\/span><\/div>\n<\/div>\n<\/div>\n<\/div>\n<\/div>\n<\/aside>\n<aside class=\"w-full\" data-nosnippet data-mrf-recirculation=\"article-river-stacked\">\n<div data-recirc-id=\"article-river-stacked-solr:latest-category\">\n<div class=\"text-white py-4 px-3 mb-4 bg-[#333] uppercase font-bold custom-header-styles\">Latest in Teams &amp; Riders<\/div>\n<div class=\"grid grid-cols-1 gap-4 mt-4 mb-5\">\n<div>\n<div class=\"aspect-[var(--img-listing-aspect-ratio,16\/9)] relative mb-3.5\">\n    <source type=\"image\/webp\" srcset=\"https:\/\/cdn.mos.cms.futurecdn.net\/xbGKHtEC95AhWJ9jvVGWZ7-840-80.jpg.webp 840w, https:\/\/cdn.mos.cms.futurecdn.net\/xbGKHtEC95AhWJ9jvVGWZ7-650-80.jpg.webp 650w, https:\/\/cdn.mos.cms.futurecdn.net\/xbGKHtEC95AhWJ9jvVGWZ7-500-80.jpg.webp 500w, https:\/\/cdn.mos.cms.futurecdn.net\/xbGKHtEC95AhWJ9jvVGWZ7-450-80.jpg.webp 450w, https:\/\/cdn.mos.cms.futurecdn.net\/xbGKHtEC95AhWJ9jvVGWZ7-320-80.jpg.webp 320w\" sizes=\"(min-width: 900px) 925px, (min-width: 700px) 450px, calc(100vw - 48px)\" \/><\/div>\n<p><span class=\"custom-subheading-styles\">Emerging Talents<\/span><span class=\"text-base text-black font-bold mx-0 my-2.5 p-0 block custom-text-styles\">Lorenzo Finn crowned winner of the 2026 Tour de l&#8217;Avenir, underlining future star status<\/span><\/div>\n<div class=\"relative recirc-feed sponsored-card min-h-[250px]\" data-recirc-id=\"article-river-stacked-ads:native-cards\" data-mrf-recirculation=\"article-river-ads\" data-nosnippet data-ad-slot-path=\"feed-sponsored-post\" data-attribute-device=\"all\">\n<div class=\"max-w-full sponsored-post--placeholder animate-pulse\">\n<div class=\"relative!\"><span class=\"text-base text-black font-bold mx-0 my-2.5 p-0 block bg-gray-100\">\u00a0<br \/>\u00a0<\/span><\/div>\n<\/div>\n<\/div>\n<div>\n<div class=\"aspect-[var(--img-listing-aspect-ratio,16\/9)] relative mb-3.5\">\n    <source type=\"image\/webp\" srcset=\"https:\/\/cdn.mos.cms.futurecdn.net\/8kchXacdwvwXDcMiu9KiFF-840-80.jpg.webp 840w, https:\/\/cdn.mos.cms.futurecdn.net\/8kchXacdwvwXDcMiu9KiFF-650-80.jpg.webp 650w, https:\/\/cdn.mos.cms.futurecdn.net\/8kchXacdwvwXDcMiu9KiFF-500-80.jpg.webp 500w, https:\/\/cdn.mos.cms.futurecdn.net\/8kchXacdwvwXDcMiu9KiFF-450-80.jpg.webp 450w, https:\/\/cdn.mos.cms.futurecdn.net\/8kchXacdwvwXDcMiu9KiFF-320-80.jpg.webp 320w\" sizes=\"(min-width: 900px) 925px, (min-width: 700px) 450px, calc(100vw - 48px)\" \/><\/div>\n<p><span class=\"custom-subheading-styles\">Teams &amp; Riders<\/span><span class=\"text-base text-black font-bold mx-0 my-2.5 p-0 block custom-text-styles\">&#8216;There was never a sign that he was struggling&#8217; \u2013 Primo\u017e Rogli\u010d dispels doubts as he moves up to second overall at Vuelta a Espa\u00f1a on first mountain test<\/span><\/div>\n<div class=\"relative recirc-feed sponsored-card min-h-[250px]\" data-recirc-id=\"article-river-stacked-ads:native-cards\" data-mrf-recirculation=\"article-river-ads\" data-nosnippet data-ad-slot-path=\"feed-sponsored-post\" data-attribute-device=\"all\">\n<div class=\"max-w-full sponsored-post--placeholder animate-pulse\">\n<div class=\"relative!\"><span class=\"text-base text-black font-bold mx-0 my-2.5 p-0 block bg-gray-100\">\u00a0<br \/>\u00a0<\/span><\/div>\n<\/div>\n<\/div>\n<div>\n<div class=\"aspect-[var(--img-listing-aspect-ratio,16\/9)] relative mb-3.5\">\n    <source type=\"image\/webp\" srcset=\"https:\/\/cdn.mos.cms.futurecdn.net\/AuBh5riYeUQog4ERdVEoCd-840-80.jpg.webp 840w, https:\/\/cdn.mos.cms.futurecdn.net\/AuBh5riYeUQog4ERdVEoCd-650-80.jpg.webp 650w, https:\/\/cdn.mos.cms.futurecdn.net\/AuBh5riYeUQog4ERdVEoCd-500-80.jpg.webp 500w, https:\/\/cdn.mos.cms.futurecdn.net\/AuBh5riYeUQog4ERdVEoCd-450-80.jpg.webp 450w, https:\/\/cdn.mos.cms.futurecdn.net\/AuBh5riYeUQog4ERdVEoCd-320-80.jpg.webp 320w\" sizes=\"(min-width: 900px) 925px, (min-width: 700px) 450px, calc(100vw - 48px)\" \/><\/div>\n<p><span class=\"custom-subheading-styles\">Racing<\/span><span class=\"text-base text-black font-bold mx-0 my-2.5 p-0 block custom-text-styles\">Tadej Poga\u010dar just logged the biggest solo victory of his Grand Tour career \u2013 here&#8217;s how it stacks up in his gallery of lone raids<\/span><\/div>\n<div class=\"relative recirc-feed sponsored-card min-h-[250px]\" data-recirc-id=\"article-river-stacked-ads:native-cards\" data-mrf-recirculation=\"article-river-ads\" data-nosnippet data-ad-slot-path=\"feed-sponsored-post\" data-attribute-device=\"all\">\n<div class=\"max-w-full sponsored-post--placeholder animate-pulse\">\n<div class=\"relative!\"><span class=\"text-base text-black font-bold mx-0 my-2.5 p-0 block bg-gray-100\">\u00a0<br \/>\u00a0<\/span><\/div>\n<\/div>\n<\/div>\n<div>\n<div class=\"aspect-[var(--img-listing-aspect-ratio,16\/9)] relative mb-3.5\">\n    <source type=\"image\/webp\" srcset=\"https:\/\/cdn.mos.cms.futurecdn.net\/doaGkPVmHqqaXv63uaUo5K-840-80.jpg.webp 840w, https:\/\/cdn.mos.cms.futurecdn.net\/doaGkPVmHqqaXv63uaUo5K-650-80.jpg.webp 650w, https:\/\/cdn.mos.cms.futurecdn.net\/doaGkPVmHqqaXv63uaUo5K-500-80.jpg.webp 500w, https:\/\/cdn.mos.cms.futurecdn.net\/doaGkPVmHqqaXv63uaUo5K-450-80.jpg.webp 450w, https:\/\/cdn.mos.cms.futurecdn.net\/doaGkPVmHqqaXv63uaUo5K-320-80.jpg.webp 320w\" sizes=\"(min-width: 900px) 925px, (min-width: 700px) 450px, calc(100vw - 48px)\" \/><\/div>\n<p><span class=\"custom-subheading-styles\">Racing<\/span><span class=\"text-base text-black font-bold mx-0 my-2.5 p-0 block custom-text-styles\">Cian Uijtdebroeks abandons the Vuelta a Espa\u00f1a following tearful last-place finish on stage 4<\/span><\/div>\n<div class=\"relative recirc-feed sponsored-card min-h-[250px]\" data-recirc-id=\"article-river-stacked-ads:native-cards\" data-mrf-recirculation=\"article-river-ads\" data-nosnippet data-ad-slot-path=\"feed-sponsored-post\" data-attribute-device=\"all\">\n<div class=\"max-w-full sponsored-post--placeholder animate-pulse\">\n<div class=\"relative!\"><span class=\"text-base text-black font-bold mx-0 my-2.5 p-0 block bg-gray-100\">\u00a0<br \/>\u00a0<\/span><\/div>\n<\/div>\n<\/div>\n<div>\n<div class=\"aspect-[var(--img-listing-aspect-ratio,16\/9)] relative mb-3.5\">\n    <source type=\"image\/webp\" srcset=\"https:\/\/cdn.mos.cms.futurecdn.net\/JLYbQXUaN585xQmKbegacC-840-80.jpg.webp 840w, https:\/\/cdn.mos.cms.futurecdn.net\/JLYbQXUaN585xQmKbegacC-650-80.jpg.webp 650w, https:\/\/cdn.mos.cms.futurecdn.net\/JLYbQXUaN585xQmKbegacC-500-80.jpg.webp 500w, https:\/\/cdn.mos.cms.futurecdn.net\/JLYbQXUaN585xQmKbegacC-450-80.jpg.webp 450w, https:\/\/cdn.mos.cms.futurecdn.net\/JLYbQXUaN585xQmKbegacC-320-80.jpg.webp 320w\" sizes=\"(min-width: 900px) 925px, (min-width: 700px) 450px, calc(100vw - 48px)\" \/><\/div>\n<p><span class=\"custom-subheading-styles\">Teams &amp; Riders<\/span><span class=\"text-base text-black font-bold mx-0 my-2.5 p-0 block custom-text-styles\">&#8216;Tadej has made a big statement&#8217; &#8211; UAE Team Emirates-XRG cautiously delighted with Poga\u010dar&#8217;s knock-out Vuelta a Espa\u00f1a stage win<\/span><\/div>\n<div class=\"relative recirc-feed sponsored-card min-h-[250px]\" data-recirc-id=\"article-river-stacked-ads:native-cards\" data-mrf-recirculation=\"article-river-ads\" data-nosnippet data-ad-slot-path=\"feed-sponsored-post\" data-attribute-device=\"all\">\n<div class=\"max-w-full sponsored-post--placeholder animate-pulse\">\n<div class=\"relative!\"><span class=\"text-base text-black font-bold mx-0 my-2.5 p-0 block bg-gray-100\">\u00a0<br \/>\u00a0<\/span><\/div>\n<\/div>\n<\/div>\n<div>\n<div class=\"aspect-[var(--img-listing-aspect-ratio,16\/9)] relative mb-3.5\">\n    <source type=\"image\/webp\" srcset=\"https:\/\/cdn.mos.cms.futurecdn.net\/mTCv9V3z6mz9pLLTqshU2V-840-80.jpg.webp 840w, https:\/\/cdn.mos.cms.futurecdn.net\/mTCv9V3z6mz9pLLTqshU2V-650-80.jpg.webp 650w, https:\/\/cdn.mos.cms.futurecdn.net\/mTCv9V3z6mz9pLLTqshU2V-500-80.jpg.webp 500w, https:\/\/cdn.mos.cms.futurecdn.net\/mTCv9V3z6mz9pLLTqshU2V-450-80.jpg.webp 450w, https:\/\/cdn.mos.cms.futurecdn.net\/mTCv9V3z6mz9pLLTqshU2V-320-80.jpg.webp 320w\" sizes=\"(min-width: 900px) 925px, (min-width: 700px) 450px, calc(100vw - 48px)\" \/><\/div>\n<p><span class=\"custom-subheading-styles\">Teams &amp; Riders<\/span><span class=\"text-base text-black font-bold mx-0 my-2.5 p-0 block custom-text-styles\">&#8216;I&#8217;m not thinking about who is the best&#8217; &#8211; Vuelta a Espa\u00f1a dominator Tadej Poga\u010dar sidesteps debate over place in cycling history<\/span><\/div>\n<div class=\"relative recirc-feed sponsored-card min-h-[250px]\" data-recirc-id=\"article-river-stacked-ads:native-cards\" data-mrf-recirculation=\"article-river-ads\" data-nosnippet data-ad-slot-path=\"feed-sponsored-post\" data-attribute-device=\"all\">\n<div class=\"max-w-full sponsored-post--placeholder animate-pulse\">\n<div class=\"relative!\"><span class=\"text-base text-black font-bold mx-0 my-2.5 p-0 block bg-gray-100\">\u00a0<br \/>\u00a0<\/span><\/div>\n<\/div>\n<\/div>\n<\/div>\n<\/div>\n<\/aside>\n<aside class=\"w-full\" data-nosnippet data-mrf-recirculation=\"article-river-stacked\">\n<div data-recirc-id=\"article-river-stacked-solr:latest-articletype\">\n<div class=\"text-white py-4 px-3 mb-4 bg-[#333] uppercase font-bold custom-header-styles\">Latest in News<\/div>\n<div class=\"grid grid-cols-1 gap-4 mt-4 mb-5\">\n<div>\n<div class=\"aspect-[var(--img-listing-aspect-ratio,16\/9)] relative mb-3.5\">\n    <source type=\"image\/webp\" srcset=\"https:\/\/cdn.mos.cms.futurecdn.net\/xbGKHtEC95AhWJ9jvVGWZ7-840-80.jpg.webp 840w, https:\/\/cdn.mos.cms.futurecdn.net\/xbGKHtEC95AhWJ9jvVGWZ7-650-80.jpg.webp 650w, https:\/\/cdn.mos.cms.futurecdn.net\/xbGKHtEC95AhWJ9jvVGWZ7-500-80.jpg.webp 500w, https:\/\/cdn.mos.cms.futurecdn.net\/xbGKHtEC95AhWJ9jvVGWZ7-450-80.jpg.webp 450w, https:\/\/cdn.mos.cms.futurecdn.net\/xbGKHtEC95AhWJ9jvVGWZ7-320-80.jpg.webp 320w\" sizes=\"(min-width: 900px) 925px, (min-width: 700px) 450px, calc(100vw - 48px)\" \/><\/div>\n<p><span class=\"custom-subheading-styles\">Emerging Talents<\/span><span class=\"text-base text-black font-bold mx-0 my-2.5 p-0 block custom-text-styles\">Lorenzo Finn crowned winner of the 2026 Tour de l&#8217;Avenir, underlining future star status<\/span><\/div>\n<div class=\"relative recirc-feed sponsored-card min-h-[250px]\" data-recirc-id=\"article-river-stacked-ads:native-cards\" data-mrf-recirculation=\"article-river-ads\" data-nosnippet data-ad-slot-path=\"feed-sponsored-post\" data-attribute-device=\"all\">\n<div class=\"max-w-full sponsored-post--placeholder animate-pulse\">\n<div class=\"relative!\"><span class=\"text-base text-black font-bold mx-0 my-2.5 p-0 block bg-gray-100\">\u00a0<br \/>\u00a0<\/span><\/div>\n<\/div>\n<\/div>\n<div>\n<div class=\"aspect-[var(--img-listing-aspect-ratio,16\/9)] relative mb-3.5\">\n    <source type=\"image\/webp\" srcset=\"https:\/\/cdn.mos.cms.futurecdn.net\/8kchXacdwvwXDcMiu9KiFF-840-80.jpg.webp 840w, https:\/\/cdn.mos.cms.futurecdn.net\/8kchXacdwvwXDcMiu9KiFF-650-80.jpg.webp 650w, https:\/\/cdn.mos.cms.futurecdn.net\/8kchXacdwvwXDcMiu9KiFF-500-80.jpg.webp 500w, https:\/\/cdn.mos.cms.futurecdn.net\/8kchXacdwvwXDcMiu9KiFF-450-80.jpg.webp 450w, https:\/\/cdn.mos.cms.futurecdn.net\/8kchXacdwvwXDcMiu9KiFF-320-80.jpg.webp 320w\" sizes=\"(min-width: 900px) 925px, (min-width: 700px) 450px, calc(100vw - 48px)\" \/><\/div>\n<p><span class=\"custom-subheading-styles\">Teams &amp; Riders<\/span><span class=\"text-base text-black font-bold mx-0 my-2.5 p-0 block custom-text-styles\">&#8216;There was never a sign that he was struggling&#8217; \u2013 Primo\u017e Rogli\u010d dispels doubts as he moves up to second overall at Vuelta a Espa\u00f1a on first mountain test<\/span><\/div>\n<div class=\"relative recirc-feed sponsored-card min-h-[250px]\" data-recirc-id=\"article-river-stacked-ads:native-cards\" data-mrf-recirculation=\"article-river-ads\" data-nosnippet data-ad-slot-path=\"feed-sponsored-post\" data-attribute-device=\"all\">\n<div class=\"max-w-full sponsored-post--placeholder animate-pulse\">\n<div class=\"relative!\"><span class=\"text-base text-black font-bold mx-0 my-2.5 p-0 block bg-gray-100\">\u00a0<br \/>\u00a0<\/span><\/div>\n<\/div>\n<\/div>\n<div>\n<div class=\"aspect-[var(--img-listing-aspect-ratio,16\/9)] relative mb-3.5\">\n    <source type=\"image\/webp\" srcset=\"https:\/\/cdn.mos.cms.futurecdn.net\/7w5CtjPbwhVcEZdPJREYLZ-840-80.jpg.webp 840w, https:\/\/cdn.mos.cms.futurecdn.net\/7w5CtjPbwhVcEZdPJREYLZ-650-80.jpg.webp 650w, https:\/\/cdn.mos.cms.futurecdn.net\/7w5CtjPbwhVcEZdPJREYLZ-500-80.jpg.webp 500w, https:\/\/cdn.mos.cms.futurecdn.net\/7w5CtjPbwhVcEZdPJREYLZ-450-80.jpg.webp 450w, https:\/\/cdn.mos.cms.futurecdn.net\/7w5CtjPbwhVcEZdPJREYLZ-320-80.jpg.webp 320w\" sizes=\"(min-width: 900px) 925px, (min-width: 700px) 450px, calc(100vw - 48px)\" \/><\/div>\n<p><span class=\"custom-subheading-styles\">Streaming<\/span><span class=\"text-base text-black font-bold mx-0 my-2.5 p-0 block custom-text-styles\">How to watch UCI Mountain Bike World Championships 2026 \u2013 Live streams and official broadcasters<\/span><\/div>\n<div class=\"relative recirc-feed sponsored-card min-h-[250px]\" data-recirc-id=\"article-river-stacked-ads:native-cards\" data-mrf-recirculation=\"article-river-ads\" data-nosnippet data-ad-slot-path=\"feed-sponsored-post\" data-attribute-device=\"all\">\n<div class=\"max-w-full sponsored-post--placeholder animate-pulse\">\n<div class=\"relative!\"><span class=\"text-base text-black font-bold mx-0 my-2.5 p-0 block bg-gray-100\">\u00a0<br \/>\u00a0<\/span><\/div>\n<\/div>\n<\/div>\n<div>\n<div class=\"aspect-[var(--img-listing-aspect-ratio,16\/9)] relative mb-3.5\">\n    <source type=\"image\/webp\" srcset=\"https:\/\/cdn.mos.cms.futurecdn.net\/doaGkPVmHqqaXv63uaUo5K-840-80.jpg.webp 840w, https:\/\/cdn.mos.cms.futurecdn.net\/doaGkPVmHqqaXv63uaUo5K-650-80.jpg.webp 650w, https:\/\/cdn.mos.cms.futurecdn.net\/doaGkPVmHqqaXv63uaUo5K-500-80.jpg.webp 500w, https:\/\/cdn.mos.cms.futurecdn.net\/doaGkPVmHqqaXv63uaUo5K-450-80.jpg.webp 450w, https:\/\/cdn.mos.cms.futurecdn.net\/doaGkPVmHqqaXv63uaUo5K-320-80.jpg.webp 320w\" sizes=\"(min-width: 900px) 925px, (min-width: 700px) 450px, calc(100vw - 48px)\" \/><\/div>\n<p><span class=\"custom-subheading-styles\">Racing<\/span><span class=\"text-base text-black font-bold mx-0 my-2.5 p-0 block custom-text-styles\">Cian Uijtdebroeks abandons the Vuelta a Espa\u00f1a following tearful last-place finish on stage 4<\/span><\/div>\n<div class=\"relative recirc-feed sponsored-card min-h-[250px]\" data-recirc-id=\"article-river-stacked-ads:native-cards\" data-mrf-recirculation=\"article-river-ads\" data-nosnippet data-ad-slot-path=\"feed-sponsored-post\" data-attribute-device=\"all\">\n<div class=\"max-w-full sponsored-post--placeholder animate-pulse\">\n<div class=\"relative!\"><span class=\"text-base text-black font-bold mx-0 my-2.5 p-0 block bg-gray-100\">\u00a0<br \/>\u00a0<\/span><\/div>\n<\/div>\n<\/div>\n<div>\n<div class=\"aspect-[var(--img-listing-aspect-ratio,16\/9)] relative mb-3.5\">\n    <source type=\"image\/webp\" srcset=\"https:\/\/cdn.mos.cms.futurecdn.net\/JLYbQXUaN585xQmKbegacC-840-80.jpg.webp 840w, https:\/\/cdn.mos.cms.futurecdn.net\/JLYbQXUaN585xQmKbegacC-650-80.jpg.webp 650w, https:\/\/cdn.mos.cms.futurecdn.net\/JLYbQXUaN585xQmKbegacC-500-80.jpg.webp 500w, https:\/\/cdn.mos.cms.futurecdn.net\/JLYbQXUaN585xQmKbegacC-450-80.jpg.webp 450w, https:\/\/cdn.mos.cms.futurecdn.net\/JLYbQXUaN585xQmKbegacC-320-80.jpg.webp 320w\" sizes=\"(min-width: 900px) 925px, (min-width: 700px) 450px, calc(100vw - 48px)\" \/><\/div>\n<p><span class=\"custom-subheading-styles\">Teams &amp; Riders<\/span><span class=\"text-base text-black font-bold mx-0 my-2.5 p-0 block custom-text-styles\">&#8216;Tadej has made a big statement&#8217; &#8211; UAE Team Emirates-XRG cautiously delighted with Poga\u010dar&#8217;s knock-out Vuelta a Espa\u00f1a stage win<\/span><\/div>\n<div class=\"relative recirc-feed sponsored-card min-h-[250px]\" data-recirc-id=\"article-river-stacked-ads:native-cards\" data-mrf-recirculation=\"article-river-ads\" data-nosnippet data-ad-slot-path=\"feed-sponsored-post\" data-attribute-device=\"all\">\n<div class=\"max-w-full sponsored-post--placeholder animate-pulse\">\n<div class=\"relative!\"><span class=\"text-base text-black font-bold mx-0 my-2.5 p-0 block bg-gray-100\">\u00a0<br \/>\u00a0<\/span><\/div>\n<\/div>\n<\/div>\n<div>\n<div class=\"aspect-[var(--img-listing-aspect-ratio,16\/9)] relative mb-3.5\">\n    <source type=\"image\/webp\" srcset=\"https:\/\/cdn.mos.cms.futurecdn.net\/mTCv9V3z6mz9pLLTqshU2V-840-80.jpg.webp 840w, https:\/\/cdn.mos.cms.futurecdn.net\/mTCv9V3z6mz9pLLTqshU2V-650-80.jpg.webp 650w, https:\/\/cdn.mos.cms.futurecdn.net\/mTCv9V3z6mz9pLLTqshU2V-500-80.jpg.webp 500w, https:\/\/cdn.mos.cms.futurecdn.net\/mTCv9V3z6mz9pLLTqshU2V-450-80.jpg.webp 450w, https:\/\/cdn.mos.cms.futurecdn.net\/mTCv9V3z6mz9pLLTqshU2V-320-80.jpg.webp 320w\" sizes=\"(min-width: 900px) 925px, (min-width: 700px) 450px, calc(100vw - 48px)\" \/><\/div>\n<p><span class=\"custom-subheading-styles\">Teams &amp; Riders<\/span><span class=\"text-base text-black font-bold mx-0 my-2.5 p-0 block custom-text-styles\">&#8216;I&#8217;m not thinking about who is the best&#8217; &#8211; Vuelta a Espa\u00f1a dominator Tadej Poga\u010dar sidesteps debate over place in cycling history<\/span><\/div>\n<div class=\"relative recirc-feed sponsored-card min-h-[250px]\" data-recirc-id=\"article-river-stacked-ads:native-cards\" data-mrf-recirculation=\"article-river-ads\" data-nosnippet data-ad-slot-path=\"feed-sponsored-post\" data-attribute-device=\"all\">\n<div class=\"max-w-full sponsored-post--placeholder animate-pulse\">\n<div class=\"relative!\"><span class=\"text-base text-black font-bold mx-0 my-2.5 p-0 block bg-gray-100\">\u00a0<br \/>\u00a0<\/span><\/div>\n<\/div>\n<\/div>\n<\/div>\n<\/div>\n<\/aside>\n<\/section>\n<\/div>\n<\/div>\n<\/div>\n<div id=\"widgetArea17\" class=\"widget-area md:basis-1\/3 widget-area-g-md-vp-1-3 widget-area-g-lg-vp-1-3 widget-area-g-xl-vp-1-3 page-widget-area-17\">\n<div data-widget-type=\"dynamic\" id=\"popular-data\" class=\"clear-both widget widget-dynamic widget-popular-data widget-dynamic-popular-data widget-dynamic-fter-popular-box\">\n<div class=\"wdn-fte-pb pos-relative space-t20\n\"><\/p>\n<div class=\"slice-container popular-box-slice\">\n<section class=\"popular-box\" data-component-name=\"Slice:PopularBox\">\n<div class=\"popular-box__label\">\n<div class=\"popular-box__label__tab popular-box__label__tab--active\" role=\"heading\">\nLATEST ARTICLES\n<\/div>\n<\/div>\n<ol class=\"popular-box__articles-list popular-box__articles-list--active\">\n<li class=\"popular-box__article-list\">\n<div class=\"popular-box__article-list__container\">\n<div class=\"popular-box__article-list__image-wrapper\">\n<div>\n<source type=\"image\/webp\" srcset=\"https:\/\/cdn.mos.cms.futurecdn.net\/xbGKHtEC95AhWJ9jvVGWZ7-1280-80.jpg.webp 1280w, https:\/\/cdn.mos.cms.futurecdn.net\/xbGKHtEC95AhWJ9jvVGWZ7-720-80.jpg.webp 720w, https:\/\/cdn.mos.cms.futurecdn.net\/xbGKHtEC95AhWJ9jvVGWZ7-640-80.jpg.webp 640w, https:\/\/cdn.mos.cms.futurecdn.net\/xbGKHtEC95AhWJ9jvVGWZ7-320-80.jpg.webp 320w\" sizes=\"99vw\" \/><\/div>\n<\/div>\n<div class=\"popular-box__article-list__content\">\n<div class=\"popular-box__article-list__number-text\">1<\/div>\n<div class=\"popular-box__article-list__heading\">\n<p>Lorenzo Finn crowned winner of the 2026 Tour de l&#8217;Avenir, underlining future star status<\/p>\n<\/div>\n<\/div>\n<\/div>\n<\/li>\n<li class=\"popular-box__article-list\">\n<div class=\"popular-box__article-list__container\">\n<div class=\"popular-box__article-list__content\">\n<div class=\"popular-box__article-list__number-text\">2<\/div>\n<div class=\"popular-box__article-list__heading\">\n<p>How to watch UCI Mountain Bike World Championships 2026 \u2013 Live streams and official broadcasters<\/p>\n<\/div>\n<\/div>\n<\/div>\n<\/li>\n<li class=\"popular-box__article-list\">\n<div class=\"popular-box__article-list__container\">\n<div class=\"popular-box__article-list__content\">\n<div class=\"popular-box__article-list__number-text\">3<\/div>\n<div class=\"popular-box__article-list__heading\">\n<p>&#8216;There was never a sign that he was struggling&#8217; \u2013 Primo\u017e Rogli\u010d dispels doubts as he moves up to second overall at Vuelta a Espa\u00f1a on first mountain test<\/p>\n<\/div>\n<\/div>\n<\/div>\n<\/li>\n<li class=\"popular-box__article-list\">\n<div class=\"popular-box__article-list__container\">\n<div class=\"popular-box__article-list__content\">\n<div class=\"popular-box__article-list__number-text\">4<\/div>\n<div class=\"popular-box__article-list__heading\">\n<p>Tadej Poga\u010dar just logged the biggest solo victory of his Grand Tour career \u2013 here&#8217;s how it stacks up in his gallery of lone raids<\/p>\n<\/div>\n<\/div>\n<\/div>\n<\/li>\n<li class=\"popular-box__article-list\">\n<div class=\"popular-box__article-list__container\">\n<div class=\"popular-box__article-list__content\">\n<div class=\"popular-box__article-list__number-text\">5<\/div>\n<div class=\"popular-box__article-list__heading\">\n<p>The new Shimano Dura-Ace still isn\u2019t wireless, but does it actually matter?<\/p>\n<\/div>\n<\/div>\n<\/div>\n<\/li>\n<\/ol>\n<\/section>\n<\/div>\n<\/div>\n<\/div>\n<\/div>\n<\/div>\n<\/article>\n<article class=\"page-content-onecol flex-1\nnews-article article\n\"><\/p>\n<div class=\"widget-area-group widget-area-group-2col flex flex-wrap box-border\">\n<div id=\"widgetArea16\" class=\"widget-area basis-full md:basis-2\/3 widget-area-g-md-vp-2-3 widget-area-g-lg-vp-2-3 widget-area-g-xl-vp-2-3 page-widget-area-16\">\n<div data-widget-type=\"hero\" id=\"hero\" class=\"clear-both widget widget-hero widget-hero widget-hero-hero widget-hero widget-hero-fter-news\">\n<div class=\"news-article\">\n<header data-component-name=\"Article:Hero\">\n<nav class=\"breadcrumb\" aria-label=\"Breadcrumbs\">\n<ol>\n<li>\nPro Cycling\n<\/li>\n<li>\nTeams &amp; Riders\n<\/li>\n<\/ol>\n<\/nav>\n<h1>&#8216;I don\u2019t know if people at home understood it&#8217; \u2013 Decathlon defend tactics amid &#8216;surprise&#8217; from within the peloton on first Vuelta a Espa\u00f1a mountain stage<\/h1>\n<div class=\"byline-social\">\n<div class=\"vds-byline-block flex flex-row flex-nowrap my-1.5 gap-2 text-left items-start justify-start\" data-component-name=\"Article:BylineBlock\">\n<p>News<\/p>\n<div class=\"my-auto vds-simple-byline\"><span class=\"inline-block vds-author\"><br \/>\nBy<br \/>\nPatrick Fletcher <\/span><\/p>\n<div class=\"flex gap-1 vds-byline-with-avatar__meta\"><span class=\"vds-date block font-normal tracking-normal normal-case text-xs\"><br \/>\nPublished<br \/>\n<time data-component-name=\"UI:DateTime\" datetime=\"2026-08-26T11:10:19Z\" class=\"relative-date\"><br \/>\n26 August 2026<br \/>\n<\/time><\/span><\/div>\n<\/div>\n<\/div>\n<p class=\"strapline\">Felix Gall&#8217;s team took control of stage 4 in between domination from UAE and Poga\u010dar<\/p>\n<\/div>\n<aside class=\"text-gray-700 flex items-center mx-0 my-5 p-0 justify-start text-left\" id=\"affiliate-disclaimer\" data-component-name=\"AffiliateDisclaimer\" data-hawk-message=\"Affiliate disclaimer removed because hawk deemed there are no affiliate links on this page\">\n<p class=\"text-[color:var(--affiliate-disclaimer--text-color,inherit)] mb-2 text-[length:var(--affiliate-disclaimer--font-size,0.75rem)] leading-[18px] md:text-[13px] [&amp;&gt;a]:text-inherit [&amp;&gt;a]:underline\">\nWhen you purchase through links on our site, we may earn an affiliate commission. Here\u2019s how it works.\n<\/p>\n<\/aside>\n<\/header>\n<\/div>\n<\/div>\n<div data-widget-type=\"contentparsed\" id=\"content\" class=\"clear-both widget widget-contentparsed widget-content widget-contentparsed-content widget-content-parsed widget-content-parsed-content_document \">\n<div class=\"wcp-item-content\">\n<section class=\"content-wrapper\">\n<div class=\"box less-space hero-image-wrapper\">\n<figure class=\"mb-0\">\n<source type=\"image\/webp\" srcset=\"https:\/\/cdn.mos.cms.futurecdn.net\/yPRCSBcxiu3m8799VbmRf-1920-80.jpg.webp 1920w, https:\/\/cdn.mos.cms.futurecdn.net\/yPRCSBcxiu3m8799VbmRf-1600-80.jpg.webp 1600w, https:\/\/cdn.mos.cms.futurecdn.net\/yPRCSBcxiu3m8799VbmRf-1200-80.jpg.webp 1200w, https:\/\/cdn.mos.cms.futurecdn.net\/yPRCSBcxiu3m8799VbmRf-1024-80.jpg.webp 1024w, https:\/\/cdn.mos.cms.futurecdn.net\/yPRCSBcxiu3m8799VbmRf-970-80.jpg.webp 970w, https:\/\/cdn.mos.cms.futurecdn.net\/yPRCSBcxiu3m8799VbmRf-750-80.jpg.webp 750w, https:\/\/cdn.mos.cms.futurecdn.net\/yPRCSBcxiu3m8799VbmRf-650-80.jpg.webp 650w, https:\/\/cdn.mos.cms.futurecdn.net\/yPRCSBcxiu3m8799VbmRf-480-80.jpg.webp 480w, https:\/\/cdn.mos.cms.futurecdn.net\/yPRCSBcxiu3m8799VbmRf-320-80.jpg.webp 320w\" sizes=\"(min-width: 1000px) 600px, 100vw\" \/><figcaption class=\"font-article-copy text-(--image--text--color) font-article-copy mt-2\"><span class=\"caption-text font-article-copy\">Decathlon CMA CGM pushed a hard pace on the front of the peloton during stage 4 of the Vuelta a Espa\u00f1a<\/span><span class=\"credit font-article-copy\">(Image credit: Getty Images)<\/span><\/figcaption><\/figure>\n<\/div>\n<div id=\"article-body\" class=\"text-copy bodyCopy auto paywall-locker\">\n<div data-analytics-id=\"utility-bar\" id=\"utility-bar\" class=\"font-ui-heading flex justify-between items-center py-2 border-t border-b border-gray-300 border-solid mb-5 mx-auto\" data-component-name=\"UtilityBar\" data-mrf-recirculation=\"utility-bar\">\n<div class=\"flex gap-2 text-[#333] subcontainer\">\n<div class=\"relative tooltip-container\" role=\"tooltip\">\n<div data-component-name=\"Social:Dropdown\" role=\"menu\" id=\"utilitybar__dropdown--share\" aria-labelledby=\"utilitybar__button--share\" class=\"absolute left-0 top-full w-44 bg-white rounded-md shadow-md border border-neutral-200 z-[9996] list-none m-0 py-2 px-3 border-solid\">\n<ul class=\"m-0!\">\n<li class=\"!p-0 !m-0 list-none border-b border-gray-200 border-solid\">\n<li class=\"!p-0 !m-0 list-none border-b border-gray-200 border-solid\">\n<p>Facebook<\/p>\n<\/li>\n<li class=\"!p-0 !m-0 list-none border-b border-gray-200 border-solid\">\n<p>X<\/p>\n<\/li>\n<li class=\"!p-0 !m-0 list-none border-b border-gray-200 border-solid\">\n<p>Pinterest<\/p>\n<\/li>\n<li class=\"!p-0 !m-0 list-none border-b border-gray-200 border-solid\">\n<p>Email<\/p>\n<\/li>\n<\/ul>\n<\/div>\n<div class=\"font-ui-heading max-sm:hidden tooltip absolute left-1\/2 bg-gray-900 text-white text-xs leading-none px-3 py-1.5 rounded-md z-[10001] whitespace-nowrap\" id=\"tooltip-share-this-article\" role=\"tooltip\" aria-hidden=\"true\">\nShare this article\n<\/div>\n<\/div>\n<div class=\"relative tooltip-container\" role=\"tooltip\"><span class=\"ml-1 inline-flex h-5 px-2 shrink-0 items-center justify-center self-center overflow-hidden whitespace-nowrap rounded-[10px] bg-primary-500 text-[11px] leading-none font-ui-heading font-semibold text-white\">1<\/span><\/p>\n<div class=\"font-ui-heading max-sm:hidden tooltip absolute left-1\/2 bg-gray-900 text-white text-xs leading-none px-3 py-1.5 rounded-md z-[10001] whitespace-nowrap\" id=\"tooltip-join-the-conversation\" role=\"tooltip\" aria-hidden=\"true\">\nJoin the conversation\n<\/div>\n<\/div>\n<\/div>\n<div class=\"flex gap-2 text-[#333] subcontainer\">\n<div class=\"relative tooltip-container\" role=\"tooltip\">\n<p>Follow us<\/p>\n<div class=\"font-ui-heading max-sm:hidden tooltip absolute left-1\/2 bg-gray-900 text-white text-xs leading-none px-3 py-1.5 rounded-md z-[10001] whitespace-nowrap\" id=\"tooltip-add-us-as-a-preferred-source-on-google\" role=\"tooltip\" aria-hidden=\"true\">\nAdd us as a preferred source on Google\n<\/div>\n<\/div>\n<div class=\"relative tooltip-container\" role=\"tooltip\">\n<div class=\"font-ui-heading max-sm:hidden tooltip absolute left-1\/2 bg-gray-900 text-white text-xs leading-none px-3 py-1.5 rounded-md z-[10001] whitespace-nowrap\" id=\"tooltip-subscribe-to-our-newsletter\" role=\"tooltip\" aria-hidden=\"true\">\nSubscribe to our newsletter\n<\/div>\n<\/div>\n<\/div>\n<\/div>\n<p id=\"elk-ce3bc56a-a13b-11f1-87b2-a9708d38a34a\">Stage 4 of the Vuelta a Espa\u00f1a began with UAE Team Emirates-XRG patrolling the peloton and with their leader Tadej Poga\u010dar winning by a country mile, but this was not a tale of total domination. In between, it was another team, Decathlon CMA CGM, who took control of proceedings, which has triggered something of a tactical debate.<\/p>\n<p>The French team took charge towards the top of the opening climb of the Port d\u2019Envalira with 85km to go and continued their efforts onto the Collada de Beixalis, where Poga\u010dar turned the tables with an attack that turned into a stage-winning and potentially race-ending solo victory.<\/p>\n<p id=\"elk-ce3bc56a-a13b-11f1-87b2-a9708d38a34a-2\" aria-hidden=\"true\" class=\"kiosq-b\">Decathlon\u2019s leader, Felix Gall, attempted to follow Poga\u010dar at first but had to relent before trying to drop his other rivals on the Coll d\u2019Ordino, but the Austrian had to settle for coming home in a six-man group behind Poga\u010dar.<\/p>\n<div class=\"my-6 w-full overflow-hidden rounded-[10px] lg:my-8\" data-component-name=\"JwPlayer:Carousel\" data-jwp-carousel data-jwp-carousel-payload=\"{&quot;ids&quot;:{&quot;playerID&quot;:&quot;jYDCcabO&quot;,&quot;searchPlaylistID&quot;:&quot;gwjdoYHD&quot;,&quot;divID&quot;:&quot;botr_gwjdoYHD_jYDCcabO_div&quot;,&quot;fallbackPlaylistID&quot;:&quot;gwjdoYHD&quot;,&quot;fallbackDivID&quot;:&quot;botr_gwjdoYHD_jYDCcabO_div&quot;,&quot;key&quot;:&quot;X9\/mXVGac0NphghLH9hZaqWA5d3dhAM\/Ih07grnEyMLjuO2E&quot;,&quot;tintLogo&quot;:true,&quot;useSearchPlaylist&quot;:false,&quot;enabled&quot;:true},&quot;signPostingEnabled&quot;:true,&quot;signPostingLinkEnabled&quot;:true,&quot;waitForAdLoad&quot;:false,&quot;hidePlayerOnDesktop&quot;:false,&quot;hidePlayerOnMobile&quot;:false,&quot;hidePlayerOnTablet&quot;:false}\">\n<div class=\"flex flex-nowrap items-center justify-between gap-3 bg-zinc-900 px-[14px] py-3\" data-jwp-carousel-header>\n<div class=\"flex min-w-0 shrink items-center\"><span class=\"inline-flex items-center gap-1.5 text-sm font-article-heading capitalize leading-5 text-white whitespace-nowrap\"><span class=\"jwp-carousel-title-desktop\">Latest Videos From<\/span><span class=\"jwp-carousel-brand\">Cyclingnews<\/span><\/span><\/div>\n<\/div>\n<div class=\"min-h-[44px] bg-zinc-900 px-[14px] py-3\" data-jwp-carousel-signposting><a class=\"invisible block truncate text-sm font-bold leading-5 text-white underline decoration-solid underline-offset-2\" data-jwp-carousel-signposting-link href target=\"_blank\" rel=\"noopener noreferrer\"><span data-jwp-carousel-signposting-title>Watch full video here: <\/span><\/a><\/div>\n<\/div>\n<p aria-hidden=\"true\" class=\"kiosq-b\">Question marks were raised at the finish line by Iv\u00e1n Romeo, the Movistar teammate of Enric Mas, who finished alongside Gall.<\/p>\n<p aria-hidden=\"true\" class=\"kiosq-b\">&#8220;They made the race for them a bit,&#8221; Romeo told <em>Eurosport Espa\u00f1a<\/em>, indicating that Decathlon\u2019s efforts had only served to do UAE\u2019s hard yards for them.<\/p>\n<aside data-component-name=\"Recirculation:ArticleRiver\" data-recirculation-type=\"inline\" data-mrf-recirculation=\"Trending Bar\" data-nosnippet class=\"clear-both pt-2 pb-0 mb-4\"><span class=\"\n            flex\n            after:content-[&apos;&apos;] after:flex-1 after:ml-4 after:my-[0.7rem] after:border-t after:border-solid after:border-t-[#ccc]\n            before:content-[&apos;&apos;] before:flex-1 before:mr-4 before:my-[0.7rem] before:border-t before:border-solid before:border-t-[#ccc]\n            font-article-heading pb-0 text-[length:var(--article-river-title--font-size,1em)] uppercase sm:text-[length:var(--article-river-title--font-size,0.875em)] font-bold\n        \"><br \/>\n            You may like<br \/>\n        <\/span><\/p>\n<ul class=\"flex flex-col gap-0 m-0 max-w-full\">\n<li class=\"m-0 list-none border-b border-solid border-[#ededed] py-2\" data-recirculation-id=\"recirculation-card-1\" id=\"recirculation-inline-1\" data-analytics-id=\"recirculation-inline-1\" data-mrf-recirculation=\"recirculation-inline-1\">\n    <source type=\"image\/webp\" srcset=\"https:\/\/cdn.mos.cms.futurecdn.net\/JLYbQXUaN585xQmKbegacC-250-80.jpg.webp 250w, https:\/\/cdn.mos.cms.futurecdn.net\/JLYbQXUaN585xQmKbegacC-150-80.jpg.webp 150w\" sizes=\"150px\" \/><span class=\"w-full text-base font-[var(--article-river-item--font-weight,500)] font-article-heading line-clamp-3 md:line-clamp-2\">&#8216;Tadej has made a big statement&#8217; &#8211; UAE Team Emirates-XRG cautiously delighted with Poga\u010dar&#8217;s knock-out Vuelta a Espa\u00f1a stage win<\/span><\/li>\n<li class=\"m-0 list-none border-b border-solid border-[#ededed] py-2\" data-recirculation-id=\"recirculation-card-2\" id=\"recirculation-inline-2\" data-analytics-id=\"recirculation-inline-2\" data-mrf-recirculation=\"recirculation-inline-2\">\n    <source type=\"image\/webp\" srcset=\"https:\/\/cdn.mos.cms.futurecdn.net\/YVSDLQ998L3NFPL5yeFtmE-250-80.jpg.webp 250w, https:\/\/cdn.mos.cms.futurecdn.net\/YVSDLQ998L3NFPL5yeFtmE-150-80.jpg.webp 150w\" sizes=\"150px\" \/><span class=\"w-full text-base font-[var(--article-river-item--font-weight,500)] font-article-heading line-clamp-3 md:line-clamp-2\">&#8216;We have to question the common sense of that&#8217; \u2013 Tadej Poga\u010dar and UAE&#8217;s breakaway-killing tactics criticised in French TV debate<\/span><\/li>\n<li class=\"m-0 list-none border-b border-solid border-[#ccc] py-2\" data-recirculation-id=\"recirculation-card-3\" id=\"recirculation-inline-3\" data-analytics-id=\"recirculation-inline-3\" data-mrf-recirculation=\"recirculation-inline-3\">\n    <source type=\"image\/webp\" srcset=\"https:\/\/cdn.mos.cms.futurecdn.net\/tBYDkUc98XiwczqrNNyMy5-250-80.jpg.webp 250w, https:\/\/cdn.mos.cms.futurecdn.net\/tBYDkUc98XiwczqrNNyMy5-150-80.jpg.webp 150w\" sizes=\"150px\" \/><span class=\"w-full text-base font-[var(--article-river-item--font-weight,500)] font-article-heading line-clamp-3 md:line-clamp-2\">&#8216;We wanted to calm things down&#8217; &#8211; UAE team management justify the decision to keep Tour de France stage 9 break on ultra-tight leash<\/span><\/li>\n<\/ul>\n<\/aside>\n<p aria-hidden=\"true\" class=\"kiosq-b\">&#8220;I don\u2019t know if people at home understood it \u2013 some of us didn\u2019t either, but there you go. Everyone has their own tactics, and that\u2019s how it is.<\/p>\n<p aria-hidden=\"true\" class=\"kiosq-b\">&#8220;It\u2019s not a bad criticism or anything,&#8221; Romeo added. \u201cSimply that it\u2019s a bit surprising, when there is such a superior team. I think it surprised us all. We were all commenting on it in the group. But hey, it\u2019s their race.&#8221;<\/p>\n<div id=\"slice-container-newsletterForm-articleInbodyContent-kkuVE9dYsyCVmVZW6pUche\" class=\"slice-container newsletter-inbodyContent-slice newsletterForm-articleInbodyContent-kkuVE9dYsyCVmVZW6pUche slice-container-newsletterForm\">\n<div data-hydrate=\"true\" class=\"newsletter-form__wrapper newsletter-form__wrapper--inbodyContent\">\n<div class=\"newsletter-form__container\">\n<section class=\"newsletter-form__top-bar\">\n<div class=\"newsletter-form__header\">Get The Leadout Newsletter<\/div>\n<\/section>\n<section class=\"newsletter-form__main-section\">\n<p class=\"newsletter-form__strapline\">The latest race content, interviews, features, reviews and expert buying guides, direct to your inbox!<\/p>\n<footer class=\"newsletter-form__footer \">By submitting your information you agree to the Terms &amp; Conditions and Privacy Policy and are aged 16 or over.<\/footer>\n<\/section>\n<\/div>\n<\/div>\n<\/div>\n<p aria-hidden=\"true\" class=\"kiosq-b\">A response came from L\u00e9o Bisiaux, Decathlon\u2019s young French talent, who dismissed the notion that the team was under any illusions of realistically believing they could challenge Poga\u010dar for the overall title.<\/p>\n<p aria-hidden=\"true\" class=\"kiosq-b\">&#8220;Not really,&#8221; he said when asked if the team was racing as if Poga\u010dar was not there. &#8220;It was to do our own race. I think he won with a decent gap. Looking for the red jersey is not the objective.<\/p>\n<p aria-hidden=\"true\" class=\"kiosq-b\">&#8220;We really wanted to make the race hard to allow Felix to create gaps,&#8221; Bisiaux added. &#8220;We knew that these aren\u2019t necessarily his favourite kind of efforts. We\u2019re looking forward to the high mountains, and then he will be able to show where he is. But today, he still showed he is very strong.&#8221;<\/p>\n<p aria-hidden=\"true\" class=\"kiosq-b\">This is not the first time that Decathlon CMA CGM\u2019s tactics have been called into question in the Grand Tours this season.<\/p>\n<p aria-hidden=\"true\" class=\"kiosq-b\">At the Giro d\u2019Italia, they took similar control in the final week as Jonas Vingegaard was in full domination mode, while on the penultimate stage of the Tour de France, Poga\u010dar himself questioned their pace-making on the Col de Sarenne.<\/p>\n<p id=\"elk-ce3bc68c-a13b-11f1-b2e3-75e9348e2b07\" aria-hidden=\"true\" class=\"kiosq-b\"><strong>For unbeatable coverage across road, gravel and tech, subscribe to Cyclingnews. You&#8217;ll get comprehensive race coverage of La Vuelta a Espa\u00f1a, subscriber-exclusive analysis from our expert columnists, in-depth features and industry-leading tech insight. Plus, the Cyclingnews app lets you follow the action wherever you go! <\/strong><u><strong>Join today.<\/strong><\/u><\/p>\n<\/div>\n<div class=\"block mb-5\" id=\"articleTag\" data-component-name=\"PostArticleLinks\" data-nosnippet data-mrf-recirculation=\"post-article-links\">\n<div class=\"border-b border-b-black border-solid py-2.5 text-black font-bold uppercase\">TOPICS<\/div>\n<nav class=\"py-2.5 flex gap-2.5 flex-wrap\" data-analytics-id=\"article-tag\" data-mrf-recirculation=\"article-tag\">\n<p>Road<\/p>\n<p>Decathlon CMA CGM<\/p>\n<p>Movistar Team<\/p>\n<p>Felix Gall<\/p>\n<p>Iv\u00e1n Romeo<\/p>\n<p>L\u00e9o Bisiaux<\/p>\n<\/nav>\n<\/div>\n<div id=\"slice-container-authorBio-kkuVE9dYsyCVmVZW6pUche\" class=\"slice-container slice-author-bio authorBio-kkuVE9dYsyCVmVZW6pUche slice-container-authorBio\">\n<div class=\"author author__default-layout author--separator author--collapsible\" data-hydrate=\"true\">\n<div class=\"author__header\">\n<div class=\"author__avatar-block\">\n<figure class=\"image-wrapped__wrapper\" data-bordeaux-image-check=\"false\">\n<div class=\"image-wrapped__widthsetter\">\n<div class=\"image-wrapped__aspect-padding\">\n<div><source class=\"author__avatar image-wrapped__image image__image\" type=\"image\/webp\" srcset=\"https:\/\/cdn.mos.cms.futurecdn.net\/2QoJgeVtEMbCKNujw2pLoH-140-80.jpg.webp 140w\" sizes=\"99vw\" data-normal=\"https:\/\/cdn.mos.cms.futurecdn.net\/2QoJgeVtEMbCKNujw2pLoH.jpg\" data-original-mos=\"https:\/\/cdn.mos.cms.futurecdn.net\/2QoJgeVtEMbCKNujw2pLoH.jpg\" data-pin-media=\"https:\/\/cdn.mos.cms.futurecdn.net\/2QoJgeVtEMbCKNujw2pLoH.jpg\" data-pin-nopin=\"true\" data-slice-image=\"true\" \/><\/div>\n<\/div>\n<\/div>\n<\/figure>\n<\/div>\n<div class=\"author__heading\">\n<div class=\"author__name\">Patrick Fletcher<\/div>\n<div class=\"author__role\">Deputy Editor<\/div>\n<\/div>\n<\/div>\n<div class=\"author__bio-wrapper\">\n<div class=\"author__biography\">\n<p>Patrick is an NCTJ-accredited journalist with a bachelor\u2019s degree in modern languages (French and Spanish) and a decade\u2019s experience in digital sports media, largely within the world of cycling. He re-joined Cyclingnews as Deputy Editor in February 2026, having previously spent eight years on staff between 2015 and 2023. In between, he was Deputy Editor at GCN and spent 18 months working across the sports portfolio at Future before returning to the cycling press pack. Patrick works across Cyclingnews\u2019 wide-ranging output, assisting the Editor in global content strategy, with a particular focus on shaping CN&#8217;s news operation.<\/p>\n<\/div>\n<\/div>\n<\/div>\n<\/div>\n<\/section>\n<div class=\"relative max-w-[1070px] viafoura-twig-component mt-6 mx-4 lg:mx-0\" data-component-name=\"Viafoura:Comments\" data-nosnippet data-community-guidelines-text=\"&lt;p class=&apos;vfcustom-community-guidelines&apos;&gt;Please follow our &lt;a href=&quot;https:\/\/www.cyclingnews.com\/about\/#section-community-guidelines&quot; target=&quot;_blank&quot;&gt;community guidelines&lt;\/a&gt;.&lt;\/p&gt;\" data-join-the-conversation-text=\"Join the Conversation\">\n<div class=\"absolute top-0 left-0 w-full h-full flex items-center justify-center z-50 bg-white\/90 border-1 rounded-b-[var(--comment-widget-border-radius,0)]\">\n<div class=\"p-2 text-center\">\n<p class=\"mb-3 text-lg!\">You must confirm your public display name before commenting<\/p>\n<p class=\"mb-3 text-sm!\">Please logout and then login again, you will then be prompted to enter your display name.<\/p>\n<\/div>\n<\/div>\n<\/div>\n<section class=\"mx-2 my-5 sm:mx-0\">\n<aside class=\"w-full\" data-nosnippet data-mrf-recirculation=\"article-river-stacked\">\n<div data-recirc-id=\"article-river-stacked-adviser:hybrid\">\n<div class=\"text-white py-4 px-3 mb-4 bg-[#333] uppercase font-bold custom-header-styles\">Read more<\/div>\n<div class=\"grid grid-cols-1 gap-4 mt-4 mb-5\">\n<div>\n<div class=\"aspect-[var(--img-listing-aspect-ratio,16\/9)] relative mb-3.5\">\n    <source type=\"image\/webp\" srcset=\"https:\/\/cdn.mos.cms.futurecdn.net\/JLYbQXUaN585xQmKbegacC-840-80.jpg.webp 840w, https:\/\/cdn.mos.cms.futurecdn.net\/JLYbQXUaN585xQmKbegacC-650-80.jpg.webp 650w, https:\/\/cdn.mos.cms.futurecdn.net\/JLYbQXUaN585xQmKbegacC-500-80.jpg.webp 500w, https:\/\/cdn.mos.cms.futurecdn.net\/JLYbQXUaN585xQmKbegacC-450-80.jpg.webp 450w, https:\/\/cdn.mos.cms.futurecdn.net\/JLYbQXUaN585xQmKbegacC-320-80.jpg.webp 320w\" sizes=\"(min-width: 900px) 925px, (min-width: 700px) 450px, calc(100vw - 48px)\" \/><\/div>\n<p><span class=\"custom-subheading-styles\">Teams &amp; Riders<\/span><span class=\"text-base text-black font-bold mx-0 my-2.5 p-0 block custom-text-styles\">&#8216;Tadej has made a big statement&#8217; &#8211; UAE Team Emirates-XRG cautiously delighted with Poga\u010dar&#8217;s knock-out Vuelta a Espa\u00f1a stage win<\/span><\/div>\n<div class=\"relative recirc-feed sponsored-card min-h-[250px]\" data-recirc-id=\"article-river-stacked-ads:native-cards\" data-mrf-recirculation=\"article-river-ads\" data-nosnippet data-ad-slot-path=\"feed-sponsored-post\" data-attribute-device=\"all\">\n<div class=\"max-w-full sponsored-post--placeholder animate-pulse\">\n<div class=\"relative!\"><span class=\"text-base text-black font-bold mx-0 my-2.5 p-0 block bg-gray-100\">\u00a0<br \/>\u00a0<\/span><\/div>\n<\/div>\n<\/div>\n<div>\n<div class=\"aspect-[var(--img-listing-aspect-ratio,16\/9)] relative mb-3.5\">\n    <source type=\"image\/webp\" srcset=\"https:\/\/cdn.mos.cms.futurecdn.net\/YVSDLQ998L3NFPL5yeFtmE-840-80.jpg.webp 840w, https:\/\/cdn.mos.cms.futurecdn.net\/YVSDLQ998L3NFPL5yeFtmE-650-80.jpg.webp 650w, https:\/\/cdn.mos.cms.futurecdn.net\/YVSDLQ998L3NFPL5yeFtmE-500-80.jpg.webp 500w, https:\/\/cdn.mos.cms.futurecdn.net\/YVSDLQ998L3NFPL5yeFtmE-450-80.jpg.webp 450w, https:\/\/cdn.mos.cms.futurecdn.net\/YVSDLQ998L3NFPL5yeFtmE-320-80.jpg.webp 320w\" sizes=\"(min-width: 900px) 925px, (min-width: 700px) 450px, calc(100vw - 48px)\" \/><\/div>\n<p><span class=\"custom-subheading-styles\">Teams &amp; Riders<\/span><span class=\"text-base text-black font-bold mx-0 my-2.5 p-0 block custom-text-styles\">&#8216;We have to question the common sense of that&#8217; \u2013 Tadej Poga\u010dar and UAE&#8217;s breakaway-killing tactics criticised in French TV debate<\/span><\/div>\n<div class=\"relative recirc-feed sponsored-card min-h-[250px]\" data-recirc-id=\"article-river-stacked-ads:native-cards\" data-mrf-recirculation=\"article-river-ads\" data-nosnippet data-ad-slot-path=\"feed-sponsored-post\" data-attribute-device=\"all\">\n<div class=\"max-w-full sponsored-post--placeholder animate-pulse\">\n<div class=\"relative!\"><span class=\"text-base text-black font-bold mx-0 my-2.5 p-0 block bg-gray-100\">\u00a0<br \/>\u00a0<\/span><\/div>\n<\/div>\n<\/div>\n<div>\n<div class=\"aspect-[var(--img-listing-aspect-ratio,16\/9)] relative mb-3.5\">\n    <source type=\"image\/webp\" srcset=\"https:\/\/cdn.mos.cms.futurecdn.net\/tBYDkUc98XiwczqrNNyMy5-840-80.jpg.webp 840w, https:\/\/cdn.mos.cms.futurecdn.net\/tBYDkUc98XiwczqrNNyMy5-650-80.jpg.webp 650w, https:\/\/cdn.mos.cms.futurecdn.net\/tBYDkUc98XiwczqrNNyMy5-500-80.jpg.webp 500w, https:\/\/cdn.mos.cms.futurecdn.net\/tBYDkUc98XiwczqrNNyMy5-450-80.jpg.webp 450w, https:\/\/cdn.mos.cms.futurecdn.net\/tBYDkUc98XiwczqrNNyMy5-320-80.jpg.webp 320w\" sizes=\"(min-width: 900px) 925px, (min-width: 700px) 450px, calc(100vw - 48px)\" \/><\/div>\n<p><span class=\"custom-subheading-styles\">Teams &amp; Riders<\/span><span class=\"text-base text-black font-bold mx-0 my-2.5 p-0 block custom-text-styles\">&#8216;We wanted to calm things down&#8217; &#8211; UAE team management justify the decision to keep Tour de France stage 9 break on ultra-tight leash<\/span><\/div>\n<div class=\"relative recirc-feed sponsored-card min-h-[250px]\" data-recirc-id=\"article-river-stacked-ads:native-cards\" data-mrf-recirculation=\"article-river-ads\" data-nosnippet data-ad-slot-path=\"feed-sponsored-post\" data-attribute-device=\"all\">\n<div class=\"max-w-full sponsored-post--placeholder animate-pulse\">\n<div class=\"relative!\"><span class=\"text-base text-black font-bold mx-0 my-2.5 p-0 block bg-gray-100\">\u00a0<br \/>\u00a0<\/span><\/div>\n<\/div>\n<\/div>\n<div>\n<div class=\"aspect-[var(--img-listing-aspect-ratio,16\/9)] relative mb-3.5\">\n    <source type=\"image\/webp\" srcset=\"https:\/\/cdn.mos.cms.futurecdn.net\/tf8RrZuK52EMrdpV8uSW39-840-80.jpg.webp 840w, https:\/\/cdn.mos.cms.futurecdn.net\/tf8RrZuK52EMrdpV8uSW39-650-80.jpg.webp 650w, https:\/\/cdn.mos.cms.futurecdn.net\/tf8RrZuK52EMrdpV8uSW39-500-80.jpg.webp 500w, https:\/\/cdn.mos.cms.futurecdn.net\/tf8RrZuK52EMrdpV8uSW39-450-80.jpg.webp 450w, https:\/\/cdn.mos.cms.futurecdn.net\/tf8RrZuK52EMrdpV8uSW39-320-80.jpg.webp 320w\" sizes=\"(min-width: 900px) 925px, (min-width: 700px) 450px, calc(100vw - 48px)\" \/><\/div>\n<p><span class=\"custom-subheading-styles\">Racing<\/span><span class=\"text-base text-black font-bold mx-0 my-2.5 p-0 block custom-text-styles\">Vuelta a Espa\u00f1a: Tadej Poga\u010dar twists the knife with 50km solo raid in Andorra to win stage 4<\/span><\/div>\n<div class=\"relative recirc-feed sponsored-card min-h-[250px]\" data-recirc-id=\"article-river-stacked-ads:native-cards\" data-mrf-recirculation=\"article-river-ads\" data-nosnippet data-ad-slot-path=\"feed-sponsored-post\" data-attribute-device=\"all\">\n<div class=\"max-w-full sponsored-post--placeholder animate-pulse\">\n<div class=\"relative!\"><span class=\"text-base text-black font-bold mx-0 my-2.5 p-0 block bg-gray-100\">\u00a0<br \/>\u00a0<\/span><\/div>\n<\/div>\n<\/div>\n<div>\n<div class=\"aspect-[var(--img-listing-aspect-ratio,16\/9)] relative mb-3.5\">\n    <source type=\"image\/webp\" srcset=\"https:\/\/cdn.mos.cms.futurecdn.net\/jRFoBaVYmfkfFkPh9gyGcX-840-80.jpg.webp 840w, https:\/\/cdn.mos.cms.futurecdn.net\/jRFoBaVYmfkfFkPh9gyGcX-650-80.jpg.webp 650w, https:\/\/cdn.mos.cms.futurecdn.net\/jRFoBaVYmfkfFkPh9gyGcX-500-80.jpg.webp 500w, https:\/\/cdn.mos.cms.futurecdn.net\/jRFoBaVYmfkfFkPh9gyGcX-450-80.jpg.webp 450w, https:\/\/cdn.mos.cms.futurecdn.net\/jRFoBaVYmfkfFkPh9gyGcX-320-80.jpg.webp 320w\" sizes=\"(min-width: 900px) 925px, (min-width: 700px) 450px, calc(100vw - 48px)\" \/><\/div>\n<p><span class=\"custom-subheading-styles\">Teams &amp; Riders<\/span><span class=\"text-base text-black font-bold mx-0 my-2.5 p-0 block custom-text-styles\">&#8216;Crazy good&#8217; &#8211; UAE Team Emirates-XRG&#8217;s perfect mountain strategy puts Tadej Poga\u010dar within reach of fifth Tour de France title<\/span><\/div>\n<div class=\"relative recirc-feed sponsored-card min-h-[250px]\" data-recirc-id=\"article-river-stacked-ads:native-cards\" data-mrf-recirculation=\"article-river-ads\" data-nosnippet data-ad-slot-path=\"feed-sponsored-post\" data-attribute-device=\"all\">\n<div class=\"max-w-full sponsored-post--placeholder animate-pulse\">\n<div class=\"relative!\"><span class=\"text-base text-black font-bold mx-0 my-2.5 p-0 block bg-gray-100\">\u00a0<br \/>\u00a0<\/span><\/div>\n<\/div>\n<\/div>\n<div>\n<div class=\"aspect-[var(--img-listing-aspect-ratio,16\/9)] relative mb-3.5\">\n    <source type=\"image\/webp\" srcset=\"https:\/\/cdn.mos.cms.futurecdn.net\/ALqfnXcDJcTA6qDby2j4bR-840-80.jpg.webp 840w, https:\/\/cdn.mos.cms.futurecdn.net\/ALqfnXcDJcTA6qDby2j4bR-650-80.jpg.webp 650w, https:\/\/cdn.mos.cms.futurecdn.net\/ALqfnXcDJcTA6qDby2j4bR-500-80.jpg.webp 500w, https:\/\/cdn.mos.cms.futurecdn.net\/ALqfnXcDJcTA6qDby2j4bR-450-80.jpg.webp 450w, https:\/\/cdn.mos.cms.futurecdn.net\/ALqfnXcDJcTA6qDby2j4bR-320-80.jpg.webp 320w\" sizes=\"(min-width: 900px) 925px, (min-width: 700px) 450px, calc(100vw - 48px)\" \/><\/div>\n<p><span class=\"custom-subheading-styles\">Teams &amp; Riders<\/span><span class=\"text-base text-black font-bold mx-0 my-2.5 p-0 block custom-text-styles\">&#8216;Winning stages can help you win the Tour de France&#8217; &#8211; UAE Team Emirates justify early race dominance<\/span><\/div>\n<div class=\"relative recirc-feed sponsored-card min-h-[250px]\" data-recirc-id=\"article-river-stacked-ads:native-cards\" data-mrf-recirculation=\"article-river-ads\" data-nosnippet data-ad-slot-path=\"feed-sponsored-post\" data-attribute-device=\"all\">\n<div class=\"max-w-full sponsored-post--placeholder animate-pulse\">\n<div class=\"relative!\"><span class=\"text-base text-black font-bold mx-0 my-2.5 p-0 block bg-gray-100\">\u00a0<br \/>\u00a0<\/span><\/div>\n<\/div>\n<\/div>\n<\/div>\n<\/div>\n<\/aside>\n<aside class=\"w-full\" data-nosnippet data-mrf-recirculation=\"article-river-stacked\">\n<div data-recirc-id=\"article-river-stacked-solr:latest-category\">\n<div class=\"text-white py-4 px-3 mb-4 bg-[#333] uppercase font-bold custom-header-styles\">Latest in Teams &amp; Riders<\/div>\n<div class=\"grid grid-cols-1 gap-4 mt-4 mb-5\">\n<div>\n<div class=\"aspect-[var(--img-listing-aspect-ratio,16\/9)] relative mb-3.5\">\n    <source type=\"image\/webp\" srcset=\"https:\/\/cdn.mos.cms.futurecdn.net\/xbGKHtEC95AhWJ9jvVGWZ7-840-80.jpg.webp 840w, https:\/\/cdn.mos.cms.futurecdn.net\/xbGKHtEC95AhWJ9jvVGWZ7-650-80.jpg.webp 650w, https:\/\/cdn.mos.cms.futurecdn.net\/xbGKHtEC95AhWJ9jvVGWZ7-500-80.jpg.webp 500w, https:\/\/cdn.mos.cms.futurecdn.net\/xbGKHtEC95AhWJ9jvVGWZ7-450-80.jpg.webp 450w, https:\/\/cdn.mos.cms.futurecdn.net\/xbGKHtEC95AhWJ9jvVGWZ7-320-80.jpg.webp 320w\" sizes=\"(min-width: 900px) 925px, (min-width: 700px) 450px, calc(100vw - 48px)\" \/><\/div>\n<p><span class=\"custom-subheading-styles\">Emerging Talents<\/span><span class=\"text-base text-black font-bold mx-0 my-2.5 p-0 block custom-text-styles\">Lorenzo Finn crowned winner of the 2026 Tour de l&#8217;Avenir, underlining future star status<\/span><\/div>\n<div class=\"relative recirc-feed sponsored-card min-h-[250px]\" data-recirc-id=\"article-river-stacked-ads:native-cards\" data-mrf-recirculation=\"article-river-ads\" data-nosnippet data-ad-slot-path=\"feed-sponsored-post\" data-attribute-device=\"all\">\n<div class=\"max-w-full sponsored-post--placeholder animate-pulse\">\n<div class=\"relative!\"><span class=\"text-base text-black font-bold mx-0 my-2.5 p-0 block bg-gray-100\">\u00a0<br \/>\u00a0<\/span><\/div>\n<\/div>\n<\/div>\n<div>\n<div class=\"aspect-[var(--img-listing-aspect-ratio,16\/9)] relative mb-3.5\">\n    <source type=\"image\/webp\" srcset=\"https:\/\/cdn.mos.cms.futurecdn.net\/8kchXacdwvwXDcMiu9KiFF-840-80.jpg.webp 840w, https:\/\/cdn.mos.cms.futurecdn.net\/8kchXacdwvwXDcMiu9KiFF-650-80.jpg.webp 650w, https:\/\/cdn.mos.cms.futurecdn.net\/8kchXacdwvwXDcMiu9KiFF-500-80.jpg.webp 500w, https:\/\/cdn.mos.cms.futurecdn.net\/8kchXacdwvwXDcMiu9KiFF-450-80.jpg.webp 450w, https:\/\/cdn.mos.cms.futurecdn.net\/8kchXacdwvwXDcMiu9KiFF-320-80.jpg.webp 320w\" sizes=\"(min-width: 900px) 925px, (min-width: 700px) 450px, calc(100vw - 48px)\" \/><\/div>\n<p><span class=\"custom-subheading-styles\">Teams &amp; Riders<\/span><span class=\"text-base text-black font-bold mx-0 my-2.5 p-0 block custom-text-styles\">&#8216;There was never a sign that he was struggling&#8217; \u2013 Primo\u017e Rogli\u010d dispels doubts as he moves up to second overall at Vuelta a Espa\u00f1a on first mountain test<\/span><\/div>\n<div class=\"relative recirc-feed sponsored-card min-h-[250px]\" data-recirc-id=\"article-river-stacked-ads:native-cards\" data-mrf-recirculation=\"article-river-ads\" data-nosnippet data-ad-slot-path=\"feed-sponsored-post\" data-attribute-device=\"all\">\n<div class=\"max-w-full sponsored-post--placeholder animate-pulse\">\n<div class=\"relative!\"><span class=\"text-base text-black font-bold mx-0 my-2.5 p-0 block bg-gray-100\">\u00a0<br \/>\u00a0<\/span><\/div>\n<\/div>\n<\/div>\n<div>\n<div class=\"aspect-[var(--img-listing-aspect-ratio,16\/9)] relative mb-3.5\">\n    <source type=\"image\/webp\" srcset=\"https:\/\/cdn.mos.cms.futurecdn.net\/AuBh5riYeUQog4ERdVEoCd-840-80.jpg.webp 840w, https:\/\/cdn.mos.cms.futurecdn.net\/AuBh5riYeUQog4ERdVEoCd-650-80.jpg.webp 650w, https:\/\/cdn.mos.cms.futurecdn.net\/AuBh5riYeUQog4ERdVEoCd-500-80.jpg.webp 500w, https:\/\/cdn.mos.cms.futurecdn.net\/AuBh5riYeUQog4ERdVEoCd-450-80.jpg.webp 450w, https:\/\/cdn.mos.cms.futurecdn.net\/AuBh5riYeUQog4ERdVEoCd-320-80.jpg.webp 320w\" sizes=\"(min-width: 900px) 925px, (min-width: 700px) 450px, calc(100vw - 48px)\" \/><\/div>\n<p><span class=\"custom-subheading-styles\">Racing<\/span><span class=\"text-base text-black font-bold mx-0 my-2.5 p-0 block custom-text-styles\">Tadej Poga\u010dar just logged the biggest solo victory of his Grand Tour career \u2013 here&#8217;s how it stacks up in his gallery of lone raids<\/span><\/div>\n<div class=\"relative recirc-feed sponsored-card min-h-[250px]\" data-recirc-id=\"article-river-stacked-ads:native-cards\" data-mrf-recirculation=\"article-river-ads\" data-nosnippet data-ad-slot-path=\"feed-sponsored-post\" data-attribute-device=\"all\">\n<div class=\"max-w-full sponsored-post--placeholder animate-pulse\">\n<div class=\"relative!\"><span class=\"text-base text-black font-bold mx-0 my-2.5 p-0 block bg-gray-100\">\u00a0<br \/>\u00a0<\/span><\/div>\n<\/div>\n<\/div>\n<div>\n<div class=\"aspect-[var(--img-listing-aspect-ratio,16\/9)] relative mb-3.5\">\n    <source type=\"image\/webp\" srcset=\"https:\/\/cdn.mos.cms.futurecdn.net\/doaGkPVmHqqaXv63uaUo5K-840-80.jpg.webp 840w, https:\/\/cdn.mos.cms.futurecdn.net\/doaGkPVmHqqaXv63uaUo5K-650-80.jpg.webp 650w, https:\/\/cdn.mos.cms.futurecdn.net\/doaGkPVmHqqaXv63uaUo5K-500-80.jpg.webp 500w, https:\/\/cdn.mos.cms.futurecdn.net\/doaGkPVmHqqaXv63uaUo5K-450-80.jpg.webp 450w, https:\/\/cdn.mos.cms.futurecdn.net\/doaGkPVmHqqaXv63uaUo5K-320-80.jpg.webp 320w\" sizes=\"(min-width: 900px) 925px, (min-width: 700px) 450px, calc(100vw - 48px)\" \/><\/div>\n<p><span class=\"custom-subheading-styles\">Racing<\/span><span class=\"text-base text-black font-bold mx-0 my-2.5 p-0 block custom-text-styles\">Cian Uijtdebroeks abandons the Vuelta a Espa\u00f1a following tearful last-place finish on stage 4<\/span><\/div>\n<div class=\"relative recirc-feed sponsored-card min-h-[250px]\" data-recirc-id=\"article-river-stacked-ads:native-cards\" data-mrf-recirculation=\"article-river-ads\" data-nosnippet data-ad-slot-path=\"feed-sponsored-post\" data-attribute-device=\"all\">\n<div class=\"max-w-full sponsored-post--placeholder animate-pulse\">\n<div class=\"relative!\"><span class=\"text-base text-black font-bold mx-0 my-2.5 p-0 block bg-gray-100\">\u00a0<br \/>\u00a0<\/span><\/div>\n<\/div>\n<\/div>\n<div>\n<div class=\"aspect-[var(--img-listing-aspect-ratio,16\/9)] relative mb-3.5\">\n    <source type=\"image\/webp\" srcset=\"https:\/\/cdn.mos.cms.futurecdn.net\/JLYbQXUaN585xQmKbegacC-840-80.jpg.webp 840w, https:\/\/cdn.mos.cms.futurecdn.net\/JLYbQXUaN585xQmKbegacC-650-80.jpg.webp 650w, https:\/\/cdn.mos.cms.futurecdn.net\/JLYbQXUaN585xQmKbegacC-500-80.jpg.webp 500w, https:\/\/cdn.mos.cms.futurecdn.net\/JLYbQXUaN585xQmKbegacC-450-80.jpg.webp 450w, https:\/\/cdn.mos.cms.futurecdn.net\/JLYbQXUaN585xQmKbegacC-320-80.jpg.webp 320w\" sizes=\"(min-width: 900px) 925px, (min-width: 700px) 450px, calc(100vw - 48px)\" \/><\/div>\n<p><span class=\"custom-subheading-styles\">Teams &amp; Riders<\/span><span class=\"text-base text-black font-bold mx-0 my-2.5 p-0 block custom-text-styles\">&#8216;Tadej has made a big statement&#8217; &#8211; UAE Team Emirates-XRG cautiously delighted with Poga\u010dar&#8217;s knock-out Vuelta a Espa\u00f1a stage win<\/span><\/div>\n<div class=\"relative recirc-feed sponsored-card min-h-[250px]\" data-recirc-id=\"article-river-stacked-ads:native-cards\" data-mrf-recirculation=\"article-river-ads\" data-nosnippet data-ad-slot-path=\"feed-sponsored-post\" data-attribute-device=\"all\">\n<div class=\"max-w-full sponsored-post--placeholder animate-pulse\">\n<div class=\"relative!\"><span class=\"text-base text-black font-bold mx-0 my-2.5 p-0 block bg-gray-100\">\u00a0<br \/>\u00a0<\/span><\/div>\n<\/div>\n<\/div>\n<div>\n<div class=\"aspect-[var(--img-listing-aspect-ratio,16\/9)] relative mb-3.5\">\n    <source type=\"image\/webp\" srcset=\"https:\/\/cdn.mos.cms.futurecdn.net\/mTCv9V3z6mz9pLLTqshU2V-840-80.jpg.webp 840w, https:\/\/cdn.mos.cms.futurecdn.net\/mTCv9V3z6mz9pLLTqshU2V-650-80.jpg.webp 650w, https:\/\/cdn.mos.cms.futurecdn.net\/mTCv9V3z6mz9pLLTqshU2V-500-80.jpg.webp 500w, https:\/\/cdn.mos.cms.futurecdn.net\/mTCv9V3z6mz9pLLTqshU2V-450-80.jpg.webp 450w, https:\/\/cdn.mos.cms.futurecdn.net\/mTCv9V3z6mz9pLLTqshU2V-320-80.jpg.webp 320w\" sizes=\"(min-width: 900px) 925px, (min-width: 700px) 450px, calc(100vw - 48px)\" \/><\/div>\n<p><span class=\"custom-subheading-styles\">Teams &amp; Riders<\/span><span class=\"text-base text-black font-bold mx-0 my-2.5 p-0 block custom-text-styles\">&#8216;I&#8217;m not thinking about who is the best&#8217; &#8211; Vuelta a Espa\u00f1a dominator Tadej Poga\u010dar sidesteps debate over place in cycling history<\/span><\/div>\n<div class=\"relative recirc-feed sponsored-card min-h-[250px]\" data-recirc-id=\"article-river-stacked-ads:native-cards\" data-mrf-recirculation=\"article-river-ads\" data-nosnippet data-ad-slot-path=\"feed-sponsored-post\" data-attribute-device=\"all\">\n<div class=\"max-w-full sponsored-post--placeholder animate-pulse\">\n<div class=\"relative!\"><span class=\"text-base text-black font-bold mx-0 my-2.5 p-0 block bg-gray-100\">\u00a0<br \/>\u00a0<\/span><\/div>\n<\/div>\n<\/div>\n<\/div>\n<\/div>\n<\/aside>\n<aside class=\"w-full\" data-nosnippet data-mrf-recirculation=\"article-river-stacked\">\n<div data-recirc-id=\"article-river-stacked-solr:latest-articletype\">\n<div class=\"text-white py-4 px-3 mb-4 bg-[#333] uppercase font-bold custom-header-styles\">Latest in News<\/div>\n<div class=\"grid grid-cols-1 gap-4 mt-4 mb-5\">\n<div>\n<div class=\"aspect-[var(--img-listing-aspect-ratio,16\/9)] relative mb-3.5\">\n    <source type=\"image\/webp\" srcset=\"https:\/\/cdn.mos.cms.futurecdn.net\/xbGKHtEC95AhWJ9jvVGWZ7-840-80.jpg.webp 840w, https:\/\/cdn.mos.cms.futurecdn.net\/xbGKHtEC95AhWJ9jvVGWZ7-650-80.jpg.webp 650w, https:\/\/cdn.mos.cms.futurecdn.net\/xbGKHtEC95AhWJ9jvVGWZ7-500-80.jpg.webp 500w, https:\/\/cdn.mos.cms.futurecdn.net\/xbGKHtEC95AhWJ9jvVGWZ7-450-80.jpg.webp 450w, https:\/\/cdn.mos.cms.futurecdn.net\/xbGKHtEC95AhWJ9jvVGWZ7-320-80.jpg.webp 320w\" sizes=\"(min-width: 900px) 925px, (min-width: 700px) 450px, calc(100vw - 48px)\" \/><\/div>\n<p><span class=\"custom-subheading-styles\">Emerging Talents<\/span><span class=\"text-base text-black font-bold mx-0 my-2.5 p-0 block custom-text-styles\">Lorenzo Finn crowned winner of the 2026 Tour de l&#8217;Avenir, underlining future star status<\/span><\/div>\n<div class=\"relative recirc-feed sponsored-card min-h-[250px]\" data-recirc-id=\"article-river-stacked-ads:native-cards\" data-mrf-recirculation=\"article-river-ads\" data-nosnippet data-ad-slot-path=\"feed-sponsored-post\" data-attribute-device=\"all\">\n<div class=\"max-w-full sponsored-post--placeholder animate-pulse\">\n<div class=\"relative!\"><span class=\"text-base text-black font-bold mx-0 my-2.5 p-0 block bg-gray-100\">\u00a0<br \/>\u00a0<\/span><\/div>\n<\/div>\n<\/div>\n<div>\n<div class=\"aspect-[var(--img-listing-aspect-ratio,16\/9)] relative mb-3.5\">\n    <source type=\"image\/webp\" srcset=\"https:\/\/cdn.mos.cms.futurecdn.net\/8kchXacdwvwXDcMiu9KiFF-840-80.jpg.webp 840w, https:\/\/cdn.mos.cms.futurecdn.net\/8kchXacdwvwXDcMiu9KiFF-650-80.jpg.webp 650w, https:\/\/cdn.mos.cms.futurecdn.net\/8kchXacdwvwXDcMiu9KiFF-500-80.jpg.webp 500w, https:\/\/cdn.mos.cms.futurecdn.net\/8kchXacdwvwXDcMiu9KiFF-450-80.jpg.webp 450w, https:\/\/cdn.mos.cms.futurecdn.net\/8kchXacdwvwXDcMiu9KiFF-320-80.jpg.webp 320w\" sizes=\"(min-width: 900px) 925px, (min-width: 700px) 450px, calc(100vw - 48px)\" \/><\/div>\n<p><span class=\"custom-subheading-styles\">Teams &amp; Riders<\/span><span class=\"text-base text-black font-bold mx-0 my-2.5 p-0 block custom-text-styles\">&#8216;There was never a sign that he was struggling&#8217; \u2013 Primo\u017e Rogli\u010d dispels doubts as he moves up to second overall at Vuelta a Espa\u00f1a on first mountain test<\/span><\/div>\n<div class=\"relative recirc-feed sponsored-card min-h-[250px]\" data-recirc-id=\"article-river-stacked-ads:native-cards\" data-mrf-recirculation=\"article-river-ads\" data-nosnippet data-ad-slot-path=\"feed-sponsored-post\" data-attribute-device=\"all\">\n<div class=\"max-w-full sponsored-post--placeholder animate-pulse\">\n<div class=\"relative!\"><span class=\"text-base text-black font-bold mx-0 my-2.5 p-0 block bg-gray-100\">\u00a0<br \/>\u00a0<\/span><\/div>\n<\/div>\n<\/div>\n<div>\n<div class=\"aspect-[var(--img-listing-aspect-ratio,16\/9)] relative mb-3.5\">\n    <source type=\"image\/webp\" srcset=\"https:\/\/cdn.mos.cms.futurecdn.net\/7w5CtjPbwhVcEZdPJREYLZ-840-80.jpg.webp 840w, https:\/\/cdn.mos.cms.futurecdn.net\/7w5CtjPbwhVcEZdPJREYLZ-650-80.jpg.webp 650w, https:\/\/cdn.mos.cms.futurecdn.net\/7w5CtjPbwhVcEZdPJREYLZ-500-80.jpg.webp 500w, https:\/\/cdn.mos.cms.futurecdn.net\/7w5CtjPbwhVcEZdPJREYLZ-450-80.jpg.webp 450w, https:\/\/cdn.mos.cms.futurecdn.net\/7w5CtjPbwhVcEZdPJREYLZ-320-80.jpg.webp 320w\" sizes=\"(min-width: 900px) 925px, (min-width: 700px) 450px, calc(100vw - 48px)\" \/><\/div>\n<p><span class=\"custom-subheading-styles\">Streaming<\/span><span class=\"text-base text-black font-bold mx-0 my-2.5 p-0 block custom-text-styles\">How to watch UCI Mountain Bike World Championships 2026 \u2013 Live streams and official broadcasters<\/span><\/div>\n<div class=\"relative recirc-feed sponsored-card min-h-[250px]\" data-recirc-id=\"article-river-stacked-ads:native-cards\" data-mrf-recirculation=\"article-river-ads\" data-nosnippet data-ad-slot-path=\"feed-sponsored-post\" data-attribute-device=\"all\">\n<div class=\"max-w-full sponsored-post--placeholder animate-pulse\">\n<div class=\"relative!\"><span class=\"text-base text-black font-bold mx-0 my-2.5 p-0 block bg-gray-100\">\u00a0<br \/>\u00a0<\/span><\/div>\n<\/div>\n<\/div>\n<div>\n<div class=\"aspect-[var(--img-listing-aspect-ratio,16\/9)] relative mb-3.5\">\n    <source type=\"image\/webp\" srcset=\"https:\/\/cdn.mos.cms.futurecdn.net\/doaGkPVmHqqaXv63uaUo5K-840-80.jpg.webp 840w, https:\/\/cdn.mos.cms.futurecdn.net\/doaGkPVmHqqaXv63uaUo5K-650-80.jpg.webp 650w, https:\/\/cdn.mos.cms.futurecdn.net\/doaGkPVmHqqaXv63uaUo5K-500-80.jpg.webp 500w, https:\/\/cdn.mos.cms.futurecdn.net\/doaGkPVmHqqaXv63uaUo5K-450-80.jpg.webp 450w, https:\/\/cdn.mos.cms.futurecdn.net\/doaGkPVmHqqaXv63uaUo5K-320-80.jpg.webp 320w\" sizes=\"(min-width: 900px) 925px, (min-width: 700px) 450px, calc(100vw - 48px)\" \/><\/div>\n<p><span class=\"custom-subheading-styles\">Racing<\/span><span class=\"text-base text-black font-bold mx-0 my-2.5 p-0 block custom-text-styles\">Cian Uijtdebroeks abandons the Vuelta a Espa\u00f1a following tearful last-place finish on stage 4<\/span><\/div>\n<div class=\"relative recirc-feed sponsored-card min-h-[250px]\" data-recirc-id=\"article-river-stacked-ads:native-cards\" data-mrf-recirculation=\"article-river-ads\" data-nosnippet data-ad-slot-path=\"feed-sponsored-post\" data-attribute-device=\"all\">\n<div class=\"max-w-full sponsored-post--placeholder animate-pulse\">\n<div class=\"relative!\"><span class=\"text-base text-black font-bold mx-0 my-2.5 p-0 block bg-gray-100\">\u00a0<br \/>\u00a0<\/span><\/div>\n<\/div>\n<\/div>\n<div>\n<div class=\"aspect-[var(--img-listing-aspect-ratio,16\/9)] relative mb-3.5\">\n    <source type=\"image\/webp\" srcset=\"https:\/\/cdn.mos.cms.futurecdn.net\/JLYbQXUaN585xQmKbegacC-840-80.jpg.webp 840w, https:\/\/cdn.mos.cms.futurecdn.net\/JLYbQXUaN585xQmKbegacC-650-80.jpg.webp 650w, https:\/\/cdn.mos.cms.futurecdn.net\/JLYbQXUaN585xQmKbegacC-500-80.jpg.webp 500w, https:\/\/cdn.mos.cms.futurecdn.net\/JLYbQXUaN585xQmKbegacC-450-80.jpg.webp 450w, https:\/\/cdn.mos.cms.futurecdn.net\/JLYbQXUaN585xQmKbegacC-320-80.jpg.webp 320w\" sizes=\"(min-width: 900px) 925px, (min-width: 700px) 450px, calc(100vw - 48px)\" \/><\/div>\n<p><span class=\"custom-subheading-styles\">Teams &amp; Riders<\/span><span class=\"text-base text-black font-bold mx-0 my-2.5 p-0 block custom-text-styles\">&#8216;Tadej has made a big statement&#8217; &#8211; UAE Team Emirates-XRG cautiously delighted with Poga\u010dar&#8217;s knock-out Vuelta a Espa\u00f1a stage win<\/span><\/div>\n<div class=\"relative recirc-feed sponsored-card min-h-[250px]\" data-recirc-id=\"article-river-stacked-ads:native-cards\" data-mrf-recirculation=\"article-river-ads\" data-nosnippet data-ad-slot-path=\"feed-sponsored-post\" data-attribute-device=\"all\">\n<div class=\"max-w-full sponsored-post--placeholder animate-pulse\">\n<div class=\"relative!\"><span class=\"text-base text-black font-bold mx-0 my-2.5 p-0 block bg-gray-100\">\u00a0<br \/>\u00a0<\/span><\/div>\n<\/div>\n<\/div>\n<div>\n<div class=\"aspect-[var(--img-listing-aspect-ratio,16\/9)] relative mb-3.5\">\n    <source type=\"image\/webp\" srcset=\"https:\/\/cdn.mos.cms.futurecdn.net\/mTCv9V3z6mz9pLLTqshU2V-840-80.jpg.webp 840w, https:\/\/cdn.mos.cms.futurecdn.net\/mTCv9V3z6mz9pLLTqshU2V-650-80.jpg.webp 650w, https:\/\/cdn.mos.cms.futurecdn.net\/mTCv9V3z6mz9pLLTqshU2V-500-80.jpg.webp 500w, https:\/\/cdn.mos.cms.futurecdn.net\/mTCv9V3z6mz9pLLTqshU2V-450-80.jpg.webp 450w, https:\/\/cdn.mos.cms.futurecdn.net\/mTCv9V3z6mz9pLLTqshU2V-320-80.jpg.webp 320w\" sizes=\"(min-width: 900px) 925px, (min-width: 700px) 450px, calc(100vw - 48px)\" \/><\/div>\n<p><span class=\"custom-subheading-styles\">Teams &amp; Riders<\/span><span class=\"text-base text-black font-bold mx-0 my-2.5 p-0 block custom-text-styles\">&#8216;I&#8217;m not thinking about who is the best&#8217; &#8211; Vuelta a Espa\u00f1a dominator Tadej Poga\u010dar sidesteps debate over place in cycling history<\/span><\/div>\n<div class=\"relative recirc-feed sponsored-card min-h-[250px]\" data-recirc-id=\"article-river-stacked-ads:native-cards\" data-mrf-recirculation=\"article-river-ads\" data-nosnippet data-ad-slot-path=\"feed-sponsored-post\" data-attribute-device=\"all\">\n<div class=\"max-w-full sponsored-post--placeholder animate-pulse\">\n<div class=\"relative!\"><span class=\"text-base text-black font-bold mx-0 my-2.5 p-0 block bg-gray-100\">\u00a0<br \/>\u00a0<\/span><\/div>\n<\/div>\n<\/div>\n<\/div>\n<\/div>\n<\/aside>\n<\/section>\n<\/div>\n<\/div>\n<\/div>\n<div id=\"widgetArea17\" class=\"widget-area md:basis-1\/3 widget-area-g-md-vp-1-3 widget-area-g-lg-vp-1-3 widget-area-g-xl-vp-1-3 page-widget-area-17\">\n<div data-widget-type=\"dynamic\" id=\"popular-data\" class=\"clear-both widget widget-dynamic widget-popular-data widget-dynamic-popular-data widget-dynamic-fter-popular-box\">\n<div class=\"wdn-fte-pb pos-relative space-t20\n\"><\/p>\n<div class=\"slice-container popular-box-slice\">\n<section class=\"popular-box\" data-component-name=\"Slice:PopularBox\">\n<div class=\"popular-box__label\">\n<div class=\"popular-box__label__tab popular-box__label__tab--active\" role=\"heading\">\nLATEST ARTICLES\n<\/div>\n<\/div>\n<ol class=\"popular-box__articles-list popular-box__articles-list--active\">\n<li class=\"popular-box__article-list\">\n<div class=\"popular-box__article-list__container\">\n<div class=\"popular-box__article-list__image-wrapper\">\n<div>\n<source type=\"image\/webp\" srcset=\"https:\/\/cdn.mos.cms.futurecdn.net\/xbGKHtEC95AhWJ9jvVGWZ7-1280-80.jpg.webp 1280w, https:\/\/cdn.mos.cms.futurecdn.net\/xbGKHtEC95AhWJ9jvVGWZ7-720-80.jpg.webp 720w, https:\/\/cdn.mos.cms.futurecdn.net\/xbGKHtEC95AhWJ9jvVGWZ7-640-80.jpg.webp 640w, https:\/\/cdn.mos.cms.futurecdn.net\/xbGKHtEC95AhWJ9jvVGWZ7-320-80.jpg.webp 320w\" sizes=\"99vw\" \/><\/div>\n<\/div>\n<div class=\"popular-box__article-list__content\">\n<div class=\"popular-box__article-list__number-text\">1<\/div>\n<div class=\"popular-box__article-list__heading\">\n<p>Lorenzo Finn crowned winner of the 2026 Tour de l&#8217;Avenir, underlining future star status<\/p>\n<\/div>\n<\/div>\n<\/div>\n<\/li>\n<li class=\"popular-box__article-list\">\n<div class=\"popular-box__article-list__container\">\n<div class=\"popular-box__article-list__content\">\n<div class=\"popular-box__article-list__number-text\">2<\/div>\n<div class=\"popular-box__article-list__heading\">\n<p>How to watch UCI Mountain Bike World Championships 2026 \u2013 Live streams and official broadcasters<\/p>\n<\/div>\n<\/div>\n<\/div>\n<\/li>\n<li class=\"popular-box__article-list\">\n<div class=\"popular-box__article-list__container\">\n<div class=\"popular-box__article-list__content\">\n<div class=\"popular-box__article-list__number-text\">3<\/div>\n<div class=\"popular-box__article-list__heading\">\n<p>&#8216;There was never a sign that he was struggling&#8217; \u2013 Primo\u017e Rogli\u010d dispels doubts as he moves up to second overall at Vuelta a Espa\u00f1a on first mountain test<\/p>\n<\/div>\n<\/div>\n<\/div>\n<\/li>\n<li class=\"popular-box__article-list\">\n<div class=\"popular-box__article-list__container\">\n<div class=\"popular-box__article-list__content\">\n<div class=\"popular-box__article-list__number-text\">4<\/div>\n<div class=\"popular-box__article-list__heading\">\n<p>Tadej Poga\u010dar just logged the biggest solo victory of his Grand Tour career \u2013 here&#8217;s how it stacks up in his gallery of lone raids<\/p>\n<\/div>\n<\/div>\n<\/div>\n<\/li>\n<li class=\"popular-box__article-list\">\n<div class=\"popular-box__article-list__container\">\n<div class=\"popular-box__article-list__content\">\n<div class=\"popular-box__article-list__number-text\">5<\/div>\n<div class=\"popular-box__article-list__heading\">\n<p>The new Shimano Dura-Ace still isn\u2019t wireless, but does it actually matter?<\/p>\n<\/div>\n<\/div>\n<\/div>\n<\/li>\n<\/ol>\n<\/section>\n<\/div>\n<\/div>\n<\/div>\n<\/div>\n<\/div>\n<\/article>\n<div class=\"news-article\">\n<header data-component-name=\"Article:Hero\">\n<nav class=\"breadcrumb\" aria-label=\"Breadcrumbs\">\n<ol>\n<li>\nPro Cycling\n<\/li>\n<li>\nTeams &amp; Riders\n<\/li>\n<\/ol>\n<\/nav>\n<h1>&#8216;I don\u2019t know if people at home understood it&#8217; \u2013 Decathlon defend tactics amid &#8216;surprise&#8217; from within the peloton on first Vuelta a Espa\u00f1a mountain stage<\/h1>\n<div class=\"byline-social\">\n<div class=\"vds-byline-block flex flex-row flex-nowrap my-1.5 gap-2 text-left items-start justify-start\" data-component-name=\"Article:BylineBlock\">\n<p>News<\/p>\n<div class=\"my-auto vds-simple-byline\"><span class=\"inline-block vds-author\"><br \/>\nBy<br \/>\nPatrick Fletcher <\/span><\/p>\n<div class=\"flex gap-1 vds-byline-with-avatar__meta\"><span class=\"vds-date block font-normal tracking-normal normal-case text-xs\"><br \/>\nPublished<br \/>\n<time data-component-name=\"UI:DateTime\" datetime=\"2026-08-26T11:10:19Z\" class=\"relative-date\"><br \/>\n26 August 2026<br \/>\n<\/time><\/span><\/div>\n<\/div>\n<\/div>\n<p class=\"strapline\">Felix Gall&#8217;s team took control of stage 4 in between domination from UAE and Poga\u010dar<\/p>\n<\/div>\n<aside class=\"text-gray-700 flex items-center mx-0 my-5 p-0 justify-start text-left\" id=\"affiliate-disclaimer\" data-component-name=\"AffiliateDisclaimer\" data-hawk-message=\"Affiliate disclaimer removed because hawk deemed there are no affiliate links on this page\">\n<p class=\"text-[color:var(--affiliate-disclaimer--text-color,inherit)] mb-2 text-[length:var(--affiliate-disclaimer--font-size,0.75rem)] leading-[18px] md:text-[13px] [&amp;&gt;a]:text-inherit [&amp;&gt;a]:underline\">\nWhen you purchase through links on our site, we may earn an affiliate commission. Here\u2019s how it works.\n<\/p>\n<\/aside>\n<\/header>\n<\/div>\n<div id=\"article-body\" class=\"text-copy bodyCopy auto paywall-locker\">\n<div data-analytics-id=\"utility-bar\" id=\"utility-bar\" class=\"font-ui-heading flex justify-between items-center py-2 border-t border-b border-gray-300 border-solid mb-5 mx-auto\" data-component-name=\"UtilityBar\" data-mrf-recirculation=\"utility-bar\">\n<div class=\"flex gap-2 text-[#333] subcontainer\">\n<div class=\"relative tooltip-container\" role=\"tooltip\">\n<div data-component-name=\"Social:Dropdown\" role=\"menu\" id=\"utilitybar__dropdown--share\" aria-labelledby=\"utilitybar__button--share\" class=\"absolute left-0 top-full w-44 bg-white rounded-md shadow-md border border-neutral-200 z-[9996] list-none m-0 py-2 px-3 border-solid\">\n<ul class=\"m-0!\">\n<li class=\"!p-0 !m-0 list-none border-b border-gray-200 border-solid\">\n<li class=\"!p-0 !m-0 list-none border-b border-gray-200 border-solid\">\n<p>Facebook<\/p>\n<\/li>\n<li class=\"!p-0 !m-0 list-none border-b border-gray-200 border-solid\">\n<p>X<\/p>\n<\/li>\n<li class=\"!p-0 !m-0 list-none border-b border-gray-200 border-solid\">\n<p>Pinterest<\/p>\n<\/li>\n<li class=\"!p-0 !m-0 list-none border-b border-gray-200 border-solid\">\n<p>Email<\/p>\n<\/li>\n<\/ul>\n<\/div>\n<div class=\"font-ui-heading max-sm:hidden tooltip absolute left-1\/2 bg-gray-900 text-white text-xs leading-none px-3 py-1.5 rounded-md z-[10001] whitespace-nowrap\" id=\"tooltip-share-this-article\" role=\"tooltip\" aria-hidden=\"true\">\nShare this article\n<\/div>\n<\/div>\n<div class=\"relative tooltip-container\" role=\"tooltip\"><span class=\"ml-1 inline-flex h-5 px-2 shrink-0 items-center justify-center self-center overflow-hidden whitespace-nowrap rounded-[10px] bg-primary-500 text-[11px] leading-none font-ui-heading font-semibold text-white\">1<\/span><\/p>\n<div class=\"font-ui-heading max-sm:hidden tooltip absolute left-1\/2 bg-gray-900 text-white text-xs leading-none px-3 py-1.5 rounded-md z-[10001] whitespace-nowrap\" id=\"tooltip-join-the-conversation\" role=\"tooltip\" aria-hidden=\"true\">\nJoin the conversation\n<\/div>\n<\/div>\n<\/div>\n<div class=\"flex gap-2 text-[#333] subcontainer\">\n<div class=\"relative tooltip-container\" role=\"tooltip\">\n<p>Follow us<\/p>\n<div class=\"font-ui-heading max-sm:hidden tooltip absolute left-1\/2 bg-gray-900 text-white text-xs leading-none px-3 py-1.5 rounded-md z-[10001] whitespace-nowrap\" id=\"tooltip-add-us-as-a-preferred-source-on-google\" role=\"tooltip\" aria-hidden=\"true\">\nAdd us as a preferred source on Google\n<\/div>\n<\/div>\n<div class=\"relative tooltip-container\" role=\"tooltip\">\n<div class=\"font-ui-heading max-sm:hidden tooltip absolute left-1\/2 bg-gray-900 text-white text-xs leading-none px-3 py-1.5 rounded-md z-[10001] whitespace-nowrap\" id=\"tooltip-subscribe-to-our-newsletter\" role=\"tooltip\" aria-hidden=\"true\">\nSubscribe to our newsletter\n<\/div>\n<\/div>\n<\/div>\n<\/div>\n<p id=\"elk-ce3bc56a-a13b-11f1-87b2-a9708d38a34a\">Stage 4 of the Vuelta a Espa\u00f1a began with UAE Team Emirates-XRG patrolling the peloton and with their leader Tadej Poga\u010dar winning by a country mile, but this was not a tale of total domination. In between, it was another team, Decathlon CMA CGM, who took control of proceedings, which has triggered something of a tactical debate.<\/p>\n<p>The French team took charge towards the top of the opening climb of the Port d\u2019Envalira with 85km to go and continued their efforts onto the Collada de Beixalis, where Poga\u010dar turned the tables with an attack that turned into a stage-winning and potentially race-ending solo victory.<\/p>\n<p id=\"elk-ce3bc56a-a13b-11f1-87b2-a9708d38a34a-2\" aria-hidden=\"true\" class=\"kiosq-b\">Decathlon\u2019s leader, Felix Gall, attempted to follow Poga\u010dar at first but had to relent before trying to drop his other rivals on the Coll d\u2019Ordino, but the Austrian had to settle for coming home in a six-man group behind Poga\u010dar.<\/p>\n<div class=\"my-6 w-full overflow-hidden rounded-[10px] lg:my-8\" data-component-name=\"JwPlayer:Carousel\" data-jwp-carousel data-jwp-carousel-payload=\"{&quot;ids&quot;:{&quot;playerID&quot;:&quot;jYDCcabO&quot;,&quot;searchPlaylistID&quot;:&quot;gwjdoYHD&quot;,&quot;divID&quot;:&quot;botr_gwjdoYHD_jYDCcabO_div&quot;,&quot;fallbackPlaylistID&quot;:&quot;gwjdoYHD&quot;,&quot;fallbackDivID&quot;:&quot;botr_gwjdoYHD_jYDCcabO_div&quot;,&quot;key&quot;:&quot;X9\/mXVGac0NphghLH9hZaqWA5d3dhAM\/Ih07grnEyMLjuO2E&quot;,&quot;tintLogo&quot;:true,&quot;useSearchPlaylist&quot;:false,&quot;enabled&quot;:true},&quot;signPostingEnabled&quot;:true,&quot;signPostingLinkEnabled&quot;:true,&quot;waitForAdLoad&quot;:false,&quot;hidePlayerOnDesktop&quot;:false,&quot;hidePlayerOnMobile&quot;:false,&quot;hidePlayerOnTablet&quot;:false}\">\n<div class=\"flex flex-nowrap items-center justify-between gap-3 bg-zinc-900 px-[14px] py-3\" data-jwp-carousel-header>\n<div class=\"flex min-w-0 shrink items-center\"><span class=\"inline-flex items-center gap-1.5 text-sm font-article-heading capitalize leading-5 text-white whitespace-nowrap\"><span class=\"jwp-carousel-title-desktop\">Latest Videos From<\/span><span class=\"jwp-carousel-brand\">Cyclingnews<\/span><\/span><\/div>\n<\/div>\n<div class=\"min-h-[44px] bg-zinc-900 px-[14px] py-3\" data-jwp-carousel-signposting><a class=\"invisible block truncate text-sm font-bold leading-5 text-white underline decoration-solid underline-offset-2\" data-jwp-carousel-signposting-link href target=\"_blank\" rel=\"noopener noreferrer\"><span data-jwp-carousel-signposting-title>Watch full video here: <\/span><\/a><\/div>\n<\/div>\n<p aria-hidden=\"true\" class=\"kiosq-b\">Question marks were raised at the finish line by Iv\u00e1n Romeo, the Movistar teammate of Enric Mas, who finished alongside Gall.<\/p>\n<p aria-hidden=\"true\" class=\"kiosq-b\">&#8220;They made the race for them a bit,&#8221; Romeo told <em>Eurosport Espa\u00f1a<\/em>, indicating that Decathlon\u2019s efforts had only served to do UAE\u2019s hard yards for them.<\/p>\n<aside data-component-name=\"Recirculation:ArticleRiver\" data-recirculation-type=\"inline\" data-mrf-recirculation=\"Trending Bar\" data-nosnippet class=\"clear-both pt-2 pb-0 mb-4\"><span class=\"\n            flex\n            after:content-[&apos;&apos;] after:flex-1 after:ml-4 after:my-[0.7rem] after:border-t after:border-solid after:border-t-[#ccc]\n            before:content-[&apos;&apos;] before:flex-1 before:mr-4 before:my-[0.7rem] before:border-t before:border-solid before:border-t-[#ccc]\n            font-article-heading pb-0 text-[length:var(--article-river-title--font-size,1em)] uppercase sm:text-[length:var(--article-river-title--font-size,0.875em)] font-bold\n        \"><br \/>\n            You may like<br \/>\n        <\/span><\/p>\n<ul class=\"flex flex-col gap-0 m-0 max-w-full\">\n<li class=\"m-0 list-none border-b border-solid border-[#ededed] py-2\" data-recirculation-id=\"recirculation-card-1\" id=\"recirculation-inline-1\" data-analytics-id=\"recirculation-inline-1\" data-mrf-recirculation=\"recirculation-inline-1\">\n    <source type=\"image\/webp\" srcset=\"https:\/\/cdn.mos.cms.futurecdn.net\/JLYbQXUaN585xQmKbegacC-250-80.jpg.webp 250w, https:\/\/cdn.mos.cms.futurecdn.net\/JLYbQXUaN585xQmKbegacC-150-80.jpg.webp 150w\" sizes=\"150px\" \/><span class=\"w-full text-base font-[var(--article-river-item--font-weight,500)] font-article-heading line-clamp-3 md:line-clamp-2\">&#8216;Tadej has made a big statement&#8217; &#8211; UAE Team Emirates-XRG cautiously delighted with Poga\u010dar&#8217;s knock-out Vuelta a Espa\u00f1a stage win<\/span><\/li>\n<li class=\"m-0 list-none border-b border-solid border-[#ededed] py-2\" data-recirculation-id=\"recirculation-card-2\" id=\"recirculation-inline-2\" data-analytics-id=\"recirculation-inline-2\" data-mrf-recirculation=\"recirculation-inline-2\">\n    <source type=\"image\/webp\" srcset=\"https:\/\/cdn.mos.cms.futurecdn.net\/YVSDLQ998L3NFPL5yeFtmE-250-80.jpg.webp 250w, https:\/\/cdn.mos.cms.futurecdn.net\/YVSDLQ998L3NFPL5yeFtmE-150-80.jpg.webp 150w\" sizes=\"150px\" \/><span class=\"w-full text-base font-[var(--article-river-item--font-weight,500)] font-article-heading line-clamp-3 md:line-clamp-2\">&#8216;We have to question the common sense of that&#8217; \u2013 Tadej Poga\u010dar and UAE&#8217;s breakaway-killing tactics criticised in French TV debate<\/span><\/li>\n<li class=\"m-0 list-none border-b border-solid border-[#ccc] py-2\" data-recirculation-id=\"recirculation-card-3\" id=\"recirculation-inline-3\" data-analytics-id=\"recirculation-inline-3\" data-mrf-recirculation=\"recirculation-inline-3\">\n    <source type=\"image\/webp\" srcset=\"https:\/\/cdn.mos.cms.futurecdn.net\/tBYDkUc98XiwczqrNNyMy5-250-80.jpg.webp 250w, https:\/\/cdn.mos.cms.futurecdn.net\/tBYDkUc98XiwczqrNNyMy5-150-80.jpg.webp 150w\" sizes=\"150px\" \/><span class=\"w-full text-base font-[var(--article-river-item--font-weight,500)] font-article-heading line-clamp-3 md:line-clamp-2\">&#8216;We wanted to calm things down&#8217; &#8211; UAE team management justify the decision to keep Tour de France stage 9 break on ultra-tight leash<\/span><\/li>\n<\/ul>\n<\/aside>\n<p aria-hidden=\"true\" class=\"kiosq-b\">&#8220;I don\u2019t know if people at home understood it \u2013 some of us didn\u2019t either, but there you go. Everyone has their own tactics, and that\u2019s how it is.<\/p>\n<p aria-hidden=\"true\" class=\"kiosq-b\">&#8220;It\u2019s not a bad criticism or anything,&#8221; Romeo added. \u201cSimply that it\u2019s a bit surprising, when there is such a superior team. I think it surprised us all. We were all commenting on it in the group. But hey, it\u2019s their race.&#8221;<\/p>\n<div id=\"slice-container-newsletterForm-articleInbodyContent-kkuVE9dYsyCVmVZW6pUche\" class=\"slice-container newsletter-inbodyContent-slice newsletterForm-articleInbodyContent-kkuVE9dYsyCVmVZW6pUche slice-container-newsletterForm\">\n<div data-hydrate=\"true\" class=\"newsletter-form__wrapper newsletter-form__wrapper--inbodyContent\">\n<div class=\"newsletter-form__container\">\n<section class=\"newsletter-form__top-bar\">\n<div class=\"newsletter-form__header\">Get The Leadout Newsletter<\/div>\n<\/section>\n<section class=\"newsletter-form__main-section\">\n<p class=\"newsletter-form__strapline\">The latest race content, interviews, features, reviews and expert buying guides, direct to your inbox!<\/p>\n<footer class=\"newsletter-form__footer \">By submitting your information you agree to the Terms &amp; Conditions and Privacy Policy and are aged 16 or over.<\/footer>\n<\/section>\n<\/div>\n<\/div>\n<\/div>\n<p aria-hidden=\"true\" class=\"kiosq-b\">A response came from L\u00e9o Bisiaux, Decathlon\u2019s young French talent, who dismissed the notion that the team was under any illusions of realistically believing they could challenge Poga\u010dar for the overall title.<\/p>\n<p aria-hidden=\"true\" class=\"kiosq-b\">&#8220;Not really,&#8221; he said when asked if the team was racing as if Poga\u010dar was not there. &#8220;It was to do our own race. I think he won with a decent gap. Looking for the red jersey is not the objective.<\/p>\n<p aria-hidden=\"true\" class=\"kiosq-b\">&#8220;We really wanted to make the race hard to allow Felix to create gaps,&#8221; Bisiaux added. &#8220;We knew that these aren\u2019t necessarily his favourite kind of efforts. We\u2019re looking forward to the high mountains, and then he will be able to show where he is. But today, he still showed he is very strong.&#8221;<\/p>\n<p aria-hidden=\"true\" class=\"kiosq-b\">This is not the first time that Decathlon CMA CGM\u2019s tactics have been called into question in the Grand Tours this season.<\/p>\n<p aria-hidden=\"true\" class=\"kiosq-b\">At the Giro d\u2019Italia, they took similar control in the final week as Jonas Vingegaard was in full domination mode, while on the penultimate stage of the Tour de France, Poga\u010dar himself questioned their pace-making on the Col de Sarenne.<\/p>\n<p id=\"elk-ce3bc68c-a13b-11f1-b2e3-75e9348e2b07\" aria-hidden=\"true\" class=\"kiosq-b\"><strong>For unbeatable coverage across road, gravel and tech, subscribe to Cyclingnews. You&#8217;ll get comprehensive race coverage of La Vuelta a Espa\u00f1a, subscriber-exclusive analysis from our expert columnists, in-depth features and industry-leading tech insight. Plus, the Cyclingnews app lets you follow the action wherever you go! <\/strong><u><strong>Join today.<\/strong><\/u><\/p>\n<\/div>\n<p>[analyse_source url=&#8221;https:\/\/www.cyclingnews.com\/pro-cycling\/teams-riders\/i-dont-know-if-people-at-home-understood-it-decathlon-defend-tactics-amid-surprise-from-within-the-peloton-on-first-vuelta-a-espana-mountain-stage\/&#8221;]<\/p>\n","protected":false},"excerpt":{"rendered":"<p>[analyse_image type=&#8221;featured&#8221; src=&#8221;https:\/\/cdn.mos.cms.futurecdn.net\/yPRCSBcxiu3m8799VbmRf-2000-80.jpg&#8221;] 1 As it happened: Vuelta a Espa\u00f1a stage 3 comes to a premature end 2 As it happened: Domination on stage 4 of the Vuelta a Espa\u00f1a with a long-range solo move in Andorra 3 Vuelta a Espa\u00f1a GC standings &#8211; Tadej Poga\u010dar increases overall lead after stage 4 solo victory Pro [&hellip;]<\/p>\n","protected":false},"author":1,"featured_media":0,"comment_status":"open","ping_status":"","sticky":false,"template":"","format":"standard","meta":{"footnotes":""},"categories":[2],"tags":[226,68],"class_list":["post-2112790","post","type-post","status-publish","format-standard","hentry","category-politics","tag-crawlmanager","tag-cyclingnews-com"],"_links":{"self":[{"href":"https:\/\/analyse.optim.biz\/index.php?rest_route=\/wp\/v2\/posts\/2112790","targetHints":{"allow":["GET"]}}],"collection":[{"href":"https:\/\/analyse.optim.biz\/index.php?rest_route=\/wp\/v2\/posts"}],"about":[{"href":"https:\/\/analyse.optim.biz\/index.php?rest_route=\/wp\/v2\/types\/post"}],"author":[{"embeddable":true,"href":"https:\/\/analyse.optim.biz\/index.php?rest_route=\/wp\/v2\/users\/1"}],"replies":[{"embeddable":true,"href":"https:\/\/analyse.optim.biz\/index.php?rest_route=%2Fwp%2Fv2%2Fcomments&post=2112790"}],"version-history":[{"count":0,"href":"https:\/\/analyse.optim.biz\/index.php?rest_route=\/wp\/v2\/posts\/2112790\/revisions"}],"wp:attachment":[{"href":"https:\/\/analyse.optim.biz\/index.php?rest_route=%2Fwp%2Fv2%2Fmedia&parent=2112790"}],"wp:term":[{"taxonomy":"category","embeddable":true,"href":"https:\/\/analyse.optim.biz\/index.php?rest_route=%2Fwp%2Fv2%2Fcategories&post=2112790"},{"taxonomy":"post_tag","embeddable":true,"href":"https:\/\/analyse.optim.biz\/index.php?rest_route=%2Fwp%2Fv2%2Ftags&post=2112790"}],"curies":[{"name":"wp","href":"https:\/\/api.w.org\/{rel}","templated":true}]}}