{"id":2112655,"date":"2026-08-26T12:32:14","date_gmt":"2026-08-26T09:32:14","guid":{"rendered":"https:\/\/analyse.optim.biz\/?p=2112655"},"modified":"2026-08-26T12:32:14","modified_gmt":"2026-08-26T09:32:14","slug":"buzaul-are-un-nou-magazin-lidl-deschiderea-joi-dimineata","status":"publish","type":"post","link":"https:\/\/analyse.optim.biz\/?p=2112655","title":{"rendered":"Buz\u0103ul are un nou magazin Lidl. Deschiderea, joi diminea\u021b\u0103"},"content":{"rendered":"<p>[analyse_image type=&#8221;featured&#8221; src=&#8221;https:\/\/www.buzau.net\/stiri-din-buzau\/wp-content\/uploads\/2026\/08\/lidl-anunt-pandemie.jpg&#8221;]<\/p>\n<div id=\"mvp-content-main\" class=\"left relative\">\n<p>Lidl Rom\u00e2nia deschide joi, 27 august 2026, un nou magazin \u00een municipiul Buz\u0103u. Unitatea este amplasat\u0103 pe strada Transilvaniei nr. 174-176, \u00een imediata vecin\u0103tate a platformei Romcarbon, \u0219i va fi cel de-al patrulea magazin Lidl din ora\u0219.<\/p>\n<p>Noul magazin are o suprafa\u021b\u0103 de v\u00e2nzare de peste 1.300 de metri p\u0103tra\u021bi \u0219i pune la dispozi\u021bia clien\u021bilor 112 locuri de parcare. Deschiderea este programat\u0103 pentru joi diminea\u021b\u0103, la ora 07:00.<\/p>\n<p>Investi\u021bia aduce \u0219i 24 de noi locuri de munc\u0103 \u00een municipiul Buz\u0103u. Potrivit companiei, magazinul a fost realizat conform standardelor Lidl Rom\u00e2nia privind eficien\u021ba energetic\u0103 \u0219i sustenabilitatea.<\/p>\n<p>Unitatea este dotat\u0103, printre altele, cu sisteme de iluminat LED cu senzori de prezen\u021b\u0103 \u0219i instala\u021bii de recuperare a c\u0103ldurii integrate \u00een sistemele de climatizare, tehnologii menite s\u0103 reduc\u0103 consumul de resurse.<\/p>\n<p>Construc\u021bia noului magazin a \u00eenceput \u00een 2025, pe un teren cump\u0103rat anterior de Lidl de la compania Romcarbon. Terenul are o suprafa\u021b\u0103 de aproximativ 7.400 de metri p\u0103tra\u021bi. Lucr\u0103rile principale au fost finalizate \u00een aceast\u0103 var\u0103, fiind urmate de amenajarea spa\u021biilor interioare \u0219i preg\u0103tirea magazinului pentru deschidere.<\/p>\n<p>Prin inaugurarea noii unit\u0103\u021bi de pe strada Transilvaniei, Lidl ajunge la patru magazine \u00een municipiul Buz\u0103u.<\/p>\n<p>La nivel na\u021bional, retailerul german are peste 400 de magazine \u0219i \u0219ase centre logistice, iar num\u0103rul angaja\u021bilor din Rom\u00e2nia dep\u0103\u0219e\u0219te 14.000.<\/p>\n<div class=\"heateor_sss_sharing_container heateor_sss_horizontal_sharing\" data-heateor-sss-href=\"https:\/\/www.buzau.net\/stiri-din-buzau\/buzaul-are-un-nou-magazin-lidl-deschiderea-joi-dimineata\/\">\n<div class=\"heateor_sss_sharing_title\">DISTRIBUIE ACEST ARTICOL<\/div>\n<\/div>\n<\/div>\n<p>[analyse_source url=&#8221;https:\/\/www.buzau.net\/stiri-din-buzau\/buzaul-are-un-nou-magazin-lidl-deschiderea-joi-dimineata\/&#8221;]<\/p>\n","protected":false},"excerpt":{"rendered":"<p>[analyse_image type=&#8221;featured&#8221; src=&#8221;https:\/\/www.buzau.net\/stiri-din-buzau\/wp-content\/uploads\/2026\/08\/lidl-anunt-pandemie.jpg&#8221;] Lidl Rom\u00e2nia deschide joi, 27 august 2026, un nou magazin \u00een municipiul Buz\u0103u. Unitatea este amplasat\u0103 pe strada Transilvaniei nr. 174-176, \u00een imediata vecin\u0103tate a platformei Romcarbon, \u0219i va fi cel de-al patrulea magazin Lidl din ora\u0219. Noul magazin are o suprafa\u021b\u0103 de v\u00e2nzare de peste 1.300 de metri p\u0103tra\u021bi \u0219i pune [&hellip;]<\/p>\n","protected":false},"author":1,"featured_media":0,"comment_status":"open","ping_status":"","sticky":false,"template":"","format":"standard","meta":{"footnotes":""},"categories":[2],"tags":[113,226],"class_list":["post-2112655","post","type-post","status-publish","format-standard","hentry","category-politics","tag-buzau-net","tag-crawlmanager"],"_links":{"self":[{"href":"https:\/\/analyse.optim.biz\/index.php?rest_route=\/wp\/v2\/posts\/2112655","targetHints":{"allow":["GET"]}}],"collection":[{"href":"https:\/\/analyse.optim.biz\/index.php?rest_route=\/wp\/v2\/posts"}],"about":[{"href":"https:\/\/analyse.optim.biz\/index.php?rest_route=\/wp\/v2\/types\/post"}],"author":[{"embeddable":true,"href":"https:\/\/analyse.optim.biz\/index.php?rest_route=\/wp\/v2\/users\/1"}],"replies":[{"embeddable":true,"href":"https:\/\/analyse.optim.biz\/index.php?rest_route=%2Fwp%2Fv2%2Fcomments&post=2112655"}],"version-history":[{"count":0,"href":"https:\/\/analyse.optim.biz\/index.php?rest_route=\/wp\/v2\/posts\/2112655\/revisions"}],"wp:attachment":[{"href":"https:\/\/analyse.optim.biz\/index.php?rest_route=%2Fwp%2Fv2%2Fmedia&parent=2112655"}],"wp:term":[{"taxonomy":"category","embeddable":true,"href":"https:\/\/analyse.optim.biz\/index.php?rest_route=%2Fwp%2Fv2%2Fcategories&post=2112655"},{"taxonomy":"post_tag","embeddable":true,"href":"https:\/\/analyse.optim.biz\/index.php?rest_route=%2Fwp%2Fv2%2Ftags&post=2112655"}],"curies":[{"name":"wp","href":"https:\/\/api.w.org\/{rel}","templated":true}]}}