{"id":211260,"date":"2014-02-20T23:49:06","date_gmt":"2014-02-20T20:49:06","guid":{"rendered":"https:\/\/analyse.optim.biz\/?p=211260"},"modified":"2014-02-20T23:49:06","modified_gmt":"2014-02-20T20:49:06","slug":"mariana-campeanu-presedintele-pnl-nu-mi-a-cerut-demisia-nu-ma-simt-vinovata","status":"publish","type":"post","link":"https:\/\/analyse.optim.biz\/?p=211260","title":{"rendered":"Mariana C\u00e2mpeanu: Pre\u0219edintele PNL nu mi-a cerut demisia. Nu m\u0103 simt vinovat\u0103"},"content":{"rendered":"<div class=\"entry data-app-meta data-app-meta-article\" data-embed-base-url-canonical=\"https:\/\/www.digi24.ro\/embed\/stiri\/actualitate\/politica\/mariana-campeanu-presedintele-pnl-nu-mi-a-cerut-demisia-nu-ma-simt-vinovata-203814\">\n<p data-index=\"1\"><img decoding=\"async\" src=\"https:\/\/analyse.optim.biz\/wp-content\/uploads\/2024\/09\/anbnjnc9odawjmhhc2g9zgfjogu0mtvhmwjjmzexmdizzdkxmdaxzdg1nmmymzy-thumb_.jpg\" data-skip-htmlfix=\"1\" title=\"anbnjnc9odawjmhhc2g9zgfjogu0mtvhmwjjmzexmdizzdkxmdaxzdg1nmmymzy-thumb_\"><\/p>\n<p data-index=\"2\">Ministrul Muncii a declarat c\u0103 pre\u015fedintele Traian B\u0103sescu a fost singurul care<a href=\"https:\/\/www.digi24.ro\/Stiri\/Digi24\/Actualitate\/Stiri\/Traian+Basescu+face+declaratii+de+presa+la+19+30\" target=\"_blank\" data-skip-linkfix=\"1\" rel=\"noopener\"> i-a cerut demisia<\/a>. Mariana C\u00e2mpeanu a precizat c\u0103 a avut o discu\u0163ie \u00een acest sens cu pre\u015fedintele PNL, c\u0103ruia i-a spus c\u0103 <a href=\"https:\/\/www.digi24.ro\/Stiri\/Digi24\/Actualitate\/Stiri\/Mariana+Campeanu+Pensionarea+sotului+meu+nu+a+fost+un+favor\" target=\"_blank\" data-skip-linkfix=\"1\" rel=\"noopener\">nu se simte vinovat\u0103 de nimic<\/a> &#8211; nici legal, nici profesional &#8211; \u015fi, \u00een consecin\u0163\u0103, nu consider\u0103 c\u0103 trebuie s\u0103 demisioneze. Dar c\u0103 presiunile la care este supus\u0103 \u00eei afecteaz\u0103 activitatea la minister \u015fi, \u00een aceste condi\u0163ii, nu \u015ftie dac\u0103 poate r\u0103m\u00e2ne \u00een func\u0163ie. <\/p>\n<p data-index=\"3\">\u201e<span>Am avut o discu\u0163ie cu domnul Antonescu. (&#8230;) Eu m-am dus \u015fi am spus c\u0103 sunt \u00eentr-o situa\u0163ie foarte dificil\u0103. Nu \u00eemi pot permite s\u0103 \u00eemi dau demisia pentru c\u0103 nu m\u0103 simt cu nimic vinovat\u0103, nici profesional, nici legal, nici de alt\u0103 natur\u0103. \u00cen acela\u015fi timp (&#8230;) nu mai pot face fa\u0163\u0103, nu la faptul c\u0103 sunt \u00een aten\u0163ia presei, ci faptul c\u0103 nu m\u0103 mai pot concentra \u015fi nu \u00eemi mai pot face atribu\u0163iile de serviciu. \u015ei, \u00een condi\u0163iile astea, nu \u015ftiu dac\u0103 mai pot s\u0103 r\u0103m\u00e2n,&#8221; a spus Mariana C\u00e2mpeanu la un <a href=\"http:\/\/www.romaniatv.net\" target=\"_blank\" data-skip-linkfix=\"1\" rel=\"noopener\">post de televiziune<\/a>.<\/span><\/p>\n<p data-index=\"4\">Liderul PNL<a href=\"https:\/\/www.digi24.ro\/Stiri\/Digi24\/Actualitate\/Politica\/Crin+Antonescu+i-a+recomandat+Marianei+Campeanu+sa+analizeze+var\" target=\"_blank\" data-skip-linkfix=\"1\" rel=\"noopener\"> i-a transmis ministrului c\u0103 demisia ar fi cea mai bun\u0103 solu\u0163ie<\/a>.<\/p>\n<p data-index=\"5\">\u201e<span>Eu i-am spus foarte sincer c\u0103 din punctul meu de vedere poate c\u0103 aceast\u0103 variant\u0103 ar fi cea mai bun\u0103, o conferin\u0163\u0103 de pres\u0103 \u00een care s\u0103 prezinte \u00eenc\u0103 o dat\u0103 varianta domniei sale asupra faptelor, s\u0103 spun\u0103 toate lucrurile pe care \u00een dou\u0103 r\u00e2nduri la acest minister le-a f\u0103cut \u015fi s\u0103 demisioneze,&#8221; a spus Crin Antonescu, citat de Mediafax.<\/span><\/p>\n<\/div>\n<p> Source URL: https:\/\/www.digi24.ro\/stiri\/actualitate\/politica\/mariana-campeanu-presedintele-pnl-nu-mi-a-cerut-demisia-nu-ma-simt-vinovata-203814<\/p>\n","protected":false},"excerpt":{"rendered":"<p>Ministrul Muncii a declarat c\u0103 pre\u015fedintele Traian B\u0103sescu a fost singurul care i-a cerut demisia. Mariana C\u00e2mpeanu a precizat c\u0103 a avut o discu\u0163ie \u00een acest sens cu pre\u015fedintele PNL, c\u0103ruia i-a spus c\u0103 nu se simte vinovat\u0103 de nimic &#8211; nici legal, nici profesional &#8211; \u015fi, \u00een consecin\u0163\u0103, nu consider\u0103 c\u0103 trebuie s\u0103 demisioneze. [&hellip;]<\/p>\n","protected":false},"author":1,"featured_media":211261,"comment_status":"open","ping_status":"","sticky":false,"template":"","format":"standard","meta":{"footnotes":""},"categories":[2],"tags":[11],"class_list":["post-211260","post","type-post","status-publish","format-standard","has-post-thumbnail","hentry","category-politics","tag-digi24"],"_links":{"self":[{"href":"https:\/\/analyse.optim.biz\/index.php?rest_route=\/wp\/v2\/posts\/211260","targetHints":{"allow":["GET"]}}],"collection":[{"href":"https:\/\/analyse.optim.biz\/index.php?rest_route=\/wp\/v2\/posts"}],"about":[{"href":"https:\/\/analyse.optim.biz\/index.php?rest_route=\/wp\/v2\/types\/post"}],"author":[{"embeddable":true,"href":"https:\/\/analyse.optim.biz\/index.php?rest_route=\/wp\/v2\/users\/1"}],"replies":[{"embeddable":true,"href":"https:\/\/analyse.optim.biz\/index.php?rest_route=%2Fwp%2Fv2%2Fcomments&post=211260"}],"version-history":[{"count":0,"href":"https:\/\/analyse.optim.biz\/index.php?rest_route=\/wp\/v2\/posts\/211260\/revisions"}],"wp:featuredmedia":[{"embeddable":true,"href":"https:\/\/analyse.optim.biz\/index.php?rest_route=\/wp\/v2\/media\/211261"}],"wp:attachment":[{"href":"https:\/\/analyse.optim.biz\/index.php?rest_route=%2Fwp%2Fv2%2Fmedia&parent=211260"}],"wp:term":[{"taxonomy":"category","embeddable":true,"href":"https:\/\/analyse.optim.biz\/index.php?rest_route=%2Fwp%2Fv2%2Fcategories&post=211260"},{"taxonomy":"post_tag","embeddable":true,"href":"https:\/\/analyse.optim.biz\/index.php?rest_route=%2Fwp%2Fv2%2Ftags&post=211260"}],"curies":[{"name":"wp","href":"https:\/\/api.w.org\/{rel}","templated":true}]}}