{"id":2112574,"date":"2026-08-25T21:00:00","date_gmt":"2026-08-25T18:00:00","guid":{"rendered":"https:\/\/analyse.optim.biz\/?p=2112574"},"modified":"2026-08-25T21:00:00","modified_gmt":"2026-08-25T18:00:00","slug":"l-ati-vazut-un-barbat-din-jaristea-este-disparut-de-trei-zile","status":"publish","type":"post","link":"https:\/\/analyse.optim.biz\/?p=2112574","title":{"rendered":"L-A\u021aI V\u0102ZUT? Un b\u0103rbat din Jari\u0219tea este disp\u0103rut de trei zile"},"content":{"rendered":"<p>[analyse_image type=&#8221;featured&#8221; src=&#8221;https:\/\/www.monitoruldevrancea.ro\/wp-content\/uploads\/2026\/08\/AddText_08-26-12.26.10.jpg&#8221;]<\/p>\n<div class=\"td_block_wrap tdb_single_content tdi_123 td-pb-border-top td_block_template_1 td-post-content tagdiv-type\" data-td-block-uid=\"tdi_123\">\n<div class=\"tdb-block-inner td-fix-index\">\n<p><strong>Biroul de pres\u0103 al Inspectoratului de Poli\u021bie Jude\u021bean (IPJ) Vrancea:<\/strong><\/p>\n<p>La data de 26 august a.c., poli\u021bi\u0219tii din cadrul Inspectoratului de Poli\u021bie Jude\u021bean Vrancea au fost sesiza\u021bi cu privire la faptul c\u0103 numitul URSU GEORGE, din comuna Jari\u0219tea, a plecat voluntar de la domiciliul s\u0103u, \u00een cursul zilei de 23 august a.c., \u00een jurul orei 12:00, \u0219i nu a mai revenit la domiciliu.<\/p>\n<p>Semnalmente: aproximativ 1,60 m \u00een\u0103l\u021bime, ochi c\u0103prui, fa\u021b\u0103 oval\u0103, barb\u0103 \u0219i tatuaj pe m\u00e2na st\u00e2ng\u0103, \u00een zona antebra\u021bului.<\/p>\n<p>La momentul plec\u0103rii, acesta era \u00eembr\u0103cat cu pantaloni scur\u021bi de culoare neagr\u0103, o c\u0103ma\u0219\u0103 cu m\u00e2nec\u0103 lung\u0103, de culoare gri, \u0219i purta papuci din plastic de culoare neagr\u0103. Pe cap purta o p\u0103l\u0103rie.<\/p>\n<p><em>Persoanele care pot furniza date sau informa\u021bii cu privire la acesta sunt rugate s\u0103 se adreseze celei mai apropiate unit\u0103\u021bi de poli\u021bie sau s\u0103 apeleze num\u0103rul unic pentru apeluri de urgen\u021b\u0103 112.<\/em><\/p>\n<\/div>\n<\/div>\n<p>[analyse_source url=&#8221;https:\/\/www.monitoruldevrancea.ro\/2026\/08\/26\/l-ati-vazut-un-barbat-din-jaristea-este-disparut-de-trei-zile\/&#8221;]<\/p>\n","protected":false},"excerpt":{"rendered":"<p>[analyse_image type=&#8221;featured&#8221; src=&#8221;https:\/\/www.monitoruldevrancea.ro\/wp-content\/uploads\/2026\/08\/AddText_08-26-12.26.10.jpg&#8221;] Biroul de pres\u0103 al Inspectoratului de Poli\u021bie Jude\u021bean (IPJ) Vrancea: La data de 26 august a.c., poli\u021bi\u0219tii din cadrul Inspectoratului de Poli\u021bie Jude\u021bean Vrancea au fost sesiza\u021bi cu privire la faptul c\u0103 numitul URSU GEORGE, din comuna Jari\u0219tea, a plecat voluntar de la domiciliul s\u0103u, \u00een cursul zilei de 23 august a.c., [&hellip;]<\/p>\n","protected":false},"author":1,"featured_media":0,"comment_status":"open","ping_status":"","sticky":false,"template":"","format":"standard","meta":{"footnotes":""},"categories":[89],"tags":[226,209],"class_list":["post-2112574","post","type-post","status-publish","format-standard","hentry","category-romania","tag-crawlmanager","tag-monitoruldevrancea-ro"],"_links":{"self":[{"href":"https:\/\/analyse.optim.biz\/index.php?rest_route=\/wp\/v2\/posts\/2112574","targetHints":{"allow":["GET"]}}],"collection":[{"href":"https:\/\/analyse.optim.biz\/index.php?rest_route=\/wp\/v2\/posts"}],"about":[{"href":"https:\/\/analyse.optim.biz\/index.php?rest_route=\/wp\/v2\/types\/post"}],"author":[{"embeddable":true,"href":"https:\/\/analyse.optim.biz\/index.php?rest_route=\/wp\/v2\/users\/1"}],"replies":[{"embeddable":true,"href":"https:\/\/analyse.optim.biz\/index.php?rest_route=%2Fwp%2Fv2%2Fcomments&post=2112574"}],"version-history":[{"count":0,"href":"https:\/\/analyse.optim.biz\/index.php?rest_route=\/wp\/v2\/posts\/2112574\/revisions"}],"wp:attachment":[{"href":"https:\/\/analyse.optim.biz\/index.php?rest_route=%2Fwp%2Fv2%2Fmedia&parent=2112574"}],"wp:term":[{"taxonomy":"category","embeddable":true,"href":"https:\/\/analyse.optim.biz\/index.php?rest_route=%2Fwp%2Fv2%2Fcategories&post=2112574"},{"taxonomy":"post_tag","embeddable":true,"href":"https:\/\/analyse.optim.biz\/index.php?rest_route=%2Fwp%2Fv2%2Ftags&post=2112574"}],"curies":[{"name":"wp","href":"https:\/\/api.w.org\/{rel}","templated":true}]}}