{"id":2112515,"date":"2026-08-26T12:44:32","date_gmt":"2026-08-26T09:44:32","guid":{"rendered":"https:\/\/analyse.optim.biz\/?p=2112515"},"modified":"2026-08-26T12:44:32","modified_gmt":"2026-08-26T09:44:32","slug":"gelu-voicu-continua-disputa-cu-florin-vasilica-decat-drogat-de-la-oras-mai-bine-taran-de-la-tara","status":"publish","type":"post","link":"https:\/\/analyse.optim.biz\/?p=2112515","title":{"rendered":"Gelu Voicu continu\u0103 disputa cu Florin Vasilic\u0103: \u201eDec\u00e2t drogat de la ora\u0219, mai bine \u021b\u0103ran de la \u021bar\u0103\u201d &#8211;"},"content":{"rendered":"<p>[analyse_image type=&#8221;featured&#8221; src=&#8221;https:\/\/liberinteleorman.ro\/wp-content\/uploads\/2026\/08\/gelu-voicu-florin-vasilica.png&#8221;]<\/p>\n<div class=\"entry-content single56__content single56__post_content single56__body_area\">\n<p><strong>Disputa dintre interpre\u021bii de folclor Gelu Voicu \u0219i Florin Vasilic\u0103, arti\u0219ti renumi\u021bi \u0219i fiecare cu publicul s\u0103u generos, continu\u0103 \u00een mediul online, \u00eens\u0103, \u00een ultima perioad\u0103, doar Gelu Voicu \u00eei d\u0103 replici lui Florin Vasilic\u0103, revenind cu noi post\u0103ri pe subiect.<\/strong><\/p>\n<p>\u00cen cea mai recent\u0103 interven\u021bie, adresat\u0103 cu prec\u0103dere publica\u021biei Liber \u00een Teleorman, Gelu Voicu vorbe\u0219te despre anii de \u00eenceput ai carierei sale artistice.<\/p>\n<p>De partea cealalt\u0103, Florin Vasilic\u0103 a publicat un mesaj \u00een care \u00ee\u0219i explic\u0103 pozi\u021bia fa\u021b\u0103 de conflict \u0219i ironizeaz\u0103 modul \u00een care este prezentat\u0103 disputa \u00een pres\u0103.<\/p>\n<p>\u201ePresa titreaz\u0103 <code>`scandal`<\/code> \u00eentre mine \u0219i un nimeni. Eu, dac\u0103 e s\u0103 fac scandal, fac cu oameni care conteaz\u0103. Cu 0 barat nu intru \u00een scandal. S\u0103 r\u0103spundem, zic! Sl\u0103bu\u021b, zic!\u201d, a scris Florin Vasilic\u0103.<\/p>\n<p>Acesta a lansat \u0219i o replic\u0103 la adresa trecutului profesional al lui Gelu Voicu: \u201eTata a gre\u0219it c\u00e2nd v-a luat din l\u0103utari de c\u00e2rciumi de la sate \u0219i v-a pus pe scen\u0103\u201d.<\/p>\n<p>Gelu Voicu a revenit cu replica nr. 2, \u00een timp ce Florin Vasilic\u0103 a r\u0103spuns c\u00e2torva comentarii \u0219i acuza\u021bii, f\u0103r\u0103 s\u0103 continue dialogul \u00een aceea\u0219i form\u0103 de r\u0103spuns direct.<\/p>\n<p>Gelu Voicu spune c\u0103 vor urma alte replici \u0219i informa\u021bii pe aceast\u0103 tem\u0103.<\/p>\n<p><strong>\u201eReplica num\u0103rul 2 pentru Florin Vasilic\u0103!<\/strong><\/p>\n<p>\u00cen mod special \u00een aten\u021bia publica\u021biei <a href=\"https:\/\/www.facebook.com\/hashtag\/liber%C3%AEnteleorman?__cft__%5B0%5D=AZYGjvR1eBX-Myh5P8Er32O5jWuoK1w4F3E_jMg_BnMeu931rJYrQiYVmuuooSkzA3y59bvTeP3k69AeiWwWHXEM-UVHxs9QpsnH57MLUedDHui56EMHfEhi5uHvnfc7D7drmKHSTTFUxOyrWpbkBKfjei-5QdlLw9vx1NJ2dIlKgCEhQJhB_QClwwTDTmGf-9I9Nw5ma0sFAlBakJaNMY5h&amp;__tn__=*NK-R\" target=\"_blank\" rel=\"noopener\">#Liber\u00eenTeleorman<\/a>!<\/p>\n<p>Oameni buni,\u00eenc\u0103 de la \u00eenceput vreau s\u0103 subliniez faptul c\u0103 aceste replici pentru Florin nu sunt f\u0103cute dec\u00e2t cu scopul prezent\u0103rii adev\u0103rului \u00een spa\u021biul public \u0219i nu din dorin\u021ba de a porni sau a \u00eentre\u021bine un scandal!<\/p>\n<p>Pentru mine, aceast\u0103 situa\u021bie este o adev\u0103rat\u0103 pacoste \u0219i de abia a\u0219tept s\u0103 ajung la o solu\u021bie a instan\u021bei pentru a rezolva aceste probleme,\u00eens\u0103 p\u00e2n\u0103 atunci, trebuie s\u0103 prezint realitatea \u0219i s\u0103-mi ap\u0103r bruma de imagine pe care nu mi-am f\u0103cut-o u\u0219or,precum \u0219i demnitatea pe care nu are dreptul nimeni s\u0103 o batjocoreasc\u0103 cu minciuni \u0219i scenarii bolnave!<\/p>\n<p>Deci,\u00een replica asta v\u0103 prezint dou\u0103 capturi de ecran de la comentariile post\u0103rii lui Florin,unde eu sunt blocat \u0219i nu pot combate aceste minciuni ordinare!<\/p>\n<p>Primul comentariu este al lui Costi St\u0103v\u0103rache,originar din Plosca,nepot de-al regretatului Liviu Vasilic\u0103 \u0219i care a fost angajat ca dansator la Ansamblul Burnasul. Acesta a fost angajat f\u0103r\u0103 s\u0103 \u0219tie s\u0103 joace \u0219i apoi a fost \u00eenv\u0103\u021bat s\u0103 joace de c\u0103tre dansatori, fiind pl\u0103tit din aceia\u0219i bani ai jude\u021bului \u2013 de la cultur\u0103, despre care se t\u00e2nguie Florin Vasilic\u0103!<\/p>\n<p>C\u00e2nd eu am fost adus la Ansamblul Burnasul de c\u0103tre directorul Centrului Cultural Jude\u021bean Teleorman de atunci,respectiv Romulus Toma, cu acest b\u0103iat se chinuiau dansatorii de acolo s\u0103-l \u00eenve\u021be pa\u0219ii de dans! Cum se chinuiau?<\/p>\n<p>P\u0103i, Nicoleta Tatu, dansatoare profesionist\u0103 angajat\u0103, primise rug\u0103min\u021bi de la \u0219efu'(Liviu Vasilic\u0103) s\u0103-l \u00eenve\u021be \u0219i pentru asta st\u0103tea aplecat\u0103 \u00een fa\u021ba \u201eviitorului dansator\u201d \u0219i-i lua lua picioarele cu m\u00e2inile s\u0103 i le a\u0219eze! Da, cu m\u00e2inile \u00eei muta picioru\u0219ele ca s\u0103 reu\u0219easc\u0103 s\u0103 \u00eenve\u021be!<\/p>\n<p>\u00cen acela\u0219i timp,Nicu\u0219or Iordan,care era \u00een Adev\u0103ratul Grup Teleormanul,juca al\u0103turi de dansatori dou\u0103 suite de dansuri \u0219i juca foarte bine,chiar la spectacole televizate de la Tezaur Folcloric!<\/p>\n<p>Acest Costi St\u0103v\u0103rache, din loc. Plosca, jude\u021bul Teleorman, a plecat de la ansamblu,dup\u0103 c\u00e2\u021biva ani buni de angajare \u0219i n-a reu\u0219it s\u0103 joace nici pe sfert c\u00e2t juca Nicu\u0219or Iordan,drept pentru care,\u00ee\u0219i permite s\u0103 comenteze \u00een halul \u0103sta despre Nicu\u0219or \u0219i despre mine!<\/p>\n<p>De banii \u0103ia ai jude\u021bului irosi\u021bi pe un ins lipsit de talent nu-i mai e foc lui Florin! Ce s\u0103 mai zic de contribu\u021bia lui la arta coregrafic\u0103 a Teleormanului?! A \u021binut locul ocupat \u0219i poate un dansator care rupea scena a stat acas\u0103!<\/p>\n<p>Revenind la mine,eu am ajuns la Ansamblul Burnasul \u00een anul 1999 \u0219i situa\u021bia a fost \u00een felul urm\u0103tor:<\/p>\n<p>\u2013 un prieten de familie (c\u0103ruia nu-i dau numele aici din respect) \u0219i care locuia \u00een Craiova a mers la Radio Oltenia Craiova \u0219i m-a \u00eenscris la un concurs pentru copii.M-am prezentat la preselec\u021bie \u0219i concurs,unde am debutat oficial,ob\u021bin\u00e2nd primul premiu din cariera mea.Aici am c\u00e2ntat \u00een fa\u021ba unui juriu din care f\u0103ceau parte: renumita regretata profesoar\u0103 \u0219i muzicolog Paula Dog\u0103roiu, regretatul \u0219i marele dirijor Nicu Cre\u021bu \u0219i directorul Radio Oltenia Craiova de atunci,respectiv Mircea Pospai. Doamna Paula Dog\u0103roiu m-a sf\u0103tuit s\u0103 merg la Centrul Cultural Jude\u021bean Teleorman pentru ca s\u0103 \u0219tie despre mine referen\u021bii culturali ai centrului \u0219i s\u0103 m\u0103 trimit\u0103 \u0219i la alte concursuri.<\/p>\n<p>M-am prezentat la Centrul Cultural Jude\u021bean Teleorman,care avea birourile la subsol \u00een cl\u0103direa Consiliului Jude\u021bean Teleorman \u0219i aici l-am \u00eent\u00e2lnit pe directorul Centrului Cultural Jude\u021bean Teleorman,respectiv regretatul Romulus Toma. Dumnealui m-a ascultat \u0219i apoi l-a sunat pe regretatul Liviu Vasilic\u0103,care era directorul Ansamblului Burnasul \u0219i i-a spus c\u0103 e un t\u00e2n\u0103r la el care c\u00e2nt\u0103 cu fluierul,cavalul \u0219i ocarina \u0219i pe care ar vrea s\u0103-l cunoasc\u0103! Regretatul Liviu Vasilic\u0103 i-a r\u0103spuns c\u0103 ajunge \u00een 15 minute,pentru c\u0103 era \u00een drum spre Consiliul Jude\u021bean.<\/p>\n<p>\u00cen biroul directorului Centrului Cultural Jude\u021bean Teleorman m-a ascultat \u0219i m-a \u00eentrebat dac\u0103 vreau s\u0103 colaborez cu Ansamblul Burnasul.<\/p>\n<p>A\u0219a am ajuns eu s\u0103-l cunosc pe marele artist al Teleormanului \u0219i apoi s\u0103 colaborez cu grupul Teleormanul \u0219i cu Ansamblul Burnasul,iar apoi,dup\u0103 terminarea liceului s\u0103 m\u0103 angajez la ansamblu!<\/p>\n<p>Deci,pentru mine aceste trei \u00eent\u00e2lniri vor r\u0103m\u00e2ne de suflet \u0219i nu voi uita vreodat\u0103 s\u0103 port recuno\u0219tin\u021b\u0103 acestor trei oameni de cultur\u0103,care mi-au marcat \u00eenceputurile,respectiv Paula Dog\u0103roiu,Romulus Toma \u0219i Liviu Vasilic\u0103!<\/p>\n<p>Iar dintre to\u021bi, cel mai de suflet r\u0103m\u00e2ne acel prieten de familie care m-a \u00eenscris la concursul de la Radio Craiova,chiar f\u0103r\u0103 ca tata s\u0103 \u0219tie,pentru c\u0103 tata voia s\u0103 m\u0103 fac\u0103 inginer \u00een CFR,unde el a lucrat o via\u021b\u0103 ca impegat de mi\u0219care.<\/p>\n<p>Eu am mai povestit \u00een diverse interviuri aceste momente \u0219i-mi pare tare r\u0103u pentru c\u0103 trebuie s\u0103 prezint \u00een acest context,\u00eens\u0103 pentru a ar\u0103ta celor care cred orbe\u0219te,din tic\u0103lo\u0219enie sau necunoa\u0219tere,\u00een minciunile lui Florin!<\/p>\n<p>Nu, Florine,n-am uitat de importan\u021ba pe care a avut-o tat\u0103l t\u0103u \u00een devenirea mea \u0219i sunt foarte multe situa\u021bii \u00een care aduc aminte cu recuno\u0219tin\u021b\u0103 \u0219i respect pentru memoria artistului,precum \u0219i pentru importan\u021ba dumnealui \u00een promovarea folclorului teleorm\u0103nean,at\u00e2t ca director de ansamblu \u0219i apoi al Centrului Cultural(c\u00e2nd s-au comasat institu\u021biile),precum \u0219i \u00een calitate de artist!<\/p>\n<p>De\u0219i, \u00een ceea ce m\u0103 prive\u0219te, nu a facut ceva special, ci mai degrab\u0103 \u0219i-a \u00eendeplinit misiunea de director al ansamblului jude\u021bului, pentru mine a \u00eensemnat enorm!<\/p>\n<p>Te vei lega acum de formularea de mai sus,c\u0103 a\u0219a e\u0219ti tu,da s\u0103 \u0219tii c\u0103 ansamblurile \u0219i centrele culturale au \u00een fi\u0219a posturilor \u0219i sarcina aceasta de a descoperi,de a coopta \u0219i de a promova tinerii talenta\u021bi ai jude\u021belor!<\/p>\n<p>\u0218i da,la ansamblu m-am \u0219lefuit \u0219i am crescut at\u00e2t cu activit\u0103\u021bile ansamblului,precum \u0219i cu festivalurile concurs la care am participat individual \u0219i care mi-au adus apari\u021bii la radio \u0219i la televiziune.<\/p>\n<p>Deci, m\u0103i Florine,n-am fost rup\u021bi \u00een c-r cum ne zici tu! Am provenit din familii normale,nici s\u0103race,nici bogate \u0219i nu am fost copii ai str\u0103zii!<\/p>\n<p>De parc\u0103 dac\u0103 eram s\u0103raci lipi\u021bi asta ar fi fost de b\u0103\u0219c\u0103lit!<\/p>\n<p>Florine,noi am fost copii c\u0103rora le-a pl\u0103cut folclorul,pe care,unii dintre noi,l-am iubit cu toat\u0103 fiin\u021ba,\u0219i care am venit la ansamblu fiecare cu bruma lui de talent! Da,la ansamblu ne-am \u0219lefuit \u0219i am crescut \u0219i tat\u0103l t\u0103u \u0219i-a \u00eendeplinit misiunea \u0219i sarcina de serviciu \u00eentr-un mod exemplar,dar n-am venit f\u0103r\u0103 oleac\u0103 de talent.<\/p>\n<p>Fiecare dintre noi c\u00e2ntam c\u00e2nd am venit la ansamblu,\u0219tiam oleac\u0103 de teorie,\u0219tiam s\u0103 cerem un ton \u0219i s\u0103 \u00eencepem un c\u00e2ntec \u0219i s\u0103-l termin\u0103m!<\/p>\n<p>Noi am c\u00e2ntat \u00een fa\u021ba unor comisii,unii dintre noi \u0219i in fa\u021ba juriilor de specialitate pe la festivalurile-concurs!<\/p>\n<p>C\u00e2nd m-a ascultat tat\u0103l t\u0103u,c\u00e2nt\u00e2nd cu Orchestra Burnasul,la sediul provizoriu de la fostul restaurant Victoria(actualmente Biblioteca Jude\u021bean\u0103),era la repeti\u021bii marele \u0219i regretatul dirijor Dorel Manea \u0219i care l-a felicitat pe tat\u0103l t\u0103u pentru c\u0103 m-a descoperit!<\/p>\n<p>C\u00e2nd m-am angajat am dat examen cu o comisie din care f\u0103cea parte regretatul dirijor Paraschiv Oprea,etnomuzicolog \u0219i profesor Stelu\u021ba Popa \u0219i nea\u2019 Marin Barbu!<\/p>\n<p>Noi \u0103\u0219tia, \u201erup\u021bi \u00een c-r\u201d, am c\u00e2ntat singuri \u00een fa\u021ba speciali\u0219tilor din comisii \u0219i jurii!<\/p>\n<p>Al\u0103turi de tat\u0103l t\u0103u am crescut \u0219i ne-am \u0219lefuit,nu \u201ene-a luat tat\u0103l t\u0103u de la zero\u201d!<\/p>\n<p>Dac\u0103 putea s\u0103 fac\u0103 pe cineva de la zero,ar fi \u00eenceput cu tine!<\/p>\n<p>Tu trebuie s\u0103 ne respec\u021bi pe noi cel pu\u021bin pentru faptul c\u0103 \u201enou\u0103 nu ni s-a f\u0103cut r\u0103u niciodat\u0103 de la Cola,ca s\u0103 ajungem la camera de gard\u0103\u201d! Nici chiar la 17 ani!<\/p>\n<p>Trebuie s\u0103 ne respec\u021bi pe noi pentru c\u0103 dup\u0103 noi n-a sp\u0103lat nimeni \u00een autocar dup\u0103 ce am vomitat!<\/p>\n<p>Ia s\u0103-l \u00eentrebi pe nea\u2019 F\u0103nel Nedelcu,\u0219oferul autocarului al Ansamblului,dac\u0103 a str\u00e2ns \u0219i a sp\u0103lat vreodat\u0103 mocheta autocarului dup\u0103 vreunul dintre noi, \u201e\u0103\u0219tia rup\u021bi \u00een c..r\u201d?!<\/p>\n<p>Tu n-ai c\u00e2ntat \u00een via\u021ba ta \u00een fa\u021ba vreunui specialist \u0219i nici nu vei c\u00e2nta vreodat\u0103 \u00een via\u021ba asta!<\/p>\n<p>\u00cemi trimit oamenii c\u0103 scrii \u00een post\u0103ri \u0219i \u00een comentarii c\u0103 \u201esunt un biet sobar\u201d \u0219i c\u0103 sunt un zero barat!<\/p>\n<p>Florine,eu am crescut la \u021bar\u0103,\u00een comuna Olteni,jude\u021bul Teleorman \u0219i m\u0103 m\u00e2ndresc cu faptul c\u0103 sunt \u021b\u0103ran de la \u021bar\u0103!<\/p>\n<p>Am spus-o \u00een nenum\u0103rate interviuri \u0219i nu consider c\u0103 este vreo problem\u0103!<\/p>\n<p>Dec\u00e2t drogat de la ora\u0219, mai bine \u021b\u0103ran de la \u021bar\u0103!<\/p>\n<p>\u0218i vezi c\u0103 eu,ca foarte mul\u021bi de la \u021bar\u0103,\u0219tiu s\u0103 fac multe \u0219i s\u0103 \u0219tii c\u0103 le fac bine!<\/p>\n<p>\u0218tiu s\u0103 zidesc,\u0219tiu s\u0103 tencuiesc,\u0219tiu s\u0103 t\u00e2mpl\u0103resc,\u0219tiu s\u0103 \u00eenham caii,s\u0103 dau cu pr\u0103\u0219itoarea,s\u0103 cosesc \u0219i da,am zidit \u0219i sobe,at\u00e2t de teracot\u0103,c\u00e2t \u0219i de c\u0103r\u0103mid\u0103!<\/p>\n<p>P\u0103rin\u021bii mei se \u00eenc\u0103lzesc cu o sob\u0103 \u00een dou\u0103 camere f\u0103cut\u0103 de mine pe la v\u00e2rsta de 18-19 ani!<\/p>\n<p>Nici nu \u0219tii ce bani frumo\u0219i se c\u00e2\u0219tigau din f\u0103cutul sobelor!<\/p>\n<p>C\u00e2nd tu erai dus \u00een bra\u021be la camera de gard\u0103,pentru c\u0103 \u021bi se f\u0103cea r\u0103u de la Cola,eu am f\u0103cut vreo 27-28 de sobe de teracot\u0103 \u0219i vreo 40 de c\u0103r\u0103mid\u0103 tencuit\u0103! Toate cu fumuri!<\/p>\n<p>\u0218i am mai f\u0103cut ceva, tot \u00een anii \u0103ia,am dat bacul la timp,mi-am iubit \u0219i respectat p\u0103rin\u021bii \u0219i \u00eei iubesc \u0219i-i respect \u0219i \u00een prezent!<\/p>\n<p>Florine,aici se \u00eencheie replica asta \u0219i pe s\u0103pt\u0103m\u00e2na viitoare voi veni cu o postare despre ansamblu \u0219i repertoriu,iar p\u00e2n\u0103 atunci s\u0103 \u0219tii c\u0103 Centrul Cultural Jude\u021bean,Ansamblul Burnasul \u0219i toate entit\u0103\u021bile sau brand-urile culturale din subordinea acestor institu\u021bii au fost \u0219i sunt de interes public \u0219i poate \u00eenainta oricine o cerere la instan\u021b\u0103 pentru \u00eendreptarea unor nedrept\u0103\u021bi!\u201d, a scris Gelu Voicu pe Facebook.<\/p>\n<p><a href=\"https:\/\/liberinteleorman.ro\/gelu-voicu-replica-dura-pentru-florin-vasilica-voi-merge-pana-in-panzele-albe-pentru-a-lamuri-totul\/\">Gelu Voicu, replic\u0103 dur\u0103 pentru Florin Vasilic\u0103: \u201eVoi merge p\u00e2n\u0103 \u00een p\u00e2nzele albe pentru a l\u0103muri totul\u201d<\/a><\/p>\n<figure class=\"wp-block-image size-large\"><a href=\"https:\/\/liberinteleorman.ro\/wp-content\/uploads\/2026\/08\/783948332_27501666556179926_6932787769177128483_n.jpg\"><img decoding=\"async\" loading=\"lazy\" width=\"576\" height=\"1024\" src=\"https:\/\/liberinteleorman.ro\/wp-content\/uploads\/2026\/08\/783948332_27501666556179926_6932787769177128483_n-576x1024.jpg\" alt class=\"wp-image-42997\"><\/a><\/figure>\n<\/div>\n<p>[analyse_source url=&#8221;https:\/\/liberinteleorman.ro\/gelu-voicu-continua-disputa-cu-florin-vasilica\/&#8221;]<\/p>\n","protected":false},"excerpt":{"rendered":"<p>[analyse_image type=&#8221;featured&#8221; src=&#8221;https:\/\/liberinteleorman.ro\/wp-content\/uploads\/2026\/08\/gelu-voicu-florin-vasilica.png&#8221;] Disputa dintre interpre\u021bii de folclor Gelu Voicu \u0219i Florin Vasilic\u0103, arti\u0219ti renumi\u021bi \u0219i fiecare cu publicul s\u0103u generos, continu\u0103 \u00een mediul online, \u00eens\u0103, \u00een ultima perioad\u0103, doar Gelu Voicu \u00eei d\u0103 replici lui Florin Vasilic\u0103, revenind cu noi post\u0103ri pe subiect. \u00cen cea mai recent\u0103 interven\u021bie, adresat\u0103 cu prec\u0103dere publica\u021biei Liber \u00een [&hellip;]<\/p>\n","protected":false},"author":1,"featured_media":0,"comment_status":"open","ping_status":"","sticky":false,"template":"","format":"standard","meta":{"footnotes":""},"categories":[89],"tags":[226,181],"class_list":["post-2112515","post","type-post","status-publish","format-standard","hentry","category-romania","tag-crawlmanager","tag-liberinteleorman-ro"],"_links":{"self":[{"href":"https:\/\/analyse.optim.biz\/index.php?rest_route=\/wp\/v2\/posts\/2112515","targetHints":{"allow":["GET"]}}],"collection":[{"href":"https:\/\/analyse.optim.biz\/index.php?rest_route=\/wp\/v2\/posts"}],"about":[{"href":"https:\/\/analyse.optim.biz\/index.php?rest_route=\/wp\/v2\/types\/post"}],"author":[{"embeddable":true,"href":"https:\/\/analyse.optim.biz\/index.php?rest_route=\/wp\/v2\/users\/1"}],"replies":[{"embeddable":true,"href":"https:\/\/analyse.optim.biz\/index.php?rest_route=%2Fwp%2Fv2%2Fcomments&post=2112515"}],"version-history":[{"count":0,"href":"https:\/\/analyse.optim.biz\/index.php?rest_route=\/wp\/v2\/posts\/2112515\/revisions"}],"wp:attachment":[{"href":"https:\/\/analyse.optim.biz\/index.php?rest_route=%2Fwp%2Fv2%2Fmedia&parent=2112515"}],"wp:term":[{"taxonomy":"category","embeddable":true,"href":"https:\/\/analyse.optim.biz\/index.php?rest_route=%2Fwp%2Fv2%2Fcategories&post=2112515"},{"taxonomy":"post_tag","embeddable":true,"href":"https:\/\/analyse.optim.biz\/index.php?rest_route=%2Fwp%2Fv2%2Ftags&post=2112515"}],"curies":[{"name":"wp","href":"https:\/\/api.w.org\/{rel}","templated":true}]}}