{"id":211249,"date":"2014-02-21T02:50:26","date_gmt":"2014-02-20T23:50:26","guid":{"rendered":"https:\/\/analyse.optim.biz\/?p=211249"},"modified":"2014-02-21T02:50:26","modified_gmt":"2014-02-20T23:50:26","slug":"ion-iliescu-suprins-de-cearta-dintre-carlanii-victor-ponta-si-crin-antonescu","status":"publish","type":"post","link":"https:\/\/analyse.optim.biz\/?p=211249","title":{"rendered":"Ion Iliescu, \u201esuprins\u201d de cearta dintre \u201ec\u00e2rlanii\u201d Victor Ponta \u015fi Crin Antonescu"},"content":{"rendered":"<div class=\"entry data-app-meta data-app-meta-article\" data-embed-base-url-canonical=\"https:\/\/www.digi24.ro\/embed\/stiri\/actualitate\/politica\/ion-iliescu-suprins-de-cearta-dintre-carlanii-victor-ponta-si-crin-antonescu-203822\">\n<p data-index=\"1\"><span><strong>\u00cen saga disputelor din Uniunea Social Liberal\u0103, pre\u015fedintele de onoare al PSD, Ion Iliescu, este surprins de cearta dintre \u201ecei doi c\u00e2rlani\u201d, Victor Ponta \u015fi Crin Antonescu. De\u015fi preocupat de redactarea unei c\u0103r\u0163i, social-democratul a comentat pentru <a href=\"http:\/\/www.gandul.info\/stiri\/ion-iliescu-surprins-de-cearta-carlanilor-ponta-si-antonescu-nu-mi-dau-seama-ce-s-a-intamplat-intre-ei-12121575\" data-skip-linkfix=\"1\">g\u00e2ndul.info<\/a> criza din coali\u0163ia de guvernare.<\/strong><\/span><\/p>\n<p data-index=\"2\">\u201e<em><strong>M\u0103 surprind \u00eencordarea \u015fi lipsa de comunicare ap\u0103rute \u00eentre ei. Tocmai asta apreciam &#8211; faptul c\u0103, o vreme, cei doi lideri, foarte tineri, a\u015fa c\u00e2rlani cum apreciam eu c\u0103 sunt, au colaborat foarte bine. Ce s-a petrecut nu \u015ftiu \u015fi nici\u00a0<\/strong><\/em><em><strong>nu-mi dau seama<\/strong><\/em>\u201d, a comentat Ion Iliescu.<\/p>\n<p data-index=\"3\">\u201e<em><strong>\u00cen ultima perioad\u0103 m-am ocupat mai mult cu redactarea unei c\u0103r\u0163i care urmeaz\u0103 s\u0103 apar\u0103 \u00een prim\u0103vara acestui an. Am vorbit mai pu\u0163in cu Victor Ponta<\/strong><\/em>\u201d, a \u0163inut s\u0103 precizeze pre\u015fedintele de onoare al Partidului Social Democrat.<\/p>\n<\/div>\n<p> Source URL: https:\/\/www.digi24.ro\/stiri\/actualitate\/politica\/ion-iliescu-suprins-de-cearta-dintre-carlanii-victor-ponta-si-crin-antonescu-203822<\/p>\n","protected":false},"excerpt":{"rendered":"<p>\u00cen saga disputelor din Uniunea Social Liberal\u0103, pre\u015fedintele de onoare al PSD, Ion Iliescu, este surprins de cearta dintre \u201ecei doi c\u00e2rlani\u201d, Victor Ponta \u015fi Crin Antonescu. De\u015fi preocupat de redactarea unei c\u0103r\u0163i, social-democratul a comentat pentru g\u00e2ndul.info criza din coali\u0163ia de guvernare. \u201eM\u0103 surprind \u00eencordarea \u015fi lipsa de comunicare ap\u0103rute \u00eentre ei. Tocmai asta [&hellip;]<\/p>\n","protected":false},"author":1,"featured_media":211250,"comment_status":"open","ping_status":"","sticky":false,"template":"","format":"standard","meta":{"footnotes":""},"categories":[2],"tags":[11],"class_list":["post-211249","post","type-post","status-publish","format-standard","has-post-thumbnail","hentry","category-politics","tag-digi24"],"_links":{"self":[{"href":"https:\/\/analyse.optim.biz\/index.php?rest_route=\/wp\/v2\/posts\/211249","targetHints":{"allow":["GET"]}}],"collection":[{"href":"https:\/\/analyse.optim.biz\/index.php?rest_route=\/wp\/v2\/posts"}],"about":[{"href":"https:\/\/analyse.optim.biz\/index.php?rest_route=\/wp\/v2\/types\/post"}],"author":[{"embeddable":true,"href":"https:\/\/analyse.optim.biz\/index.php?rest_route=\/wp\/v2\/users\/1"}],"replies":[{"embeddable":true,"href":"https:\/\/analyse.optim.biz\/index.php?rest_route=%2Fwp%2Fv2%2Fcomments&post=211249"}],"version-history":[{"count":0,"href":"https:\/\/analyse.optim.biz\/index.php?rest_route=\/wp\/v2\/posts\/211249\/revisions"}],"wp:featuredmedia":[{"embeddable":true,"href":"https:\/\/analyse.optim.biz\/index.php?rest_route=\/wp\/v2\/media\/211250"}],"wp:attachment":[{"href":"https:\/\/analyse.optim.biz\/index.php?rest_route=%2Fwp%2Fv2%2Fmedia&parent=211249"}],"wp:term":[{"taxonomy":"category","embeddable":true,"href":"https:\/\/analyse.optim.biz\/index.php?rest_route=%2Fwp%2Fv2%2Fcategories&post=211249"},{"taxonomy":"post_tag","embeddable":true,"href":"https:\/\/analyse.optim.biz\/index.php?rest_route=%2Fwp%2Fv2%2Ftags&post=211249"}],"curies":[{"name":"wp","href":"https:\/\/api.w.org\/{rel}","templated":true}]}}