{"id":2112482,"date":"2026-08-25T08:35:38","date_gmt":"2026-08-25T05:35:38","guid":{"rendered":"https:\/\/analyse.optim.biz\/?p=2112482"},"modified":"2026-08-25T08:35:38","modified_gmt":"2026-08-25T05:35:38","slug":"legea-salarizarii-primeste-verdictul-de-la-cotroceni","status":"publish","type":"post","link":"https:\/\/analyse.optim.biz\/?p=2112482","title":{"rendered":"Legea salariz\u0103rii prime\u0219te verdictul de la Cotroceni"},"content":{"rendered":"<p>[analyse_image type=&#8221;featured&#8221; src=&#8221;https:\/\/60m.ro\/wp-content\/uploads\/2026\/08\/nicusor-dan-radu-burnete-legea-salarizarii.jpg&#8221;]<\/p>\n<div class=\"articleBody\" data-key=\"articleBody\">\nPre\u0219edintele Nicu\u0219or Dan \u0219i liderii partidelor din fosta Coali\u021bie vor purta o discu\u021bie final\u0103 cu privire la legea salariz\u0103rii, \u00een aceast\u0103 diminea\u021b\u0103, \u00een sistem videoconferin\u021b\u0103. Pentru a fi adoptat\u0103, proiectul ar trebui s\u0103 fie adoptat de Parlament \u00een aceast\u0103 s\u0103pt\u0103m\u00e2n\u0103, \u00een sesiune extraordinar\u0103, av\u00e2nd \u00een vedere c\u0103 pe 31 august este termenul limit\u0103 pentru proiectele din PNRR. \u00cens\u0103 \u0219ansele ca legea salariz\u0103rii s\u0103 ajung\u0103 \u00een Legislativ sunt spre zero, o recunoa\u0219te chiar Sorin Grindeanu, pre\u0219edintele PSD.<\/p>\n<p>\u0218ansele ca legea salariz\u0103rii s\u0103 mai treac\u0103 de Parlament p\u00e2n\u0103 la 31 august sunt spre zero, au declarat multiple surse pentru Cotidianul. M\u00e2ine, \u0219eful statului va avea ultima discu\u021bie cu pre\u0219edin\u021bii partidelor din fosta Coali\u021bie, dar cel mai probabil, proiectul nu va ajunge \u00een Legislativ. Ceea ce \u00eenseamn\u0103 c\u0103 cele 700 de milioane de euro din PNRR sunt pierdute.<\/p>\n<p>\u201eMi se pare foarte greu, dac\u0103 nu spre imposibil, dac\u0103 e s\u0103 venim p\u00e2n\u0103 m\u00e2ine cu o form\u0103 care s\u0103 duc\u0103 la aprobarea ei \u00een Senat \u0219i s\u0103 treac\u0103 peste cele 48 de ore de posibile contesta\u021bii la CCR. Sunt termene imposibil de respectat\u201d, a recunoscut pre\u0219edintele PSD, \u00eentrebat de \u00eent\u00e2lnirea din aceast\u0103 sear\u0103 de la Cotroceni pe proiectul legii salariz\u0103rii.<\/p>\n<p>Grupurile tehnice ale partidelor pentru legea salariz\u0103rii au avut ast\u0103zi o discu\u021bie final\u0103, la Palatul Cotroceni, pe problema salariz\u0103rii. Dorin\u021ba ar fi fost ca \u00een aceast\u0103 s\u0103pt\u0103m\u00e2n\u0103, proiectul s\u0103 treac\u0103 de Parlament, av\u00e2nd \u00een vedere c\u0103 pe 31 august se \u00eempline\u0219te termenul din PNRR.<\/p>\n<p>\u201dCase closed\u201d<\/p>\n<p>Conform surselor Cotidianul, nici aceast\u0103 discu\u021bie nu a fost l\u0103muritoare. \u201eCase closed\u201d, au ad\u0103ugat acestea.<\/p>\n<p>USR \u0219i PNL ar fi fost, de principiu, de acord cu proiectul, cu mici modific\u0103ri. PSD \u0219i UDMR, \u00eens\u0103, nu ar fi dispuse s\u0103 voteze forma. A\u0219a c\u0103 misiunea va fi abandonat\u0103.<\/p>\n<p>M\u00e2ine, \u0219eful statului va avea o ultim\u0103 discu\u021bie cu Ilie Bolojan, Sorin Grindeanu, Dominic Fritz \u0219i Kelemen Hunor.<\/p>\n<p>Consilierul pre\u0219edintelui: Legea salariz\u0103rii va merge \u00een Parlament doar dac\u0103 se ajunge la consens<\/p>\n<p>Consilierul preziden\u021bial pe probleme economice, Radu Burnete, a declarat dup\u0103 ultima \u0219edin\u021b\u0103 a liderilor partidelor la Cotroceni c\u0103 partidele \u00ee\u0219i asum\u0103 s\u0103 nu depun\u0103 proiectul dac\u0103 nu exist\u0103 consens politic pe forma final\u0103 a legii salariz\u0103rii.<\/p>\n<p>\u201eAst\u0103zi, liderii partidelor au primit o versiune a proiectului care \u00eendepline\u0219te \u00een principiu toate obliga\u021biile asumate de Rom\u00e2nia \u0219i satisface toate constr\u00e2ngerile fiscale. Dac\u0103 nu exist\u0103 consens, cele 4 partide \u00ee\u0219i asum\u0103 ca niciunul dintre ele s\u0103 nu depun\u0103 (proiectul legii salariz\u0103rii \u2013 n.red.)\u201d, a spus Radu Burnete.<\/p>\n<p>Semnalele venite de la Comisia European\u0103 au fost descurajatoare<\/p>\n<p>Comisia European\u0103 cere Guvernului s\u0103 adopte m\u0103suri pentru compensarea impactului fiscal suplimentar al noii legi a salariz\u0103rii, peste scenariul prudent de 8 miliarde de lei discutat ini\u021bial. Una dintre m\u0103surile propuse vizeaz\u0103 extinderea contribu\u021biei CASS asupra pensiilor. De asemenea, CE cere ca m\u0103surile compensatorii care s\u0103 aduc\u0103 cele 4 miliarde de lei pentru salariile bugetarilor s\u0103 fie adoptate odat\u0103 cu legea sau, \u201ede preferat \u00eenainte\u201d.<\/p>\n<p>Comisia European\u0103 sus\u021bine c\u0103 \u201eexist\u0103 o discrepan\u021b\u0103 \u00eentre fi\u0219ierul de calcul al impactului financiar \u0219i textul proiectului de lege\u201d \u00een ceea ce prive\u0219te salariile din domeniul s\u0103n\u0103t\u0103\u021bii. Discrepan\u021ba este estimata de Comisie la proximativ 1 miliard de lei.<\/p>\n<p>De asemenea, exper\u021bii de la Bruxelles cer ca m\u0103surile compensatorii menite s\u0103 aduc\u0103 la buget 4 miliarde de lei \u2013 diferen\u021ba de la 8 miliarde de lei p\u00e2n\u0103 la 12 miliarde de lei \u2013 s\u0103 fie adoptate concomitent cu legea salariz\u0103rii sau, de preferat, \u00eenainte de aceasta.<\/p>\n<p>Comisia propune drept posibil\u0103 m\u0103sur\u0103 \u201eextinderea contribu\u021biei CASS asupra pensiilor\u201d. Reamintim c\u0103\u00a0CASS-ul de 10% pentru pensiile care dep\u0103\u0219esc 3.000 de lei expir\u0103 la 31 decembrie 2027.<\/p>\n<p>Exper\u021bii de la Bruxelles mai cer Guvernului \u0219i un \u201ecalendar clar\u201d pentru plata arieratelor datorate magistra\u021bilor.<\/p>\n<p>Observa\u021biile Comisiei Europene trimise Ministerului Muncii asupra legii salariz\u0103rii:<\/p>\n<p>\u201e\u00cen ceea ce prive\u0219te s\u0103n\u0103tatea, exist\u0103 o discrepan\u021b\u0103 \u00eentre fi\u0219ierul de calcul al impactului financiar \u0219i textul proiectului de lege. Matricea (pentru unit\u0103\u021bile sanitare \u0219i specialit\u0103\u021bile medicale) inclus\u0103 \u00een proiectul de lege \u0219i cea utilizat\u0103 pentru calcularea impactului financiar sunt diferite (legea include referiri la coeficien\u021bi de multiplicare \u0219i implic\u0103 un cost suplimentar de aproape 1 miliard de lei). V\u0103 rug\u0103m s\u0103 ajusta\u021bi textul proiectului de lege, astfel \u00eenc\u00e2t acesta s\u0103 fie pe deplin \u00een concordan\u021b\u0103 cu fi\u0219ierul de calcul al impactului financiar pe care ni l-a\u021bi transmis. Mai mult, legea ar trebui s\u0103 precizeze clar c\u0103 factorii de ajustare trebuie stabili\u021bi prin Hot\u0103r\u00e2re de Guvern \u0219i s\u0103 fie neutri din punct de vedere fiscal: orice cre\u0219tere acordat\u0103 unei categorii, unui loc de munc\u0103 sau unei specialit\u0103\u021bi ar trebui s\u0103 fie compensat\u0103 integral prin reduceri corespunz\u0103toare pentru alte categorii.<\/p>\n<p>Identificarea \u0219i adoptarea unor m\u0103suri pentru compensarea impactului fiscal suplimentar fa\u021b\u0103 de scenariul prudent de 8 miliarde de lei\u00a0pe care l-am discutat ini\u021bial. Aceste m\u0103suri ar trebui legiferate \u00een paralel cu adoptarea legii salariz\u0103rii sau, de preferat, \u00eenainte de aceasta. Acest aspect este deosebit de important din perspectiva agen\u021biilor de rating. O posibil\u0103 m\u0103sur\u0103 ar putea fi extinderea contribu\u021biei CASS asupra pensiilor. Suntem deschi\u0219i s\u0103 discut\u0103m orice list\u0103 de m\u0103suri poten\u021biale pe care le considera\u021bi adecvate.<\/p>\n<p>Un calendar clar pentru plata arieratelor datorate sectorului judiciar.\u00a0Ar fi util ca un astfel de calendar s\u0103 fie anexat legii sau adoptat \u00een paralel cu aceasta. Acest lucru ar oferi o certitudine important\u0103 sectorului \u0219i ar putea contribui la reducerea riscurilor de litigii\u201d, se arat\u0103 \u00een\u00a0r\u0103spunsul\u00a0Comisiei\u00a0consultat de Cotidianul.<\/p>\n<p>Ce prevede proiectul noii legi a salariz\u0103rii, pe scurt<\/p>\n<p>Cea mai recent\u0103 variant\u0103 a proiectului Legii salariz\u0103rii stabile\u0219te o valoare de referin\u021b\u0103 de 4.000 de lei, \u00eencep\u00e2nd cu 1 decembrie 2026, pentru salariile personalului pl\u0103tit din fonduri publice. Suma este mai mic\u0103 dec\u00e2t cea de 4.100 de lei din varianta anterioar\u0103 \u0219i dec\u00e2t valoarea de 4.325 de lei prev\u0103zut\u0103 \u00een forma ini\u021bial\u0103. Documentul prevede \u0219i posibilitatea ca valoarea de referin\u021b\u0103 s\u0103 fie majorat\u0103 \u00een cursul anului 2027.<\/p>\n<p>Noua arhitectur\u0103 p\u0103streaz\u0103 sistemul bazat pe coeficien\u021bi, prin care salariul de baz\u0103 este stabilit \u00een func\u021bie de valoarea de referin\u021b\u0103 \u0219i coeficientul atribuit fiec\u0103rei func\u021bii. Cea mai recent\u0103 form\u0103 a ini\u021biativei legislative prevede coeficien\u021bi cuprin\u0219i \u00eentre 1 \u0219i 8, ceea ce \u00eenseamn\u0103 un raport de maximum 1 la 8 \u00eentre nivelurile salariale de baz\u0103.<\/p>\n<p>Propunerea aduce modific\u0103ri \u0219i pentru mai multe domenii din sectorul public. Printre acestea se num\u0103r\u0103 educa\u021bia, s\u0103n\u0103tatea, administra\u021bia, diploma\u021bia \u0219i cultura.\u00a0\u00cen educa\u021bie sunt prev\u0103zute modific\u0103ri ale coeficien\u021bilor pentru personalul didactic\u00a0din \u00eenv\u0103\u021b\u0103m\u00e2ntul preuniversitar \u0219i un spor de p\u00e2n\u0103 la 5% pentru consilierii \u0219colari, iar documentul revizuie\u0219te \u0219i modul de calcul pentru plata cu ora.<\/p>\n<p>\u00cen ceea ce prive\u0219te sporurile, noua form\u0103 men\u021bine reguli de plafonare care au fost criticate de sindicate.<\/p>\n<p>Cele cinci confedera\u021bii sindicale reprezentative sus\u021bin c\u0103 plafonarea sporurilor la 20% din cheltuielile cu salariile ar putea afecta drepturi salariale prev\u0103zute de lege.<\/p>\n<p>Un alt element important este mecanismul prin care vor fi stabilite salariile \u00een anii urm\u0103tori. Potrivit informa\u021biilor publicate despre ultima variant\u0103, valoarea de referin\u021b\u0103 poate fi ajustat\u0103 \u00een 2027, iar din 2028 evolu\u021bia acesteia este legat\u0103 de obiectivele privind cheltuielile salariale din sectorul public.<\/p>\n<p>Proiectul legii salariz\u0103rii poate fi consultat pe\u00a0site-ul oficial al Ministerului Muncii.<\/p>\n<p>Sindicatele au cerut retragerea proiectului legii salariz\u0103rii<\/p>\n<p>Ultima form\u0103 a proiectului legii salariz\u0103rii porne\u0219te de la o valoare de referin\u021b\u0103 de 4.000 de lei, care se \u00eenmul\u021be\u0219te cu coeficien\u021bi \u00eentre 1 \u0219i 8. Forma ap\u0103rut\u0103 pe surse \u00een pres\u0103 a proiectului legii salariz\u0103rii este \u00eens\u0103 criticat\u0103 de cele mai importante federa\u021bii sindicale.<\/p>\n<p>Confedera\u021bia Na\u021bional\u0103 Sindical\u0103 \u201eCartel ALFA\u201d, Confedera\u021bia Na\u021bional\u0103 a Sindicatelor Libere din Rom\u00e2nia \u2013 Fr\u0103\u021bia, Confedera\u021bia Sindicatelor Democratice din Rom\u00e2nia (CSDR), Confedera\u021bia Na\u021bional\u0103 Sindical\u0103 \u201eMeridian\u201d \u0219i Blocul Na\u021bional Sindical (BNS) sus\u021bin, \u00eentr-un comunicat transmis s\u00e2mb\u0103t\u0103, 22 august, c\u0103 actuala form\u0103 a\u00a0proiectului legii salariz\u0103rii\u00a0nu repar\u0103 dezechilibrele acumulate \u00een sistemul bugetar.<\/p>\n<p>Sindicatele cer retragerea proiectului \u0219i reluarea procesului de elaborare dup\u0103 instalarea unui Guvern cu puteri constitu\u021bionale depline, argument\u00e2nd c\u0103 o reform\u0103 cu efecte pe termen lung nu ar trebui negociat\u0103 de un Executiv demis \u0219i f\u0103r\u0103 un mandat politic deplin.\n<\/p><\/div>\n<p>[analyse_source url=&#8221;https:\/\/60m.ro\/legea-salarizarii-primeste-verdictul-de-la-cotroceni\/&#8221;]<\/p>\n","protected":false},"excerpt":{"rendered":"<p>[analyse_image type=&#8221;featured&#8221; src=&#8221;https:\/\/60m.ro\/wp-content\/uploads\/2026\/08\/nicusor-dan-radu-burnete-legea-salarizarii.jpg&#8221;] Pre\u0219edintele Nicu\u0219or Dan \u0219i liderii partidelor din fosta Coali\u021bie vor purta o discu\u021bie final\u0103 cu privire la legea salariz\u0103rii, \u00een aceast\u0103 diminea\u021b\u0103, \u00een sistem videoconferin\u021b\u0103. Pentru a fi adoptat\u0103, proiectul ar trebui s\u0103 fie adoptat de Parlament \u00een aceast\u0103 s\u0103pt\u0103m\u00e2n\u0103, \u00een sesiune extraordinar\u0103, av\u00e2nd \u00een vedere c\u0103 pe 31 august este termenul [&hellip;]<\/p>\n","protected":false},"author":1,"featured_media":0,"comment_status":"open","ping_status":"","sticky":false,"template":"","format":"standard","meta":{"footnotes":""},"categories":[89],"tags":[100,226],"class_list":["post-2112482","post","type-post","status-publish","format-standard","hentry","category-romania","tag-60m-ro","tag-crawlmanager"],"_links":{"self":[{"href":"https:\/\/analyse.optim.biz\/index.php?rest_route=\/wp\/v2\/posts\/2112482","targetHints":{"allow":["GET"]}}],"collection":[{"href":"https:\/\/analyse.optim.biz\/index.php?rest_route=\/wp\/v2\/posts"}],"about":[{"href":"https:\/\/analyse.optim.biz\/index.php?rest_route=\/wp\/v2\/types\/post"}],"author":[{"embeddable":true,"href":"https:\/\/analyse.optim.biz\/index.php?rest_route=\/wp\/v2\/users\/1"}],"replies":[{"embeddable":true,"href":"https:\/\/analyse.optim.biz\/index.php?rest_route=%2Fwp%2Fv2%2Fcomments&post=2112482"}],"version-history":[{"count":0,"href":"https:\/\/analyse.optim.biz\/index.php?rest_route=\/wp\/v2\/posts\/2112482\/revisions"}],"wp:attachment":[{"href":"https:\/\/analyse.optim.biz\/index.php?rest_route=%2Fwp%2Fv2%2Fmedia&parent=2112482"}],"wp:term":[{"taxonomy":"category","embeddable":true,"href":"https:\/\/analyse.optim.biz\/index.php?rest_route=%2Fwp%2Fv2%2Fcategories&post=2112482"},{"taxonomy":"post_tag","embeddable":true,"href":"https:\/\/analyse.optim.biz\/index.php?rest_route=%2Fwp%2Fv2%2Ftags&post=2112482"}],"curies":[{"name":"wp","href":"https:\/\/api.w.org\/{rel}","templated":true}]}}