{"id":2112480,"date":"2026-08-25T08:09:32","date_gmt":"2026-08-25T05:09:32","guid":{"rendered":"https:\/\/analyse.optim.biz\/?p=2112480"},"modified":"2026-08-25T08:09:32","modified_gmt":"2026-08-25T05:09:32","slug":"cocalarul-simion-la-o-petrecere-cu-lautari-in-sua-la-masa-cu-constantin-ilinescu-acuzat-in-dosarul-mineriadei-ca-impreuna-cu-miron-cozma-a-organizat-deplasarea-la-bucuresti-a-minerilor-din-valea-ji","status":"publish","type":"post","link":"https:\/\/analyse.optim.biz\/?p=2112480","title":{"rendered":"Cocalarul Simion, la o petrecere cu l\u0103utari \u00een SUA, la mas\u0103 cu Constantin Ilinescu, acuzat \u00een Dosarul Mineriadei c\u0103 \u00eempreun\u0103 cu Miron Cozma a organizat deplasarea la Bucure\u0219ti a minerilor din Valea Jiului"},"content":{"rendered":"<p>[analyse_image type=&#8221;featured&#8221; src=&#8221;https:\/\/60m.ro\/wp-content\/uploads\/2026\/08\/simion.jpg&#8221;]<\/p>\n<div class=\"articleBody\" data-key=\"articleBody\">\nCocalarul din fruntea AUR, George Simion apare \u00een imagini postate de un l\u0103utar pe Facebook la o petrecere \u00een SUA, la mas\u0103 cu Constantin Ilinescu, acuzat \u00een Dosarul Mineriadei c\u0103 \u00eempreun\u0103 cu Miron Cozma a organizat deplasarea la Bucure\u0219ti a minerilor din Valea Jiului, \u00een iunie 1990.<\/p>\n<p>Fotografiile \u0219i clipurile video au fost postate de un l\u0103utar aflat \u0219i el la mas\u0103 cu George Simion. \u201eO sear\u0103 frumoas\u0103, aici la Chicago, al\u0103turi de George Simion, Constantin Ilinescu \u0219i Cristi Blaga\u201d, este mesajul postat de Orlando Dorel, pe Facebook.<\/p>\n<p>\u00cen anul 2015,\u00a0MEDIAFAX\u00a0scria c\u0103 \u00een\u00a0Dosarul Mineriadei\u00a0din 13-15 iunie 1990, Miron Cozma este acuzat de procurori c\u0103, \u00een calitate de pre\u015fedinte al biroului executiv al Ligii Sindicatelor Miniere Libere \u201eValea Jiului\u201d, \u00eempreun\u0103 cu\u00a0Ilinescu Constantin-Ioan\u00a0(pus \u015fi el sub urm\u0103rire) \u015fi Torsan Ilie, a organizat \u015fi coordonat deplasarea la Bucure\u015fti a minerilor din Valea Jiului.<\/p>\n<p>Dosarul Mineriadei a fost retrimis pe masa instan\u0163ei pe 2 aprilie 2025.\u00a0Al\u0103turi de Ion Iliescu \u2013 care a decedat \u00een 5 august 2025 \u2013 au fost deferi\u0163i Justi\u0163iei pentru infrac\u0163iuni imprescriptibile \u00eempotriva umanit\u0103\u0163ii fostul premier Petre Roman, fostul vicepremier Gelu Voican-Voiculescu, fostul director SRI Virgil M\u0103gureanu \u015fi Adrian S\u00e2rbu, fost consilier al prim-ministrului Petre Roman.<\/p>\n<p>Procurorii militari acuz\u0103 fosta conducere a Rom\u00e2niei din 1990 c\u0103 a reprimat manifestan\u0163ii anticomuni\u015fti din Pia\u0163a Universit\u0103\u0163ii \u015fi a chemat minerii. \u00cen urma violen\u0163elor, 4 persoane au fost ucise, 1.300 au fost r\u0103nite \u015fi al\u0163i 1.200 de oameni au fost re\u0163inu\u0163i ilegal.<\/p>\n<p>Dosarul a mai fost trimis \u00een judecat\u0103 \u00een 2017, dar 3 ani mai t\u00e2rziu a fost restituit la Parchet de \u00cenalta Curte. Parchetul militar a ref\u0103cut ancheta \u015fi a retrimis dosarul pe masa instan\u0163ei.\n<\/p><\/div>\n<p>[analyse_source url=&#8221;https:\/\/60m.ro\/cocalarul-simion-la-o-petrecere-cu-lautari-in-sua-la-masa-cu-constantin-ilinescu-acuzat-in-dosarul-mineriadei-ca-impreuna-cu-miron-cozma-a-organizat-deplasarea-la-bucuresti-a-minerilor-din-valea-ji\/&#8221;]<\/p>\n","protected":false},"excerpt":{"rendered":"<p>[analyse_image type=&#8221;featured&#8221; src=&#8221;https:\/\/60m.ro\/wp-content\/uploads\/2026\/08\/simion.jpg&#8221;] Cocalarul din fruntea AUR, George Simion apare \u00een imagini postate de un l\u0103utar pe Facebook la o petrecere \u00een SUA, la mas\u0103 cu Constantin Ilinescu, acuzat \u00een Dosarul Mineriadei c\u0103 \u00eempreun\u0103 cu Miron Cozma a organizat deplasarea la Bucure\u0219ti a minerilor din Valea Jiului, \u00een iunie 1990. Fotografiile \u0219i clipurile video au [&hellip;]<\/p>\n","protected":false},"author":1,"featured_media":0,"comment_status":"open","ping_status":"","sticky":false,"template":"","format":"standard","meta":{"footnotes":""},"categories":[89],"tags":[100,226],"class_list":["post-2112480","post","type-post","status-publish","format-standard","hentry","category-romania","tag-60m-ro","tag-crawlmanager"],"_links":{"self":[{"href":"https:\/\/analyse.optim.biz\/index.php?rest_route=\/wp\/v2\/posts\/2112480","targetHints":{"allow":["GET"]}}],"collection":[{"href":"https:\/\/analyse.optim.biz\/index.php?rest_route=\/wp\/v2\/posts"}],"about":[{"href":"https:\/\/analyse.optim.biz\/index.php?rest_route=\/wp\/v2\/types\/post"}],"author":[{"embeddable":true,"href":"https:\/\/analyse.optim.biz\/index.php?rest_route=\/wp\/v2\/users\/1"}],"replies":[{"embeddable":true,"href":"https:\/\/analyse.optim.biz\/index.php?rest_route=%2Fwp%2Fv2%2Fcomments&post=2112480"}],"version-history":[{"count":0,"href":"https:\/\/analyse.optim.biz\/index.php?rest_route=\/wp\/v2\/posts\/2112480\/revisions"}],"wp:attachment":[{"href":"https:\/\/analyse.optim.biz\/index.php?rest_route=%2Fwp%2Fv2%2Fmedia&parent=2112480"}],"wp:term":[{"taxonomy":"category","embeddable":true,"href":"https:\/\/analyse.optim.biz\/index.php?rest_route=%2Fwp%2Fv2%2Fcategories&post=2112480"},{"taxonomy":"post_tag","embeddable":true,"href":"https:\/\/analyse.optim.biz\/index.php?rest_route=%2Fwp%2Fv2%2Ftags&post=2112480"}],"curies":[{"name":"wp","href":"https:\/\/api.w.org\/{rel}","templated":true}]}}