{"id":2112478,"date":"2026-08-26T11:01:23","date_gmt":"2026-08-26T08:01:23","guid":{"rendered":"https:\/\/analyse.optim.biz\/?p=2112478"},"modified":"2026-08-26T11:01:23","modified_gmt":"2026-08-26T08:01:23","slug":"asa-se-explica-votul-pnl-impotriva-lui-fritz-de-la-usr-stiripesurse-a-aflat-ca-bolojan-a-fost-sunat-de-la-dna-si-chemat-la-audieri-in-dosarul-traila","status":"publish","type":"post","link":"https:\/\/analyse.optim.biz\/?p=2112478","title":{"rendered":"A\u0219a se explic\u0103 votul PNL \u00eempotriva lui Fritz de la USR?! STIRIPESURSE a aflat c\u0103 Bolojan a fost sunat de la DNA \u0219i chemat la audieri \u00een dosarul Tr\u0103il\u0103!"},"content":{"rendered":"<p>[analyse_image type=&#8221;featured&#8221; src=&#8221;https:\/\/solidnews.ro\/wp-content\/uploads\/2026\/08\/ilie-bolojan-congres-extraordinar-organizat-de-partidul-national-libera-in-bucuresti-21-iunie-2026_5unFv.webp&#8221;]<\/p>\n<div class=\"td_block_wrap tdb_single_content tdi_120 td-pb-border-top td_block_template_1 td-post-content tagdiv-type\" data-td-block-uid=\"tdi_120\">\n<div class=\"tdb-block-inner td-fix-index\">\n<p><strong>Premierul interimar\u00a0<\/strong><a href=\"https:\/\/www.stiripesurse.ro\/tag\/ilie-bolojan\"><strong>Ilie Bolojan<\/strong><\/a><strong>\u00a0ar fi fost contactat telefonic de c\u0103tre procurorii DNA, care i-au transmis faptul c\u0103 este a\u0219teptat la audieri, conform surselor noastre. Ilie Bolojan ar fi citat \u00een calitate de martor, \u00een dosarul \u00een care secretarul general adjunct al Guvernului, Cristina Tr\u0103il\u0103, a fost pus\u0103 sub urm\u0103rire penal\u0103 pentru complicitate la folosirea influen\u021bei sau autorit\u0103\u021bii \u00een scopul ob\u021binerii unor foloase necuvenite.<\/strong><\/p>\n<p>Conform surselor, \u00een discu\u021bia telefonic\u0103 avut\u0103 cu procurorii DNA, Ilie Bolojan a fost \u00een\u0219tiin\u021bat c\u0103 este a\u0219teptat, cel mai probabil \u00een cursul acestei s\u0103pt\u0103m\u00e2ni, s\u0103 dea declara\u021bii \u00een acest dosar.<\/p>\n<p>Ilie Bolojan va merge la DNA \u00een calitate de martor \u0219i va fi audiat de c\u0103tre procurori.<\/p>\n<h2 id=\"bolojan-declara-ca-nu-se-asteapta-sa-fie-chemat-la-dna\">Bolojan declara c\u0103 nu se a\u0219teapt\u0103 s\u0103 fie chemat la DNA<\/h2>\n<p>Informa\u021biile apar la numai c\u00e2teva ore dup\u0103 ce Ilie Bolojan declara, \u00eentr-un interviu acordat Digi24, c\u0103 nu se a\u0219teapt\u0103 s\u0103 fie convocat de procurori. Premierul admitea \u00eens\u0103 c\u0103 ar putea fi invitat s\u0103 dea o declara\u021bie, \u00eentruc\u00e2t a avut o \u00eent\u00e2lnire cu F\u0103nel Bogo\u0219.<\/p>\n<div class=\"max-h-fit w-full\">\n<div id=\"ab-video-player\" class=\"video-player-embed\" data-ab-loaded=\"1\" data-ab-variant=\"360playvid\">\n<p>\u201eNu m\u0103 a\u0219tept, dar, \u00een orice dosar de genul acesta, dac\u0103 ai avut o tangen\u021b\u0103 sau alta, po\u021bi fi invitat s\u0103 dai o declara\u021bie\u201d, a afirmat Bolojan.<\/p>\n<p>Premierul a confirmat c\u0103 omul de afaceri a ajuns \u00een biroul s\u0103u, dar a sus\u021binut c\u0103 nu \u00eei cuno\u0219tea inten\u021biile \u0219i nici problemele judiciare. El a precizat c\u0103 \u00eent\u00e2lnirea ar fi fost programat\u0103 prin cabinetul s\u0103u, cu implicarea unui colaborator cercetat \u00een acela\u0219i dosar.<\/p>\n<h2 id=\"cristina-traila-suspecta-in-dosar\">Cristina Tr\u0103il\u0103, suspect\u0103 \u00een dosar<\/h2>\n<p>Dosarul a ajuns deja la conducerea administrativ\u0103 a Guvernului. Cristina Tr\u0103il\u0103, secretar general adjunct al Executivului, a fost pus\u0103 sub urm\u0103rire penal\u0103 pentru complicitate la folosirea influen\u021bei sau autorit\u0103\u021bii \u00een scopul ob\u021binerii unor foloase necuvenite.<\/p>\n<p>Potrivit DNA, \u00een perioada 3\u20134 noiembrie 2025, Tr\u0103il\u0103 ar fi sprijinit demersurile f\u0103cute de Mihai Barbu asupra pre\u0219edintelui ANSVSA pentru schimbarea conducerii DSVSA Vaslui cu o persoan\u0103 agreat\u0103 de F\u0103nel Bogo\u0219.<\/p>\n<p>Scopul presupuselor interven\u021bii ar fi fost aprobarea unui dosar de desp\u0103gubiri \u00een valoare de aproximativ trei milioane de euro \u0219i reducerea ori oprirea controalelor sanitar-veterinare la fermele controlate de omul de afaceri. Cristina Tr\u0103il\u0103 beneficiaz\u0103 de prezum\u021bia de nevinov\u0103\u021bie.<\/p>\n<p><a class=\"decorated-link\" href=\"https:\/\/www.stiripesurse.ro\/cristina-traila-audiata-in-secret-dna-surse_3914788?utm_source=chatgpt.com\" target=\"_new\" rel=\"noopener\">\u0218tiripesurse.ro a relatat anterior c\u0103 numele lui Ilie Bolojan ar ap\u0103rea \u00een dosar<\/a>, \u00een contextul \u00eent\u00e2lnirii dintre premier \u0219i F\u0103nel Bogo\u0219.<\/p>\n<h2 id=\"traila-chemata-la-discutii-de-premier\">Tr\u0103il\u0103, chemat\u0103 la discu\u021bii de premier<\/h2>\n<p>Ilie Bolojan anun\u021base mar\u021bi seara c\u0103 a chemat-o pe Cristina Tr\u0103il\u0103 la o discu\u021bie, programat\u0103 pentru miercuri diminea\u021b\u0103, \u00eenainte de a lua o decizie privind men\u021binerea acesteia \u00een func\u021bia de secretar general adjunct al Guvernului.<\/p>\n<p>Rom\u00e2nia TV sus\u021bine c\u0103 premierul ar fi dorit s\u0103 afle inclusiv ce a discutat Tr\u0103il\u0103 cu procurorii DNA Ia\u0219i. O eventual\u0103 demisie sau eliberare din func\u021bie nu fusese anun\u021bat\u0103 oficial la momentul public\u0103rii.<\/p>\n<p>\u00a0<\/p>\n<\/div>\n<\/div>\n<p><strong><em>surs\u0103:<a href=\"https:\/\/www.stiripesurse.ro\/surse-ilie-bolojan-a-fost-sunat-de-procurorii-dna-si-a-fost-chemat-la-audieri-in-dosarul-cristinei-traila_3915123\"> stiripesurse.ro<\/a><\/em><\/strong><\/p>\n<\/div>\n<\/div>\n<div class=\"td_block_wrap tdb_single_content tdi_120 td-pb-border-top td_block_template_1 td-post-content tagdiv-type\" data-td-block-uid=\"tdi_120\">\n<div class=\"tdb-block-inner td-fix-index\">\n<p><strong>Premierul interimar\u00a0<\/strong><a href=\"https:\/\/www.stiripesurse.ro\/tag\/ilie-bolojan\"><strong>Ilie Bolojan<\/strong><\/a><strong>\u00a0ar fi fost contactat telefonic de c\u0103tre procurorii DNA, care i-au transmis faptul c\u0103 este a\u0219teptat la audieri, conform surselor noastre. Ilie Bolojan ar fi citat \u00een calitate de martor, \u00een dosarul \u00een care secretarul general adjunct al Guvernului, Cristina Tr\u0103il\u0103, a fost pus\u0103 sub urm\u0103rire penal\u0103 pentru complicitate la folosirea influen\u021bei sau autorit\u0103\u021bii \u00een scopul ob\u021binerii unor foloase necuvenite.<\/strong><\/p>\n<p>Conform surselor, \u00een discu\u021bia telefonic\u0103 avut\u0103 cu procurorii DNA, Ilie Bolojan a fost \u00een\u0219tiin\u021bat c\u0103 este a\u0219teptat, cel mai probabil \u00een cursul acestei s\u0103pt\u0103m\u00e2ni, s\u0103 dea declara\u021bii \u00een acest dosar.<\/p>\n<p>Ilie Bolojan va merge la DNA \u00een calitate de martor \u0219i va fi audiat de c\u0103tre procurori.<\/p>\n<h2 id=\"bolojan-declara-ca-nu-se-asteapta-sa-fie-chemat-la-dna\">Bolojan declara c\u0103 nu se a\u0219teapt\u0103 s\u0103 fie chemat la DNA<\/h2>\n<p>Informa\u021biile apar la numai c\u00e2teva ore dup\u0103 ce Ilie Bolojan declara, \u00eentr-un interviu acordat Digi24, c\u0103 nu se a\u0219teapt\u0103 s\u0103 fie convocat de procurori. Premierul admitea \u00eens\u0103 c\u0103 ar putea fi invitat s\u0103 dea o declara\u021bie, \u00eentruc\u00e2t a avut o \u00eent\u00e2lnire cu F\u0103nel Bogo\u0219.<\/p>\n<div class=\"max-h-fit w-full\">\n<div id=\"ab-video-player\" class=\"video-player-embed\" data-ab-loaded=\"1\" data-ab-variant=\"360playvid\">\n<p>\u201eNu m\u0103 a\u0219tept, dar, \u00een orice dosar de genul acesta, dac\u0103 ai avut o tangen\u021b\u0103 sau alta, po\u021bi fi invitat s\u0103 dai o declara\u021bie\u201d, a afirmat Bolojan.<\/p>\n<p>Premierul a confirmat c\u0103 omul de afaceri a ajuns \u00een biroul s\u0103u, dar a sus\u021binut c\u0103 nu \u00eei cuno\u0219tea inten\u021biile \u0219i nici problemele judiciare. El a precizat c\u0103 \u00eent\u00e2lnirea ar fi fost programat\u0103 prin cabinetul s\u0103u, cu implicarea unui colaborator cercetat \u00een acela\u0219i dosar.<\/p>\n<h2 id=\"cristina-traila-suspecta-in-dosar\">Cristina Tr\u0103il\u0103, suspect\u0103 \u00een dosar<\/h2>\n<p>Dosarul a ajuns deja la conducerea administrativ\u0103 a Guvernului. Cristina Tr\u0103il\u0103, secretar general adjunct al Executivului, a fost pus\u0103 sub urm\u0103rire penal\u0103 pentru complicitate la folosirea influen\u021bei sau autorit\u0103\u021bii \u00een scopul ob\u021binerii unor foloase necuvenite.<\/p>\n<p>Potrivit DNA, \u00een perioada 3\u20134 noiembrie 2025, Tr\u0103il\u0103 ar fi sprijinit demersurile f\u0103cute de Mihai Barbu asupra pre\u0219edintelui ANSVSA pentru schimbarea conducerii DSVSA Vaslui cu o persoan\u0103 agreat\u0103 de F\u0103nel Bogo\u0219.<\/p>\n<p>Scopul presupuselor interven\u021bii ar fi fost aprobarea unui dosar de desp\u0103gubiri \u00een valoare de aproximativ trei milioane de euro \u0219i reducerea ori oprirea controalelor sanitar-veterinare la fermele controlate de omul de afaceri. Cristina Tr\u0103il\u0103 beneficiaz\u0103 de prezum\u021bia de nevinov\u0103\u021bie.<\/p>\n<p><a class=\"decorated-link\" href=\"https:\/\/www.stiripesurse.ro\/cristina-traila-audiata-in-secret-dna-surse_3914788?utm_source=chatgpt.com\" target=\"_new\" rel=\"noopener\">\u0218tiripesurse.ro a relatat anterior c\u0103 numele lui Ilie Bolojan ar ap\u0103rea \u00een dosar<\/a>, \u00een contextul \u00eent\u00e2lnirii dintre premier \u0219i F\u0103nel Bogo\u0219.<\/p>\n<h2 id=\"traila-chemata-la-discutii-de-premier\">Tr\u0103il\u0103, chemat\u0103 la discu\u021bii de premier<\/h2>\n<p>Ilie Bolojan anun\u021base mar\u021bi seara c\u0103 a chemat-o pe Cristina Tr\u0103il\u0103 la o discu\u021bie, programat\u0103 pentru miercuri diminea\u021b\u0103, \u00eenainte de a lua o decizie privind men\u021binerea acesteia \u00een func\u021bia de secretar general adjunct al Guvernului.<\/p>\n<p>Rom\u00e2nia TV sus\u021bine c\u0103 premierul ar fi dorit s\u0103 afle inclusiv ce a discutat Tr\u0103il\u0103 cu procurorii DNA Ia\u0219i. O eventual\u0103 demisie sau eliberare din func\u021bie nu fusese anun\u021bat\u0103 oficial la momentul public\u0103rii.<\/p>\n<p>\u00a0<\/p>\n<\/div>\n<\/div>\n<p><strong><em>surs\u0103:<a href=\"https:\/\/www.stiripesurse.ro\/surse-ilie-bolojan-a-fost-sunat-de-procurorii-dna-si-a-fost-chemat-la-audieri-in-dosarul-cristinei-traila_3915123\"> stiripesurse.ro<\/a><\/em><\/strong><\/p>\n<\/div>\n<\/div>\n<p>[analyse_source url=&#8221;https:\/\/solidnews.ro\/asa-se-explica-votul-pnl-impotriva-lui-fritz-de-la-usr-stiripesurse-a-aflat-ca-bolojan-a-fost-sunat-de-la-dna-si-chemat-la-audieri-in-dosarul-traila\/&#8221;]<\/p>\n","protected":false},"excerpt":{"rendered":"<p>[analyse_image type=&#8221;featured&#8221; src=&#8221;https:\/\/solidnews.ro\/wp-content\/uploads\/2026\/08\/ilie-bolojan-congres-extraordinar-organizat-de-partidul-national-libera-in-bucuresti-21-iunie-2026_5unFv.webp&#8221;] Premierul interimar\u00a0Ilie Bolojan\u00a0ar fi fost contactat telefonic de c\u0103tre procurorii DNA, care i-au transmis faptul c\u0103 este a\u0219teptat la audieri, conform surselor noastre. Ilie Bolojan ar fi citat \u00een calitate de martor, \u00een dosarul \u00een care secretarul general adjunct al Guvernului, Cristina Tr\u0103il\u0103, a fost pus\u0103 sub urm\u0103rire penal\u0103 pentru complicitate la [&hellip;]<\/p>\n","protected":false},"author":1,"featured_media":0,"comment_status":"open","ping_status":"","sticky":false,"template":"","format":"standard","meta":{"footnotes":""},"categories":[89],"tags":[226,97],"class_list":["post-2112478","post","type-post","status-publish","format-standard","hentry","category-romania","tag-crawlmanager","tag-solidnews-ro"],"_links":{"self":[{"href":"https:\/\/analyse.optim.biz\/index.php?rest_route=\/wp\/v2\/posts\/2112478","targetHints":{"allow":["GET"]}}],"collection":[{"href":"https:\/\/analyse.optim.biz\/index.php?rest_route=\/wp\/v2\/posts"}],"about":[{"href":"https:\/\/analyse.optim.biz\/index.php?rest_route=\/wp\/v2\/types\/post"}],"author":[{"embeddable":true,"href":"https:\/\/analyse.optim.biz\/index.php?rest_route=\/wp\/v2\/users\/1"}],"replies":[{"embeddable":true,"href":"https:\/\/analyse.optim.biz\/index.php?rest_route=%2Fwp%2Fv2%2Fcomments&post=2112478"}],"version-history":[{"count":0,"href":"https:\/\/analyse.optim.biz\/index.php?rest_route=\/wp\/v2\/posts\/2112478\/revisions"}],"wp:attachment":[{"href":"https:\/\/analyse.optim.biz\/index.php?rest_route=%2Fwp%2Fv2%2Fmedia&parent=2112478"}],"wp:term":[{"taxonomy":"category","embeddable":true,"href":"https:\/\/analyse.optim.biz\/index.php?rest_route=%2Fwp%2Fv2%2Fcategories&post=2112478"},{"taxonomy":"post_tag","embeddable":true,"href":"https:\/\/analyse.optim.biz\/index.php?rest_route=%2Fwp%2Fv2%2Ftags&post=2112478"}],"curies":[{"name":"wp","href":"https:\/\/api.w.org\/{rel}","templated":true}]}}