{"id":2112477,"date":"2026-08-25T08:08:47","date_gmt":"2026-08-25T05:08:47","guid":{"rendered":"https:\/\/analyse.optim.biz\/?p=2112477"},"modified":"2026-08-25T08:08:47","modified_gmt":"2026-08-25T05:08:47","slug":"stefan-radu-oprea-il-ia-peste-picior-pe-radu-miruta-ministrul-sfarma-piatra-2-cm-se-lauda-nevoie-mare-ce-ii-reproseaza","status":"publish","type":"post","link":"https:\/\/analyse.optim.biz\/?p=2112477","title":{"rendered":"\u0218tefan Radu Oprea \u00eel ia peste picior pe Radu Miru\u021b\u0103: \u201eMinistrul \u00abSfarm\u0103 Piatr\u0103 \u2013 2 cm\u00bb se laud\u0103 nevoie mare\u201d. Ce \u00eei repro\u0219eaz\u0103"},"content":{"rendered":"<p>[analyse_image type=&#8221;featured&#8221; src=&#8221;https:\/\/60m.ro\/wp-content\/uploads\/2026\/08\/media-173745573729944900.webp&#8221;]<\/p>\n<div class=\"articleBody\" data-key=\"articleBody\">\nSenatorul PSD\u00a0\u0218tefan Radu Oprea\u00a0\u00eel atac\u0103 pe ministrul\u00a0Radu Miru\u021b\u0103\u00a0dup\u0103 ce acesta a prezentat investi\u021biile realizate la Uzina Mecanic\u0103 Sadu. Social-democratul sus\u021bine c\u0103 noile linii de produc\u021bie cu care se laud\u0103 ministrul au la baz\u0103 contracte semnate \u00eenc\u0103 din septembrie 2023 \u0219i \u00eel ironizeaz\u0103 pe acesta pentru modul \u00een care \u00ee\u0219i promoveaz\u0103 activitatea \u00een mediul online.<\/p>\n<p>\u0218tefan Radu Oprea a lansat criticile mar\u021bi, \u00eentr-un mesaj publicat pe Facebook, \u00een care face trimitere inclusiv la episodul \u201e2 cm\u201d asociat lui Radu Miru\u021b\u0103.<\/p>\n<p>\u201eMinistrul &#8220;Sfarm\u0103 Piatr\u0103 &#8211; 2 cm&#8221;, aka Radu Dinel Miru\u021b\u0103, se laud\u0103 nevoie mare cu vrednicia lui de la UM Sadu.<\/p>\n<p>Bravo, excelent, bucurie mare c\u0103 sunt dou\u0103 linii noi de produc\u021bie la fabric\u0103. Ce uit\u0103 s\u0103 spun\u0103 va\u0219nicul sus\u021bin\u0103tor de Salvadori este c\u0103 au fost semnate contractele pentru noile linii de produc\u021bie \u00een septembrie 2023. Ups! Ce crede\u021bi c\u0103 va face Miru\u021b\u0103 c\u00e2nd ve\u021bi afla c\u0103 \u00een timpul mandatului unui ministru PSD-ist s-a investit \u0219i la UM Sadu \u0219i la UM Cugir sau Fabrica de Arme Cugir, Carfil sau celelalte filiale ale Romarm.<\/p>\n<p>Eu cred c\u0103 se va apuca s\u0103 refac\u0103 pozele cu copacii \u00een hale cu AI-ul :))\u201d, a scris senatorul PSD.<\/p>\n<p>Oprea: \u201eS\u0103 continu\u0103m ce e bun \u0219i s\u0103 schimb\u0103m ce e mai pu\u021bin bun\u201d<\/p>\n<p>Dincolo de atacul politic, \u0218tefan Radu Oprea sus\u021bine c\u0103 investi\u021biile \u00eencepute \u00een mandatele precedente ar trebui continuate de noii mini\u0219tri, f\u0103r\u0103 ca acestea s\u0103 devin\u0103 motive pentru dispute privind meritele politice.<\/p>\n<p>\u201eDe\u0219i normalitatea, din punctul meu de vedere, este ca fiecare \u00een mandatul s\u0103u s\u0103 ne facem treaba, s\u0103 continu\u0103m ce e bun \u0219i s\u0103 schimb\u0103m ce e mai pu\u021bin bun, nu s\u0103 \u00eennebunim tik-tok-ul.\u201d, a ad\u0103ugat \u0218tefan Radu Oprea.<\/p>\n<\/div>\n<p>[analyse_source url=&#8221;https:\/\/60m.ro\/stefan-radu-oprea-il-ia-peste-picior-pe-radu-miruta-ministrul-sfarma-piatra-2-cm-se-lauda-nevoie-mare-ce-ii-reproseaza\/&#8221;]<\/p>\n","protected":false},"excerpt":{"rendered":"<p>[analyse_image type=&#8221;featured&#8221; src=&#8221;https:\/\/60m.ro\/wp-content\/uploads\/2026\/08\/media-173745573729944900.webp&#8221;] Senatorul PSD\u00a0\u0218tefan Radu Oprea\u00a0\u00eel atac\u0103 pe ministrul\u00a0Radu Miru\u021b\u0103\u00a0dup\u0103 ce acesta a prezentat investi\u021biile realizate la Uzina Mecanic\u0103 Sadu. Social-democratul sus\u021bine c\u0103 noile linii de produc\u021bie cu care se laud\u0103 ministrul au la baz\u0103 contracte semnate \u00eenc\u0103 din septembrie 2023 \u0219i \u00eel ironizeaz\u0103 pe acesta pentru modul \u00een care \u00ee\u0219i promoveaz\u0103 activitatea \u00een [&hellip;]<\/p>\n","protected":false},"author":1,"featured_media":0,"comment_status":"open","ping_status":"","sticky":false,"template":"","format":"standard","meta":{"footnotes":""},"categories":[89],"tags":[100,226],"class_list":["post-2112477","post","type-post","status-publish","format-standard","hentry","category-romania","tag-60m-ro","tag-crawlmanager"],"_links":{"self":[{"href":"https:\/\/analyse.optim.biz\/index.php?rest_route=\/wp\/v2\/posts\/2112477","targetHints":{"allow":["GET"]}}],"collection":[{"href":"https:\/\/analyse.optim.biz\/index.php?rest_route=\/wp\/v2\/posts"}],"about":[{"href":"https:\/\/analyse.optim.biz\/index.php?rest_route=\/wp\/v2\/types\/post"}],"author":[{"embeddable":true,"href":"https:\/\/analyse.optim.biz\/index.php?rest_route=\/wp\/v2\/users\/1"}],"replies":[{"embeddable":true,"href":"https:\/\/analyse.optim.biz\/index.php?rest_route=%2Fwp%2Fv2%2Fcomments&post=2112477"}],"version-history":[{"count":0,"href":"https:\/\/analyse.optim.biz\/index.php?rest_route=\/wp\/v2\/posts\/2112477\/revisions"}],"wp:attachment":[{"href":"https:\/\/analyse.optim.biz\/index.php?rest_route=%2Fwp%2Fv2%2Fmedia&parent=2112477"}],"wp:term":[{"taxonomy":"category","embeddable":true,"href":"https:\/\/analyse.optim.biz\/index.php?rest_route=%2Fwp%2Fv2%2Fcategories&post=2112477"},{"taxonomy":"post_tag","embeddable":true,"href":"https:\/\/analyse.optim.biz\/index.php?rest_route=%2Fwp%2Fv2%2Ftags&post=2112477"}],"curies":[{"name":"wp","href":"https:\/\/api.w.org\/{rel}","templated":true}]}}