{"id":2112475,"date":"2026-08-26T10:25:32","date_gmt":"2026-08-26T07:25:32","guid":{"rendered":"https:\/\/analyse.optim.biz\/?p=2112475"},"modified":"2026-08-26T10:25:32","modified_gmt":"2026-08-26T07:25:32","slug":"activenews-il-prezinta-pe-romanul-de-la-onu-care-lucreaza-pentru-sua-dar-voteaza-in-favoarea-rusiei-ce-a-zis-putinistul-romano-american","status":"publish","type":"post","link":"https:\/\/analyse.optim.biz\/?p=2112475","title":{"rendered":"ACTIVENEWS \u00eel prezint\u0103 pe rom\u00e2nul de la ONU, care lucreaz\u0103 pentru SUA, dar voteaz\u0103 \u00een favoarea Rusiei. Ce a zis \u201dputinistul\u201d rom\u00e2no-american!"},"content":{"rendered":"<p>[analyse_image type=&#8221;featured&#8221; src=&#8221;https:\/\/solidnews.ro\/wp-content\/uploads\/2026\/08\/207651.jpeg-888&#215;499-1.webp&#8221;]<\/p>\n<div class=\"td_block_wrap tdb_single_content tdi_120 td-pb-border-top td_block_template_1 td-post-content tagdiv-type\" data-td-block-uid=\"tdi_120\">\n<div class=\"tdb-block-inner td-fix-index\">\n<p><span class=\"css-1jxf684 r-bcqeeo r-1ttztb7 r-qvutc0 r-poiln3 r-nhe8su r-yn5ncy r-clrlgt r-nvplwv\">Pentru c\u0103 cititorii no\u0219tri sunt mai de\u0219tep\u021bi dec\u00e2t securi\u0219tii sistemului red\u0103m aici informa\u021bia cald\u0103 primit\u0103 de la un cititor\u00a0ActiveNews:<\/span><\/p>\n<p><span class=\"css-1jxf684 r-bcqeeo r-1ttztb7 r-qvutc0 r-poiln3 r-nhe8su r-yn5ncy r-clrlgt r-nvplwv\">\u201eONU: State<\/span><span class=\"css-1jxf684 r-bcqeeo r-1ttztb7 r-qvutc0 r-poiln3 r-nhe8su r-yn5ncy r-clrlgt r-nvplwv\">le Unite au ref<\/span><span class=\"css-1jxf684 r-bcqeeo r-1ttztb7 r-qvutc0 r-poiln3 r-nhe8su r-yn5ncy r-clrlgt r-nvplwv\">uzat s\u0103 ad<\/span><span class=\"css-1jxf684 r-bcqeeo r-1ttztb7 r-qvutc0 r-poiln3 r-nhe8su r-yn5ncy r-clrlgt r-nvplwv\">ere la o declara<\/span><span class=\"css-1jxf684 r-bcqeeo r-1ttztb7 r-qvutc0 r-poiln3 r-nhe8su r-yn5ncy r-clrlgt r-nvplwv\">\u021bie emis\u0103 de peste 50 de\u00a0<\/span><span class=\"css-1jxf684 r-bcqeeo r-1ttztb7 r-qvutc0 r-poiln3 r-nhe8su r-yn5ncy r-clrlgt r-nvplwv\">\u021b\u0103ri prin care Rusia este \u00eendemn<\/span><span class=\"css-1jxf684 r-bcqeeo r-1ttztb7 r-qvutc0 r-poiln3 r-nhe8su r-yn5ncy r-clrlgt r-nvplwv\">at\u0103 s\u0103 \u00eenceteze\u00a0<\/span><span class=\"css-1jxf684 r-bcqeeo r-1ttztb7 r-qvutc0 r-poiln3 r-nhe8su r-yn5ncy r-clrlgt r-nvplwv\">ag<\/span><span class=\"css-1jxf684 r-bcqeeo r-1ttztb7 r-qvutc0 r-poiln3 r-nhe8su r-yn5ncy r-clrlgt r-nvplwv\">resiunea \u00eempotriva\u00a0<\/span><span class=\"css-1jxf684 r-bcqeeo r-1ttztb7 r-qvutc0 r-poiln3 r-nhe8su r-yn5ncy r-clrlgt r-nvplwv\">Ucrainei \u0219i s\u0103 opreasc\u0103\u00a0<\/span><span class=\"css-1jxf684 r-bcqeeo r-1ttztb7 r-qvutc0 r-poiln3 r-nhe8su r-yn5ncy r-clrlgt r-nvplwv\">atacurile asupra\u00a0<\/span><span class=\"css-1jxf684 r-bcqeeo r-1ttztb7 r-qvutc0 r-poiln3 r-nhe8su r-yn5ncy r-clrlgt r-nvplwv\">popula\u021biilor civile.<\/span><\/p>\n<p><span class=\"css-1jxf684 r-bcqeeo r-1ttztb7 r-qvutc0 r-poiln3 r-nhe8su r-yn5ncy r-clrlgt r-nvplwv\">Documentul include un apel c\u0103tre\u00a0<\/span><span class=\"css-1jxf684 r-bcqeeo r-1ttztb7 r-qvutc0 r-poiln3 r-nhe8su r-yn5ncy r-clrlgt r-nvplwv\">Rusia de a \u201er\u0103sp<\/span><span class=\"css-1jxf684 r-bcqeeo r-1ttztb7 r-qvutc0 r-poiln3 r-nhe8su r-yn5ncy r-clrlgt r-nvplwv\">unde cerer<\/span><span class=\"css-1jxf684 r-bcqeeo r-1ttztb7 r-qvutc0 r-poiln3 r-nhe8su r-yn5ncy r-clrlgt r-nvplwv\">ilor pentru un armisti<\/span><span class=\"css-1jxf684 r-bcqeeo r-1ttztb7 r-qvutc0 r-poiln3 r-nhe8su r-yn5ncy r-clrlgt r-nvplwv\">\u021biu complet, imediat \u0219i necond<\/span><span class=\"css-1jxf684 r-bcqeeo r-1ttztb7 r-qvutc0 r-poiln3 r-nhe8su r-yn5ncy r-clrlgt r-nvplwv\">i\u021bionat\u201d \u0219i de a relua negocier<\/span><span class=\"css-1jxf684 r-bcqeeo r-1ttztb7 r-qvutc0 r-poiln3 r-nhe8su r-yn5ncy r-clrlgt r-nvplwv\">ile de\u00a0<\/span><span class=\"css-1jxf684 r-bcqeeo r-1ttztb7 r-qvutc0 r-poiln3 r-nhe8su r-yn5ncy r-clrlgt r-nvplwv\">pace<\/span><span class=\"css-1jxf684 r-bcqeeo r-1ttztb7 r-qvutc0 r-poiln3 r-nhe8su r-yn5ncy r-clrlgt r-nvplwv\">.<\/span><\/p>\n<p><span class=\"css-1jxf684 r-bcqeeo r-1ttztb7 r-qvutc0 r-poiln3 r-nhe8su r-yn5ncy r-clrlgt r-nvplwv\">Dan Negrea, reprezent<\/span><span class=\"css-1jxf684 r-bcqeeo r-1ttztb7 r-qvutc0 r-poiln3 r-nhe8su r-yn5ncy r-clrlgt r-nvplwv\">antul SUA la Consiliul Economic \u0219i Social al ONU, a \u00eend<\/span><span class=\"css-1jxf684 r-bcqeeo r-1ttztb7 r-qvutc0 r-poiln3 r-nhe8su r-yn5ncy r-clrlgt r-nvplwv\">emnat \u201e<\/span><span class=\"css-1jxf684 r-bcqeeo r-1ttztb7 r-qvutc0 r-poiln3 r-nhe8su r-yn5ncy r-clrlgt r-nvplwv\">ambele p\u0103r\u021bi\u201d s\u0103 \u00eenceteze atacurile care amen<\/span><span class=\"css-1jxf684 r-bcqeeo r-1ttztb7 r-qvutc0 r-poiln3 r-nhe8su r-yn5ncy r-clrlgt r-nvplwv\">in\u021b\u0103 vase<\/span><span class=\"css-1jxf684 r-bcqeeo r-1ttztb7 r-qvutc0 r-poiln3 r-nhe8su r-yn5ncy r-clrlgt r-nvplwv\">le civile sau care\u00a0<\/span><span class=\"css-1jxf684 r-bcqeeo r-1ttztb7 r-qvutc0 r-poiln3 r-nhe8su r-yn5ncy r-clrlgt r-nvplwv\">prezint\u0103 un\u00a0<\/span><span class=\"css-1jxf684 r-bcqeeo r-1ttztb7 r-qvutc0 r-poiln3 r-nhe8su r-yn5ncy r-clrlgt r-nvplwv\">risc de pagube \u0219i a pres<\/span><span class=\"css-1jxf684 r-bcqeeo r-1ttztb7 r-qvutc0 r-poiln3 r-nhe8su r-yn5ncy r-clrlgt r-nvplwv\">at\u00a0<\/span><span class=\"css-1jxf684 r-bcqeeo r-1ttztb7 r-qvutc0 r-poiln3 r-nhe8su r-yn5ncy r-clrlgt r-nvplwv\">Rusia \u0219i Ucraina s\u0103 \u201ese \u00eentoarc\u0103 la masa neg<\/span><span class=\"css-1jxf684 r-bcqeeo r-1ttztb7 r-qvutc0 r-poiln3 r-nhe8su r-yn5ncy r-clrlgt r-nvplwv\">ocierilor\u201d. El s-a ab\u021binut s\u0103 condam<\/span><span class=\"css-1jxf684 r-bcqeeo r-1ttztb7 r-qvutc0 r-poiln3 r-nhe8su r-yn5ncy r-clrlgt r-nvplwv\">ne agresiunea rus\u0103.\u201d<\/span><\/p>\n<p>Dan Negrea: \u201eNe al\u0103tur\u0103m pre\u0219edintelui Trump \u00een apelul s\u0103u continuu pentru un armisti\u021biu imediat \u0219i pentru negocieri de bun\u0103-credin\u021b\u0103, menite s\u0103 pun\u0103 cap\u0103t r\u0103zboiului dintre Rusia \u0219i Ucraina \u0219i s\u0103 readuc\u0103 pacea \u0219i stabilitatea \u00een ambele \u021b\u0103ri.<\/p>\n<p>Num\u0103rul victimelor continu\u0103 s\u0103 creasc\u0103, atac dup\u0103 atac. Facem apel la ambele p\u0103r\u021bi s\u0103 \u00eenceteze orice atacuri care vizeaz\u0103 sau risc\u0103 s\u0103 avarieze nave civile.<\/p>\n<p>Este absurd s\u0103 se mai verse s\u00e2ngele unor civili nevinova\u021bi atunci c\u00e2nd nu exist\u0103 o solu\u021bie militar\u0103 pentru acest r\u0103zboi. Rusia \u0219i Ucraina trebuie s\u0103 se \u00eentoarc\u0103 la masa negocierilor.<\/p>\n<p>Statele Unite vor juca orice rol constructiv pe care \u00eel pot juca pentru a facilita discu\u021biile dintre Moscova \u0219i Kiev \u00een vederea atingerii acestui rezultat.\u201d, a spus diplomatul american de origine rom\u00e2n\u0103<i>\u00a0<\/i>\u00eenainte de a bloca rezolu\u021bia de condamnare a Rusiei \u00een sesiunea Adun\u0103rii ONU de luni, 24 august 2026. Dac\u0103 \u00eel prinde presa securist-soro\u0219ist\u0103 de limb\u0103 aproximativ rom\u00e2n\u0103 din colonia lui Macron de la Marea Neagr\u0103 sigur \u00eel pune la zid ca \u201eputinist\u201d. \u021aoiu nu mai spunem\u2026 \u00cel face \u201evarz\u0103\u201d!<\/p>\n<p><span class=\"subtitlu\">Cine este Dan Negrea (nu e Dan Negru!)<\/span><\/p>\n<p>\u201eAmbasadorul Dan Negrea \u2013\u00a0 Reprezentant al SUA la Consiliul Economic \u0219i Social al Organiza\u021biei Na\u021biunilor Unite \u0219i Reprezentant Alternativ al Statelor Unite la sesiunile Adun\u0103rii Generale<\/p>\n<p>Misiunea Statelor Unite la ONU<\/p>\n<p>Ambasadorul Dan Negrea este reprezentant al Statelor Unite la Consiliul Economic \u0219i Social al Organiza\u021biei Na\u021biunilor Unite \u0219i are calitatea de Reprezentant Alternativ al Statelor Unite la sesiunile Adun\u0103rii Generale.<\/p>\n<p>\u00cen 2025, a fost membru senior al echipei de tranzi\u021bie politic\u0103 la Banca de Export-Import a Statelor Unite. Din 2021 p\u00e2n\u0103 \u00een 2024, a fost fondatorul \u0219i directorul principal al Centrului pentru Libertate \u0219i Prosperitate, al unui think tank din Washington (<a href=\"http:\/\/www.atlanticcouncil.org\/programs\/freedom-and-prosperity-center\/\">Atlantic Council<\/a>\u00a0\u2013 n.n.).<\/p>\n<p>\u00cen timpul primei administra\u021bii Trump, ambasadorul Negrea a lucrat la Departamentul de Stat al SUA \u00een cadrul Biroului de Planificare a Politicii al Secretarului de Stat \u00een calitate de consilier principal responsabil pentru portofoliul economic \u0219i apoi ca Reprezentant Special pentru Comer\u021b \u0219i Afaceri.<\/p>\n<p>\u00cenainte de a intra \u00een serviciul guvernamental, el a petrecut mai mult de trei decenii \u00een roluri de conducere pe Wall Street, lucr\u00e2nd at\u00e2t ca bancher de investi\u021bii, c\u00e2t \u0219i ca investitor de capital privat.<\/p>\n<p>La v\u00e2rsta de 24 de ani, el a fugit din Rom\u00e2nia comunist\u0103 \u0219i a cerut azil politic \u00een Statele Unite. De\u021bine un MBA de la Universitatea Cornell \u0219i un masterat de la \u0218coala pentru Rela\u021bii Economice Interna\u021bionale din Rom\u00e2nia.<\/p>\n<p>Ambasadorul Negrea a publicat c\u0103r\u021bi, rapoarte \u0219i articole despre afacerile externe \u0219i este membru al Ordinului de Malta, o organiza\u021bie caritabil\u0103 catolic\u0103.\u201d, informeaz\u0103\u00a0<a href=\"http:\/\/usun.usmission.gov\/ambassador-dan-negrea\/\">Misiunea SUA la ONU<\/a>.<\/p>\n<div class=\"twitter-tweet twitter-tweet-rendered\"><iframe id=\"twitter-widget-0\" class title=\"X Post\" src=\"https:\/\/platform.twitter.com\/embed\/Tweet.html?dnt=false&amp;embedId=twitter-widget-0&amp;features=eyJ0ZndfdGltZWxpbmVfbGlzdCI6eyJidWNrZXQiOltdLCJ2ZXJzaW9uIjpudWxsfSwidGZ3X2ZvbGxvd2VyX2NvdW50X3N1bnNldCI6eyJidWNrZXQiOnRydWUsInZlcnNpb24iOm51bGx9LCJ0ZndfdHdlZXRfZWRpdF9iYWNrZW5kIjp7ImJ1Y2tldCI6Im9uIiwidmVyc2lvbiI6bnVsbH0sInRmd19yZWZzcmNfc2Vzc2lvbiI6eyJidWNrZXQiOiJvbiIsInZlcnNpb24iOm51bGx9LCJ0ZndfZm9zbnJfc29mdF9pbnRlcnZlbnRpb25zX2VuYWJsZWQiOnsiYnVja2V0Ijoib24iLCJ2ZXJzaW9uIjpudWxsfSwidGZ3X21peGVkX21lZGlhXzE1ODk3Ijp7ImJ1Y2tldCI6InRyZWF0bWVudCIsInZlcnNpb24iOm51bGx9LCJ0ZndfZXhwZXJpbWVudHNfY29va2llX2V4cGlyYXRpb24iOnsiYnVja2V0IjoxMjA5NjAwLCJ2ZXJzaW9uIjpudWxsfSwidGZ3X3Nob3dfYmlyZHdhdGNoX3Bpdm90c19lbmFibGVkIjp7ImJ1Y2tldCI6Im9uIiwidmVyc2lvbiI6bnVsbH0sInRmd19kdXBsaWNhdGVfc2NyaWJlc190b19zZXR0aW5ncyI6eyJidWNrZXQiOiJvbiIsInZlcnNpb24iOm51bGx9LCJ0ZndfdXNlX3Byb2ZpbGVfaW1hZ2Vfc2hhcGVfZW5hYmxlZCI6eyJidWNrZXQiOiJvbiIsInZlcnNpb24iOm51bGx9LCJ0ZndfdmlkZW9faGxzX2R5bmFtaWNfbWFuaWZlc3RzXzE1MDgyIjp7ImJ1Y2tldCI6InRydWVfYml0cmF0ZSIsInZlcnNpb24iOm51bGx9LCJ0ZndfbGVnYWN5X3RpbWVsaW5lX3N1bnNldCI6eyJidWNrZXQiOnRydWUsInZlcnNpb24iOm51bGx9LCJ0ZndfdHdlZXRfZWRpdF9mcm9udGVuZCI6eyJidWNrZXQiOiJvbiIsInZlcnNpb24iOm51bGx9fQ%3D%3D&amp;frame=false&amp;hideCard=false&amp;hideThread=false&amp;id=2092341558687289408&amp;lang=en&amp;origin=https%3A%2F%2Fwww.activenews.ro%2Fadmin%2Fcatalog.php%3Fm%3D-2%26ID_sec%3D2%26ID_articol%3D207651&amp;sessionId=ed6a2800d0b2dbc49d2f6119e4365785e9a6b528&amp;theme=light&amp;widgetsVersion=6a3ad42b224df%3A1778106238597&amp;width=550px\" frameborder scrolling=\"no\" allowfullscreen=\"allowfullscreen\" data-tweet-id=\"2092341558687289408\" data-mce-fragment=\"1\"><\/iframe><\/div>\n<p><strong><em>surs\u0103: <a href=\"https:\/\/www.activenews.ro\/stiri\/Ambasador-ROMAN-la-ONU-blocheaza-o-rezolutie-de-condamnare-a-Rusiei-pentru-razboiul-din-Ucraina-si-cere-celor-doua-parti-sa-faca-pace.-Dubla-surpriza-Dan-Negrea-reprezinta-SUA-Ce-a-zis-putinistul-207651\">activenews.ro<\/a><\/em><\/strong><\/p>\n<\/div>\n<\/div>\n<div class=\"td_block_wrap tdb_single_content tdi_120 td-pb-border-top td_block_template_1 td-post-content tagdiv-type\" data-td-block-uid=\"tdi_120\">\n<div class=\"tdb-block-inner td-fix-index\">\n<p><span class=\"css-1jxf684 r-bcqeeo r-1ttztb7 r-qvutc0 r-poiln3 r-nhe8su r-yn5ncy r-clrlgt r-nvplwv\">Pentru c\u0103 cititorii no\u0219tri sunt mai de\u0219tep\u021bi dec\u00e2t securi\u0219tii sistemului red\u0103m aici informa\u021bia cald\u0103 primit\u0103 de la un cititor\u00a0ActiveNews:<\/span><\/p>\n<p><span class=\"css-1jxf684 r-bcqeeo r-1ttztb7 r-qvutc0 r-poiln3 r-nhe8su r-yn5ncy r-clrlgt r-nvplwv\">\u201eONU: State<\/span><span class=\"css-1jxf684 r-bcqeeo r-1ttztb7 r-qvutc0 r-poiln3 r-nhe8su r-yn5ncy r-clrlgt r-nvplwv\">le Unite au ref<\/span><span class=\"css-1jxf684 r-bcqeeo r-1ttztb7 r-qvutc0 r-poiln3 r-nhe8su r-yn5ncy r-clrlgt r-nvplwv\">uzat s\u0103 ad<\/span><span class=\"css-1jxf684 r-bcqeeo r-1ttztb7 r-qvutc0 r-poiln3 r-nhe8su r-yn5ncy r-clrlgt r-nvplwv\">ere la o declara<\/span><span class=\"css-1jxf684 r-bcqeeo r-1ttztb7 r-qvutc0 r-poiln3 r-nhe8su r-yn5ncy r-clrlgt r-nvplwv\">\u021bie emis\u0103 de peste 50 de\u00a0<\/span><span class=\"css-1jxf684 r-bcqeeo r-1ttztb7 r-qvutc0 r-poiln3 r-nhe8su r-yn5ncy r-clrlgt r-nvplwv\">\u021b\u0103ri prin care Rusia este \u00eendemn<\/span><span class=\"css-1jxf684 r-bcqeeo r-1ttztb7 r-qvutc0 r-poiln3 r-nhe8su r-yn5ncy r-clrlgt r-nvplwv\">at\u0103 s\u0103 \u00eenceteze\u00a0<\/span><span class=\"css-1jxf684 r-bcqeeo r-1ttztb7 r-qvutc0 r-poiln3 r-nhe8su r-yn5ncy r-clrlgt r-nvplwv\">ag<\/span><span class=\"css-1jxf684 r-bcqeeo r-1ttztb7 r-qvutc0 r-poiln3 r-nhe8su r-yn5ncy r-clrlgt r-nvplwv\">resiunea \u00eempotriva\u00a0<\/span><span class=\"css-1jxf684 r-bcqeeo r-1ttztb7 r-qvutc0 r-poiln3 r-nhe8su r-yn5ncy r-clrlgt r-nvplwv\">Ucrainei \u0219i s\u0103 opreasc\u0103\u00a0<\/span><span class=\"css-1jxf684 r-bcqeeo r-1ttztb7 r-qvutc0 r-poiln3 r-nhe8su r-yn5ncy r-clrlgt r-nvplwv\">atacurile asupra\u00a0<\/span><span class=\"css-1jxf684 r-bcqeeo r-1ttztb7 r-qvutc0 r-poiln3 r-nhe8su r-yn5ncy r-clrlgt r-nvplwv\">popula\u021biilor civile.<\/span><\/p>\n<p><span class=\"css-1jxf684 r-bcqeeo r-1ttztb7 r-qvutc0 r-poiln3 r-nhe8su r-yn5ncy r-clrlgt r-nvplwv\">Documentul include un apel c\u0103tre\u00a0<\/span><span class=\"css-1jxf684 r-bcqeeo r-1ttztb7 r-qvutc0 r-poiln3 r-nhe8su r-yn5ncy r-clrlgt r-nvplwv\">Rusia de a \u201er\u0103sp<\/span><span class=\"css-1jxf684 r-bcqeeo r-1ttztb7 r-qvutc0 r-poiln3 r-nhe8su r-yn5ncy r-clrlgt r-nvplwv\">unde cerer<\/span><span class=\"css-1jxf684 r-bcqeeo r-1ttztb7 r-qvutc0 r-poiln3 r-nhe8su r-yn5ncy r-clrlgt r-nvplwv\">ilor pentru un armisti<\/span><span class=\"css-1jxf684 r-bcqeeo r-1ttztb7 r-qvutc0 r-poiln3 r-nhe8su r-yn5ncy r-clrlgt r-nvplwv\">\u021biu complet, imediat \u0219i necond<\/span><span class=\"css-1jxf684 r-bcqeeo r-1ttztb7 r-qvutc0 r-poiln3 r-nhe8su r-yn5ncy r-clrlgt r-nvplwv\">i\u021bionat\u201d \u0219i de a relua negocier<\/span><span class=\"css-1jxf684 r-bcqeeo r-1ttztb7 r-qvutc0 r-poiln3 r-nhe8su r-yn5ncy r-clrlgt r-nvplwv\">ile de\u00a0<\/span><span class=\"css-1jxf684 r-bcqeeo r-1ttztb7 r-qvutc0 r-poiln3 r-nhe8su r-yn5ncy r-clrlgt r-nvplwv\">pace<\/span><span class=\"css-1jxf684 r-bcqeeo r-1ttztb7 r-qvutc0 r-poiln3 r-nhe8su r-yn5ncy r-clrlgt r-nvplwv\">.<\/span><\/p>\n<p><span class=\"css-1jxf684 r-bcqeeo r-1ttztb7 r-qvutc0 r-poiln3 r-nhe8su r-yn5ncy r-clrlgt r-nvplwv\">Dan Negrea, reprezent<\/span><span class=\"css-1jxf684 r-bcqeeo r-1ttztb7 r-qvutc0 r-poiln3 r-nhe8su r-yn5ncy r-clrlgt r-nvplwv\">antul SUA la Consiliul Economic \u0219i Social al ONU, a \u00eend<\/span><span class=\"css-1jxf684 r-bcqeeo r-1ttztb7 r-qvutc0 r-poiln3 r-nhe8su r-yn5ncy r-clrlgt r-nvplwv\">emnat \u201e<\/span><span class=\"css-1jxf684 r-bcqeeo r-1ttztb7 r-qvutc0 r-poiln3 r-nhe8su r-yn5ncy r-clrlgt r-nvplwv\">ambele p\u0103r\u021bi\u201d s\u0103 \u00eenceteze atacurile care amen<\/span><span class=\"css-1jxf684 r-bcqeeo r-1ttztb7 r-qvutc0 r-poiln3 r-nhe8su r-yn5ncy r-clrlgt r-nvplwv\">in\u021b\u0103 vase<\/span><span class=\"css-1jxf684 r-bcqeeo r-1ttztb7 r-qvutc0 r-poiln3 r-nhe8su r-yn5ncy r-clrlgt r-nvplwv\">le civile sau care\u00a0<\/span><span class=\"css-1jxf684 r-bcqeeo r-1ttztb7 r-qvutc0 r-poiln3 r-nhe8su r-yn5ncy r-clrlgt r-nvplwv\">prezint\u0103 un\u00a0<\/span><span class=\"css-1jxf684 r-bcqeeo r-1ttztb7 r-qvutc0 r-poiln3 r-nhe8su r-yn5ncy r-clrlgt r-nvplwv\">risc de pagube \u0219i a pres<\/span><span class=\"css-1jxf684 r-bcqeeo r-1ttztb7 r-qvutc0 r-poiln3 r-nhe8su r-yn5ncy r-clrlgt r-nvplwv\">at\u00a0<\/span><span class=\"css-1jxf684 r-bcqeeo r-1ttztb7 r-qvutc0 r-poiln3 r-nhe8su r-yn5ncy r-clrlgt r-nvplwv\">Rusia \u0219i Ucraina s\u0103 \u201ese \u00eentoarc\u0103 la masa neg<\/span><span class=\"css-1jxf684 r-bcqeeo r-1ttztb7 r-qvutc0 r-poiln3 r-nhe8su r-yn5ncy r-clrlgt r-nvplwv\">ocierilor\u201d. El s-a ab\u021binut s\u0103 condam<\/span><span class=\"css-1jxf684 r-bcqeeo r-1ttztb7 r-qvutc0 r-poiln3 r-nhe8su r-yn5ncy r-clrlgt r-nvplwv\">ne agresiunea rus\u0103.\u201d<\/span><\/p>\n<p>Dan Negrea: \u201eNe al\u0103tur\u0103m pre\u0219edintelui Trump \u00een apelul s\u0103u continuu pentru un armisti\u021biu imediat \u0219i pentru negocieri de bun\u0103-credin\u021b\u0103, menite s\u0103 pun\u0103 cap\u0103t r\u0103zboiului dintre Rusia \u0219i Ucraina \u0219i s\u0103 readuc\u0103 pacea \u0219i stabilitatea \u00een ambele \u021b\u0103ri.<\/p>\n<p>Num\u0103rul victimelor continu\u0103 s\u0103 creasc\u0103, atac dup\u0103 atac. Facem apel la ambele p\u0103r\u021bi s\u0103 \u00eenceteze orice atacuri care vizeaz\u0103 sau risc\u0103 s\u0103 avarieze nave civile.<\/p>\n<p>Este absurd s\u0103 se mai verse s\u00e2ngele unor civili nevinova\u021bi atunci c\u00e2nd nu exist\u0103 o solu\u021bie militar\u0103 pentru acest r\u0103zboi. Rusia \u0219i Ucraina trebuie s\u0103 se \u00eentoarc\u0103 la masa negocierilor.<\/p>\n<p>Statele Unite vor juca orice rol constructiv pe care \u00eel pot juca pentru a facilita discu\u021biile dintre Moscova \u0219i Kiev \u00een vederea atingerii acestui rezultat.\u201d, a spus diplomatul american de origine rom\u00e2n\u0103<i>\u00a0<\/i>\u00eenainte de a bloca rezolu\u021bia de condamnare a Rusiei \u00een sesiunea Adun\u0103rii ONU de luni, 24 august 2026. Dac\u0103 \u00eel prinde presa securist-soro\u0219ist\u0103 de limb\u0103 aproximativ rom\u00e2n\u0103 din colonia lui Macron de la Marea Neagr\u0103 sigur \u00eel pune la zid ca \u201eputinist\u201d. \u021aoiu nu mai spunem\u2026 \u00cel face \u201evarz\u0103\u201d!<\/p>\n<p><span class=\"subtitlu\">Cine este Dan Negrea (nu e Dan Negru!)<\/span><\/p>\n<p>\u201eAmbasadorul Dan Negrea \u2013\u00a0 Reprezentant al SUA la Consiliul Economic \u0219i Social al Organiza\u021biei Na\u021biunilor Unite \u0219i Reprezentant Alternativ al Statelor Unite la sesiunile Adun\u0103rii Generale<\/p>\n<p>Misiunea Statelor Unite la ONU<\/p>\n<p>Ambasadorul Dan Negrea este reprezentant al Statelor Unite la Consiliul Economic \u0219i Social al Organiza\u021biei Na\u021biunilor Unite \u0219i are calitatea de Reprezentant Alternativ al Statelor Unite la sesiunile Adun\u0103rii Generale.<\/p>\n<p>\u00cen 2025, a fost membru senior al echipei de tranzi\u021bie politic\u0103 la Banca de Export-Import a Statelor Unite. Din 2021 p\u00e2n\u0103 \u00een 2024, a fost fondatorul \u0219i directorul principal al Centrului pentru Libertate \u0219i Prosperitate, al unui think tank din Washington (<a href=\"http:\/\/www.atlanticcouncil.org\/programs\/freedom-and-prosperity-center\/\">Atlantic Council<\/a>\u00a0\u2013 n.n.).<\/p>\n<p>\u00cen timpul primei administra\u021bii Trump, ambasadorul Negrea a lucrat la Departamentul de Stat al SUA \u00een cadrul Biroului de Planificare a Politicii al Secretarului de Stat \u00een calitate de consilier principal responsabil pentru portofoliul economic \u0219i apoi ca Reprezentant Special pentru Comer\u021b \u0219i Afaceri.<\/p>\n<p>\u00cenainte de a intra \u00een serviciul guvernamental, el a petrecut mai mult de trei decenii \u00een roluri de conducere pe Wall Street, lucr\u00e2nd at\u00e2t ca bancher de investi\u021bii, c\u00e2t \u0219i ca investitor de capital privat.<\/p>\n<p>La v\u00e2rsta de 24 de ani, el a fugit din Rom\u00e2nia comunist\u0103 \u0219i a cerut azil politic \u00een Statele Unite. De\u021bine un MBA de la Universitatea Cornell \u0219i un masterat de la \u0218coala pentru Rela\u021bii Economice Interna\u021bionale din Rom\u00e2nia.<\/p>\n<p>Ambasadorul Negrea a publicat c\u0103r\u021bi, rapoarte \u0219i articole despre afacerile externe \u0219i este membru al Ordinului de Malta, o organiza\u021bie caritabil\u0103 catolic\u0103.\u201d, informeaz\u0103\u00a0<a href=\"http:\/\/usun.usmission.gov\/ambassador-dan-negrea\/\">Misiunea SUA la ONU<\/a>.<\/p>\n<div class=\"twitter-tweet twitter-tweet-rendered\"><iframe id=\"twitter-widget-0\" class title=\"X Post\" src=\"https:\/\/platform.twitter.com\/embed\/Tweet.html?dnt=false&amp;embedId=twitter-widget-0&amp;features=eyJ0ZndfdGltZWxpbmVfbGlzdCI6eyJidWNrZXQiOltdLCJ2ZXJzaW9uIjpudWxsfSwidGZ3X2ZvbGxvd2VyX2NvdW50X3N1bnNldCI6eyJidWNrZXQiOnRydWUsInZlcnNpb24iOm51bGx9LCJ0ZndfdHdlZXRfZWRpdF9iYWNrZW5kIjp7ImJ1Y2tldCI6Im9uIiwidmVyc2lvbiI6bnVsbH0sInRmd19yZWZzcmNfc2Vzc2lvbiI6eyJidWNrZXQiOiJvbiIsInZlcnNpb24iOm51bGx9LCJ0ZndfZm9zbnJfc29mdF9pbnRlcnZlbnRpb25zX2VuYWJsZWQiOnsiYnVja2V0Ijoib24iLCJ2ZXJzaW9uIjpudWxsfSwidGZ3X21peGVkX21lZGlhXzE1ODk3Ijp7ImJ1Y2tldCI6InRyZWF0bWVudCIsInZlcnNpb24iOm51bGx9LCJ0ZndfZXhwZXJpbWVudHNfY29va2llX2V4cGlyYXRpb24iOnsiYnVja2V0IjoxMjA5NjAwLCJ2ZXJzaW9uIjpudWxsfSwidGZ3X3Nob3dfYmlyZHdhdGNoX3Bpdm90c19lbmFibGVkIjp7ImJ1Y2tldCI6Im9uIiwidmVyc2lvbiI6bnVsbH0sInRmd19kdXBsaWNhdGVfc2NyaWJlc190b19zZXR0aW5ncyI6eyJidWNrZXQiOiJvbiIsInZlcnNpb24iOm51bGx9LCJ0ZndfdXNlX3Byb2ZpbGVfaW1hZ2Vfc2hhcGVfZW5hYmxlZCI6eyJidWNrZXQiOiJvbiIsInZlcnNpb24iOm51bGx9LCJ0ZndfdmlkZW9faGxzX2R5bmFtaWNfbWFuaWZlc3RzXzE1MDgyIjp7ImJ1Y2tldCI6InRydWVfYml0cmF0ZSIsInZlcnNpb24iOm51bGx9LCJ0ZndfbGVnYWN5X3RpbWVsaW5lX3N1bnNldCI6eyJidWNrZXQiOnRydWUsInZlcnNpb24iOm51bGx9LCJ0ZndfdHdlZXRfZWRpdF9mcm9udGVuZCI6eyJidWNrZXQiOiJvbiIsInZlcnNpb24iOm51bGx9fQ%3D%3D&amp;frame=false&amp;hideCard=false&amp;hideThread=false&amp;id=2092341558687289408&amp;lang=en&amp;origin=https%3A%2F%2Fwww.activenews.ro%2Fadmin%2Fcatalog.php%3Fm%3D-2%26ID_sec%3D2%26ID_articol%3D207651&amp;sessionId=ed6a2800d0b2dbc49d2f6119e4365785e9a6b528&amp;theme=light&amp;widgetsVersion=6a3ad42b224df%3A1778106238597&amp;width=550px\" frameborder scrolling=\"no\" allowfullscreen=\"allowfullscreen\" data-tweet-id=\"2092341558687289408\" data-mce-fragment=\"1\"><\/iframe><\/div>\n<p><strong><em>surs\u0103: <a href=\"https:\/\/www.activenews.ro\/stiri\/Ambasador-ROMAN-la-ONU-blocheaza-o-rezolutie-de-condamnare-a-Rusiei-pentru-razboiul-din-Ucraina-si-cere-celor-doua-parti-sa-faca-pace.-Dubla-surpriza-Dan-Negrea-reprezinta-SUA-Ce-a-zis-putinistul-207651\">activenews.ro<\/a><\/em><\/strong><\/p>\n<\/div>\n<\/div>\n<p>[analyse_source url=&#8221;https:\/\/solidnews.ro\/activenews-il-prezinta-pe-romanul-de-la-onu-care-lucreaza-pentru-sua-dar-voteaza-in-favoarea-rusiei-ce-a-zis-putinistul-romano-american\/&#8221;]<\/p>\n","protected":false},"excerpt":{"rendered":"<p>[analyse_image type=&#8221;featured&#8221; src=&#8221;https:\/\/solidnews.ro\/wp-content\/uploads\/2026\/08\/207651.jpeg-888&#215;499-1.webp&#8221;] Pentru c\u0103 cititorii no\u0219tri sunt mai de\u0219tep\u021bi dec\u00e2t securi\u0219tii sistemului red\u0103m aici informa\u021bia cald\u0103 primit\u0103 de la un cititor\u00a0ActiveNews: \u201eONU: Statele Unite au refuzat s\u0103 adere la o declara\u021bie emis\u0103 de peste 50 de\u00a0\u021b\u0103ri prin care Rusia este \u00eendemnat\u0103 s\u0103 \u00eenceteze\u00a0agresiunea \u00eempotriva\u00a0Ucrainei \u0219i s\u0103 opreasc\u0103\u00a0atacurile asupra\u00a0popula\u021biilor civile. Documentul include un apel c\u0103tre\u00a0Rusia [&hellip;]<\/p>\n","protected":false},"author":1,"featured_media":0,"comment_status":"open","ping_status":"","sticky":false,"template":"","format":"standard","meta":{"footnotes":""},"categories":[89],"tags":[226,97],"class_list":["post-2112475","post","type-post","status-publish","format-standard","hentry","category-romania","tag-crawlmanager","tag-solidnews-ro"],"_links":{"self":[{"href":"https:\/\/analyse.optim.biz\/index.php?rest_route=\/wp\/v2\/posts\/2112475","targetHints":{"allow":["GET"]}}],"collection":[{"href":"https:\/\/analyse.optim.biz\/index.php?rest_route=\/wp\/v2\/posts"}],"about":[{"href":"https:\/\/analyse.optim.biz\/index.php?rest_route=\/wp\/v2\/types\/post"}],"author":[{"embeddable":true,"href":"https:\/\/analyse.optim.biz\/index.php?rest_route=\/wp\/v2\/users\/1"}],"replies":[{"embeddable":true,"href":"https:\/\/analyse.optim.biz\/index.php?rest_route=%2Fwp%2Fv2%2Fcomments&post=2112475"}],"version-history":[{"count":0,"href":"https:\/\/analyse.optim.biz\/index.php?rest_route=\/wp\/v2\/posts\/2112475\/revisions"}],"wp:attachment":[{"href":"https:\/\/analyse.optim.biz\/index.php?rest_route=%2Fwp%2Fv2%2Fmedia&parent=2112475"}],"wp:term":[{"taxonomy":"category","embeddable":true,"href":"https:\/\/analyse.optim.biz\/index.php?rest_route=%2Fwp%2Fv2%2Fcategories&post=2112475"},{"taxonomy":"post_tag","embeddable":true,"href":"https:\/\/analyse.optim.biz\/index.php?rest_route=%2Fwp%2Fv2%2Ftags&post=2112475"}],"curies":[{"name":"wp","href":"https:\/\/api.w.org\/{rel}","templated":true}]}}