{"id":2112465,"date":"2026-08-25T07:15:17","date_gmt":"2026-08-25T04:15:17","guid":{"rendered":"https:\/\/analyse.optim.biz\/?p=2112465"},"modified":"2026-08-25T07:15:17","modified_gmt":"2026-08-25T04:15:17","slug":"ambasadorul-rusiei-s-a-enervat-dupa-ce-un-roman-i-a-spus-mars-la-moscova-avem-dreptul-sa-le-reamintim-teritoriul-romaniei-s-a-marit-cu-o-treime","status":"publish","type":"post","link":"https:\/\/analyse.optim.biz\/?p=2112465","title":{"rendered":"Ambasadorul Rusiei s-a enervat, dup\u0103 ce un rom\u00e2n i-a spus \u201eMar\u0219 la Moscova\u201d: \u201eAvem dreptul s\u0103 le reamintim: teritoriul Rom\u00e2niei s-a m\u0103rit cu o treime!\u201d"},"content":{"rendered":"<p>[analyse_image type=&#8221;featured&#8221; src=&#8221;https:\/\/60m.ro\/wp-content\/uploads\/2026\/04\/lipaev.webp&#8221;]<\/p>\n<div class=\"articleBody\" data-key=\"articleBody\">\nUn t\u00e2n\u0103r asistent universitar s-a prezentat vineri, 21 august, la Cimitirul \u201eEternitatea\u201d, din Ia\u0219i, acolo unde a fost prezent \u0219i ambasadorul Federa\u021biei\u00a0Ruse\u00a0la Bucure\u0219ti, Vladimir Lipaev. Este vorba despre Sebastian Buduroi, asistent universitar asociat la Facultatea de Filosofie \u0219i \u0218tiin\u021be Social-Politice din cadrul Universit\u0103\u021bii \u201eAlexandru Ioan Cuza\u201d din Ia\u0219i, care le-a transmis celor prezen\u021bi \u201emar\u0219 la Moscova!\u201d (motivele invocate de protestatar, mai jos). \u00cen urma acestui incident, ambasada Rusiei la Bucure\u0219ti, prin vocea\u00a0ambasadorului\u00a0Vladimir Lipaev, a avut o reac\u021bie acid\u0103.<\/p>\n<p>Evenimentul de la Ia\u0219i<\/p>\n<p>La 21 august, Ambasadorul Extraordinar \u0219i Plenipoten\u021biar al Federa\u021biei Ruse \u00een Rom\u00e2nia, Vladimir Lipaev, la invita\u021bia \u201eForumului pentru o dezvoltare european\u0103 durabil\u0103\u201d, a participat la ceremonia de depunere de flori la monumentul osta\u0219ilor sovietici din Cimitirul \u201eEternitatea\u201d din Ia\u0219i.<\/p>\n<p>La eveniment au participat reprezentan\u021bi ai organiza\u021biilor neguvernamentale rom\u00e2ne\u0219ti \u0219i ai mediului academic, precum \u0219i reprezentan\u021bi ai comunit\u0103\u021bii ruse din Rom\u00e2nia.<\/p>\n<p>Ambasada Rusiei de la Bucure\u0219ti a prezentat evenimentul drept trecerea celor \u201e82 de ani de la insurec\u021bia popular\u0103 din 23 august 1944 din Rom\u00e2nia, \u00een urma c\u0103reia a fost \u00eenl\u0103turat de la putere unul dintre acoli\u021bii lui Hitler, dictatorul militar rom\u00e2n Ion Antonescu, iar \u021bara a trecut de partea coali\u021biei antihitleriste\u201d, se arat\u0103 \u00een prezentarea oficial\u0103 rus\u0103.<\/p>\n<p>Adres\u00e2ndu-se celor prezen\u021bi, Ambasadorul a subliniat importan\u021ba \u201einsurec\u021biei populare de la 23 august 1944 pentru Rom\u00e2nia \u0219i Europa, eviden\u021biind c\u0103 una dintre premisele esen\u021biale ale succesului acesteia a fost \u00eenaintarea rapid\u0103 a Armatei Ro\u0219ii \u00een cadrul Opera\u021biunii Ia\u0219i-Chi\u0219in\u0103u.\u201d<\/p>\n<p>\u0218eful misiunii diplomatice a accentuat necesitatea p\u0103str\u0103rii unei memorii istorice obiective asupra acelor evenimente \u0219i a \u201eluptei comune a popoarelor sovietic \u0219i rom\u00e2n \u00eempotriva nazismului \u00een etapa final\u0103 a celui de-Al Doilea R\u0103zboi Mondial\u201d.<\/p>\n<p>Nemul\u021bumirea ambasadorului<\/p>\n<p>Potrivit diplomatului, tendin\u021ba manifestat\u0103 \u00een Rom\u00e2nia de a reconsidera semnifica\u021bia istoric\u0103 a\u00a0\u201einsurec\u021biei populare de la 23 august 1944\u201d, precum \u0219i \u00eencercarea de a prezenta perioada postbelic\u0103 \u201eexclusiv prin prisma mitului ocupa\u021biei sovietice, contravin faptelor istorice.\u201d<\/p>\n<p>\u201eAmbasadorul a condamnat \u00eencerc\u0103rile de a minimaliza rolul decisiv al poporului sovietic \u00een \u00eenfr\u00e2ngerea Germaniei hitleriste, de a pune URSS pe aceea\u0219i treapt\u0103 cu adev\u0103ra\u021bii vinova\u021bi de declan\u0219area r\u0103zboiului, precum \u0219i de a-i reabilita pe criminalii nazi\u0219ti \u0219i pe complicii acestora\u201d; se arat\u0103 \u00een comunicat. \u201eUn loc aparte \u00een discursul s\u0103u, Ambasadorul l-a acordat eroismului osta\u0219ilor sovietici care \u0219i-au v\u0103rsat s\u00e2ngele pentru eliberarea Rom\u00e2niei \u0219i Europei de nazism. El a reamintit c\u0103 zeci de mii de solda\u021bi \u0219i ofi\u021beri sovietici \u0219i-au g\u0103sit ultimul refugiu pe p\u0103m\u00e2ntul rom\u00e2nesc, d\u00e2ndu-\u0219i via\u021ba pentru Victorie. Diplomatul \u0219i-a exprimat, de asemenea, profunda recuno\u0219tin\u021b\u0103 fa\u021b\u0103 de to\u021bi cei care p\u0103streaz\u0103 vie memoria eroilor-eliberatori sovietici c\u0103zu\u021bi pe teritoriul Rom\u00e2niei \u0219i au grij\u0103 de cimitirele \u0219i mormintele militare ruse\u0219ti aflate \u00een \u021bar\u0103\u201d, a punctat ambasada.<\/p>\n<p>\u201eTeritoriul \u021b\u0103rii s-a m\u0103rit cu o treime\u201d<\/p>\n<p>\u201eCelor care repet\u0103 \u00eentruna, ca pe o mantr\u0103, mitul &#8216;ocupa\u021biei sovietice&#8217;, avem dreptul s\u0103 le reamintim c\u0103, \u00een urma acestei &#8216;ocupa\u021bii&#8217;, teritoriul \u021b\u0103rii s-a m\u0103rit cu o treime. Anume guvernul sovietic, \u021bin\u00e2nd cont de contribu\u021bia Rom\u00e2niei la \u00eenfr\u00e2ngerea fascismului \u00een etapa final\u0103 a celui de-Al Doilea R\u0103zboi Mondial, a restituit Rom\u00e2niei Transilvania, pe care fo\u0219tii \u0219i actualii s\u0103i a\u0219a-zi\u0219i \u00abalia\u021bi\u00bb i-o r\u0103piser\u0103 \u00een 1940, \u00een urma deciziei celui de-al Doilea Arbitraj de la Viena. \u0218i tocmai evenimentele de la 23 august 1944 au contribuit la restabilirea integrit\u0103\u021bii teritoriale a Rom\u00e2niei\u201d, a subliniat V.Lipaev.<\/p>\n<p>Ce le-a transmis t\u00e2n\u0103rul? \u201eMar\u0219 la Moscova!\u201d<\/p>\n<p>Vineri, Buduroi a venit cu un mesaj pentru cei prezen\u021bi.<\/p>\n<p>\u201eMar\u0219 la Moscova! F\u0103r\u0103 \u00een\u021belepciune ruseasc\u0103!\u201d, a fost mesajul afi\u0219at de t\u00e2n\u0103rul asistent universitar, \u00een prezen\u021ba lui Lipaev.<\/p>\n<p>Ce a transmis el mai exact:<\/p>\n<p>\u201eVreau s\u0103 clarific dou\u0103 lucruri:<\/p>\n<p>1. Am fost singur pentru c\u0103 totul a fost prea din scurt pentru a putea ob\u021bine avizele legale pentru organizarea unei manifesta\u021bii. \u00cen orice caz, la c\u00e2t &#8220;drag&#8221; au de mine ale\u0219ii locali ai municipiului Ia\u0219i, m\u0103 \u00eendoiesc profund c\u0103 a\u0219 fi primit aprobarea. Promit, \u00eens\u0103, c\u0103 ne vom organiza mult mai bine dac\u0103 va exista o edi\u021bie viitoare \u0219i c\u0103 v\u0103 voi invita public al\u0103turi de mine!<\/p>\n<p>Valul de sus\u021binere este absolut incredibil \u0219i \u021bin s\u0103 v\u0103 mul\u021bumesc pentru asta! Cel mai mare succes al acestei ac\u021biuni va fi faptul c\u0103 reu\u0219im s\u0103 coagul\u0103m aceast\u0103 parte majoritar\u0103 a societ\u0103\u021bii care respinge rusofilia \u0219i care s-a s\u0103turat s\u0103 evite combaterea proru\u0219ilor.<\/p>\n<p>2. Mi se repro\u0219eaz\u0103 o aparent\u0103 lips\u0103 de bun-sim\u021b pentru c\u0103 a\u0219 fi stricat o comemorare a unor solda\u021bi c\u0103zu\u021bi. Evenimentul de ieri nu a fost o simpl\u0103 comemorare, ci o manifesta\u021bie politic\u0103 cu elemente \u0219i declara\u021bii politice comuniste \u0219i rusofile, care nici m\u0103car nu avea toate avizele legale.<\/p>\n<p>Au fost trimi\u0219i pe front to\u021bi cei care se \u00eempotrivesc agresiunii ruse, organizatorii afirm\u00e2nd, printre altele, faptul c\u0103 Rom\u00e2nia nu ar fi existat f\u0103r\u0103 Rusia \u0219i c\u0103 trebuie s\u0103 fim umili \u00een fa\u021ba Kremlinului, altfel vom avea soarta Ucrainei. Nu cred c\u0103 la un eveniment de comemorare a osta\u0219ilor germani se vine cu steaguri, propagand\u0103 \u0219i discursuri naziste.<\/p>\n<p>P.S.: Nu am fost pl\u0103tit \u0219i nu sunt membrul niciunui partid. Ac\u021biunea mea a fost una personal\u0103, am afi\u0219at pancarta \u00een numele meu \u0219i al milioanelor de rom\u00e2ni care \u00eemi \u00eemp\u0103rt\u0103\u0219esc valorile\u201d, a scris Sebastian Buduroi, pe Facebook, s\u00e2mb\u0103t\u0103.<\/p>\n<p>\u00cen aprilie 2026, Lipaev a f\u0103cut o declara\u021bie care a st\u00e2rnit ample discu\u021bii \u00een spa\u021biul rom\u00e2nesc: ambasadorul rus a spus c\u0103 \u201e\u00een 1918, profit\u00e2nd de sl\u0103biciunea t\u00e2n\u0103rului stat sovietic, Rom\u00e2nia a ocupat Basarabia\u201d.<\/p>\n<p>\u201eBasarabia s-a desprins de principatele rom\u00e2ne \u00een 1812, c\u00e2nd a devenit parte a Imperiului Rus \u00een baza Tratatului de pace de la Bucure\u0219ti \u00eencheiat cu Imperiul Otoman (celelalte principate au r\u0103mas \u00een dependen\u021b\u0103 vasalic\u0103).<\/p>\n<p>Acest teritoriu nu a f\u0103cut niciodat\u0103 parte din statul rom\u00e2n proclamat \u00een 1881 datorit\u0103 victoriei Rusiei \u00een r\u0103zboiul ruso-turc (\u201eprietenii fideli\u201d ai rom\u00e2nilor, englezii \u0219i francezii, au stat, ca de obicei, deoparte).<\/p>\n<p>\u00cen 1918, profit\u00e2nd de sl\u0103biciunea t\u00e2n\u0103rului stat sovietic, Rom\u00e2nia a ocupat Basarabia, \u201emul\u021bumind\u201d \u00een acest mod aliatului s\u0103u din Primul R\u0103zboi Mondial, care a salvat-o de la o \u00eenfr\u00e2ngere total\u0103 \u00een fa\u021ba trupelor germane \u00een 1916\u201d, a afirmat Lipaev.\n<\/p><\/div>\n<p>[analyse_source url=&#8221;https:\/\/60m.ro\/ambasadorul-rusiei-s-a-enervat-dupa-ce-un-roman-i-a-spus-mars-la-moscova-avem-dreptul-sa-le-reamintim-teritoriul-romaniei-s-a-marit-cu-o-treime\/&#8221;]<\/p>\n","protected":false},"excerpt":{"rendered":"<p>[analyse_image type=&#8221;featured&#8221; src=&#8221;https:\/\/60m.ro\/wp-content\/uploads\/2026\/04\/lipaev.webp&#8221;] Un t\u00e2n\u0103r asistent universitar s-a prezentat vineri, 21 august, la Cimitirul \u201eEternitatea\u201d, din Ia\u0219i, acolo unde a fost prezent \u0219i ambasadorul Federa\u021biei\u00a0Ruse\u00a0la Bucure\u0219ti, Vladimir Lipaev. Este vorba despre Sebastian Buduroi, asistent universitar asociat la Facultatea de Filosofie \u0219i \u0218tiin\u021be Social-Politice din cadrul Universit\u0103\u021bii \u201eAlexandru Ioan Cuza\u201d din Ia\u0219i, care le-a transmis celor [&hellip;]<\/p>\n","protected":false},"author":1,"featured_media":0,"comment_status":"open","ping_status":"","sticky":false,"template":"","format":"standard","meta":{"footnotes":""},"categories":[89],"tags":[100,226],"class_list":["post-2112465","post","type-post","status-publish","format-standard","hentry","category-romania","tag-60m-ro","tag-crawlmanager"],"_links":{"self":[{"href":"https:\/\/analyse.optim.biz\/index.php?rest_route=\/wp\/v2\/posts\/2112465","targetHints":{"allow":["GET"]}}],"collection":[{"href":"https:\/\/analyse.optim.biz\/index.php?rest_route=\/wp\/v2\/posts"}],"about":[{"href":"https:\/\/analyse.optim.biz\/index.php?rest_route=\/wp\/v2\/types\/post"}],"author":[{"embeddable":true,"href":"https:\/\/analyse.optim.biz\/index.php?rest_route=\/wp\/v2\/users\/1"}],"replies":[{"embeddable":true,"href":"https:\/\/analyse.optim.biz\/index.php?rest_route=%2Fwp%2Fv2%2Fcomments&post=2112465"}],"version-history":[{"count":0,"href":"https:\/\/analyse.optim.biz\/index.php?rest_route=\/wp\/v2\/posts\/2112465\/revisions"}],"wp:attachment":[{"href":"https:\/\/analyse.optim.biz\/index.php?rest_route=%2Fwp%2Fv2%2Fmedia&parent=2112465"}],"wp:term":[{"taxonomy":"category","embeddable":true,"href":"https:\/\/analyse.optim.biz\/index.php?rest_route=%2Fwp%2Fv2%2Fcategories&post=2112465"},{"taxonomy":"post_tag","embeddable":true,"href":"https:\/\/analyse.optim.biz\/index.php?rest_route=%2Fwp%2Fv2%2Ftags&post=2112465"}],"curies":[{"name":"wp","href":"https:\/\/api.w.org\/{rel}","templated":true}]}}