{"id":2112434,"date":"2026-08-26T11:27:58","date_gmt":"2026-08-26T08:27:58","guid":{"rendered":"https:\/\/analyse.optim.biz\/?p=2112434"},"modified":"2026-08-26T11:27:58","modified_gmt":"2026-08-26T08:27:58","slug":"cj-buzau-vrea-sa-preia-vulcanii-noroiosi-si-mina-de-petrol-terenurile-de-acces-la-focul-viu-ar-putea-fi-expropriate","status":"publish","type":"post","link":"https:\/\/analyse.optim.biz\/?p=2112434","title":{"rendered":"CJ Buz\u0103u vrea s\u0103 preia Vulcanii Noroio\u0219i \u0219i Mina de Petrol. Terenurile de acces la Focul Viu ar putea fi expropriate"},"content":{"rendered":"<p>[analyse_image type=&#8221;featured&#8221; src=&#8221;https:\/\/www.observatorulbuzoian.ro\/wp-content\/uploads\/2026\/08\/Marcel-CIOLACU-6.jpg&#8221;]<\/p>\n<div class=\"td-post-content tagdiv-type\">\n<p class=\"PDq2pG_selectionAnchorContainer\" data-start=\"2622\" data-end=\"2917\">Consiliul Jude\u021bean Buz\u0103u \u00eencearc\u0103 s\u0103 preia \u00een administrare Vulcanii Noroio\u0219i \u0219i Mina de Petrol de la S\u0103rata-Monteoru, dou\u0103 dintre cele mai cunoscute atrac\u021bii ale jude\u021bului. \u00cen acela\u0219i timp, institu\u021bia a f\u0103cut demersuri pentru cump\u0103rarea terenurilor pe care se realizeaz\u0103 accesul c\u0103tre Focul Viu.<\/p>\n<p data-start=\"2919\" data-end=\"3122\">Pre\u0219edintele CJ Buz\u0103u, Marcel Ciolacu, sus\u021bine c\u0103 Vulcanii Noroio\u0219i ar trebui administra\u021bi de Consiliul Jude\u021bean, institu\u021bie care ar avea resursele necesare pentru dezvoltarea \u0219i promovarea obiectivului.<\/p>\n<p data-start=\"3124\" data-end=\"3350\"><a href=\"https:\/\/www.observatorulbuzoian.ro\/wp-content\/uploads\/2022\/02\/Drum-Vulcani.jpg\"><img loading=\"lazy\" decoding=\"async\" src=\"https:\/\/www.observatorulbuzoian.ro\/wp-content\/uploads\/2022\/02\/Drum-Vulcani.jpg\" class=\"aligncenter size-full wp-image-111412\" alt width=\"1000\" height=\"667\"><img loading=\"lazy\" decoding=\"async\" class=\"aligncenter size-full wp-image-111412\" src=\"https:\/\/www.observatorulbuzoian.ro\/wp-content\/uploads\/2022\/02\/Drum-Vulcani.jpg\" alt width=\"1000\" height=\"667\"><\/a>\u201eSper ca, \u00eempreun\u0103 cu viitorul Guvern, s\u0103 \u00eenchidem odat\u0103 problema administr\u0103rii de la Vulcanii Noroio\u0219i. Normal c\u0103 trebuie s\u0103 fie c\u0103tre o entitate \u0219i mi-a\u0219 dori s\u0103 fie, p\u00e2n\u0103 la urm\u0103, la Consiliul Jude\u021bean\u201d, a declarat Ciolacu.<\/p>\n<p data-start=\"3352\" data-end=\"3567\">\u00cen paralel, administra\u021bia jude\u021bean\u0103 preg\u0103te\u0219te continuarea lucr\u0103rilor pe DJ 203C, drumul care asigur\u0103 accesul c\u0103tre Vulcanii Noroio\u0219i. Mai \u00eent\u00e2i vor fi realizate consolid\u0103rile necesare, dup\u0103 care ar urma asfaltarea.<\/p>\n<p data-start=\"3569\" data-end=\"3698\">\u201eO s\u0103 \u00eencepem \u00eent\u00e2i cu consolid\u0103rile, cu pilonii, \u0219i apoi o s\u0103 urmeze asfaltarea pe care o a\u0219tept\u0103m\u201d, a precizat pre\u0219edintele CJ.<\/p>\n<p data-start=\"3700\" data-end=\"3903\">Un alt obiectiv vizat este Mina de Petrol de la S\u0103rata-Monteoru, aflat\u0103 \u00een prezent \u00een administrarea OMV. CJ Buz\u0103u dore\u0219te ca mina s\u0103 fie preluat\u0103 prin Muzeul Jude\u021bean \u0219i inclus\u0103 \u00eentr-un circuit turistic.<\/p>\n<p data-start=\"3905\" data-end=\"4156\">\u201eMina de Petrol, \u00een momentul acesta, este \u00een administrarea OMV. \u00cencerc\u0103m s\u0103 prelu\u0103m administrarea prin Muzeul Jude\u021bean. \u0218ti\u021bi c\u0103 este singura min\u0103 de petrol de suprafa\u021b\u0103 din Europa \u0219i, cu certitudine, este un punct de atrac\u021bie\u201d, a spus Marcel Ciolacu.<\/p>\n<p data-start=\"4158\" data-end=\"4276\">Obiectivul ar urma s\u0103 fie conservat \u0219i preg\u0103tit pentru accesarea fondurilor europene din viitorul exerci\u021biu financiar.<\/p>\n<p data-start=\"4278\" data-end=\"4486\"><a href=\"https:\/\/www.observatorulbuzoian.ro\/wp-content\/uploads\/2021\/02\/Tinutul-Buzaului-5.jpg\"><img loading=\"lazy\" decoding=\"async\" src=\"https:\/\/www.observatorulbuzoian.ro\/wp-content\/uploads\/2021\/02\/Tinutul-Buzaului-5.jpg\" class=\"aligncenter size-full wp-image-106537\" alt width=\"1000\" height=\"666\"><img loading=\"lazy\" decoding=\"async\" class=\"aligncenter size-full wp-image-106537\" src=\"https:\/\/www.observatorulbuzoian.ro\/wp-content\/uploads\/2021\/02\/Tinutul-Buzaului-5.jpg\" alt width=\"1000\" height=\"666\"><\/a>\u00cen cazul Focului Viu, principala problem\u0103 este accesul, care se face peste terenuri private. Consiliul Jude\u021bean a trimis deja adrese proprietarilor, exprim\u00e2ndu-\u0219i inten\u021bia de a cump\u0103ra suprafe\u021bele respective.<\/p>\n<p data-start=\"4488\" data-end=\"4613\">\u201eAm f\u0103cut deja o adres\u0103 proprietarilor, cu inten\u021bia clar\u0103 a Consiliului Jude\u021bean de a cump\u0103ra acel teren\u201d, a anun\u021bat Ciolacu.<\/p>\n<p data-start=\"4615\" data-end=\"4761\">Pre\u0219edintele CJ sper\u0103 ca tranzac\u021bia s\u0103 fie realizat\u0103 prin negociere, dar nu exclude exproprierea \u00een cazul \u00een care nu se va ajunge la o \u00een\u021belegere.<\/p>\n<p data-start=\"4763\" data-end=\"4921\">\u201eEu sper s\u0103 g\u0103sim \u00een\u021belegere \u0219i s\u0103 cump\u0103r\u0103m acest teren, s\u0103 nu ajungem la expropriere. Dar, dac\u0103 este nevoie, vom ajunge \u0219i acolo\u201d, a declarat Marcel Ciolacu.<\/p>\n<p data-start=\"4923\" data-end=\"5128\">Prin preluarea \u0219i dezvoltarea celor trei obiective, conducerea Consiliului Jude\u021bean urm\u0103re\u0219te realizarea unor circuite turistice care s\u0103 \u00eei determine pe vizitatori s\u0103 r\u0103m\u00e2n\u0103 mai mult timp \u00een jude\u021bul Buz\u0103u.<\/p>\n<\/div>\n<p>[analyse_source url=&#8221;https:\/\/www.observatorulbuzoian.ro\/cj-buzau-vrea-sa-preia-vulcanii-noroiosi-si-mina-de-petrol-terenurile-de-acces-la-focul-viu-ar-putea-fi-expropriate\/&#8221;]<\/p>\n","protected":false},"excerpt":{"rendered":"<p>[analyse_image type=&#8221;featured&#8221; src=&#8221;https:\/\/www.observatorulbuzoian.ro\/wp-content\/uploads\/2026\/08\/Marcel-CIOLACU-6.jpg&#8221;] Consiliul Jude\u021bean Buz\u0103u \u00eencearc\u0103 s\u0103 preia \u00een administrare Vulcanii Noroio\u0219i \u0219i Mina de Petrol de la S\u0103rata-Monteoru, dou\u0103 dintre cele mai cunoscute atrac\u021bii ale jude\u021bului. \u00cen acela\u0219i timp, institu\u021bia a f\u0103cut demersuri pentru cump\u0103rarea terenurilor pe care se realizeaz\u0103 accesul c\u0103tre Focul Viu. Pre\u0219edintele CJ Buz\u0103u, Marcel Ciolacu, sus\u021bine c\u0103 Vulcanii Noroio\u0219i [&hellip;]<\/p>\n","protected":false},"author":1,"featured_media":0,"comment_status":"open","ping_status":"","sticky":false,"template":"","format":"standard","meta":{"footnotes":""},"categories":[2],"tags":[226,82],"class_list":["post-2112434","post","type-post","status-publish","format-standard","hentry","category-politics","tag-crawlmanager","tag-observatorulbuzoian-ro"],"_links":{"self":[{"href":"https:\/\/analyse.optim.biz\/index.php?rest_route=\/wp\/v2\/posts\/2112434","targetHints":{"allow":["GET"]}}],"collection":[{"href":"https:\/\/analyse.optim.biz\/index.php?rest_route=\/wp\/v2\/posts"}],"about":[{"href":"https:\/\/analyse.optim.biz\/index.php?rest_route=\/wp\/v2\/types\/post"}],"author":[{"embeddable":true,"href":"https:\/\/analyse.optim.biz\/index.php?rest_route=\/wp\/v2\/users\/1"}],"replies":[{"embeddable":true,"href":"https:\/\/analyse.optim.biz\/index.php?rest_route=%2Fwp%2Fv2%2Fcomments&post=2112434"}],"version-history":[{"count":0,"href":"https:\/\/analyse.optim.biz\/index.php?rest_route=\/wp\/v2\/posts\/2112434\/revisions"}],"wp:attachment":[{"href":"https:\/\/analyse.optim.biz\/index.php?rest_route=%2Fwp%2Fv2%2Fmedia&parent=2112434"}],"wp:term":[{"taxonomy":"category","embeddable":true,"href":"https:\/\/analyse.optim.biz\/index.php?rest_route=%2Fwp%2Fv2%2Fcategories&post=2112434"},{"taxonomy":"post_tag","embeddable":true,"href":"https:\/\/analyse.optim.biz\/index.php?rest_route=%2Fwp%2Fv2%2Ftags&post=2112434"}],"curies":[{"name":"wp","href":"https:\/\/api.w.org\/{rel}","templated":true}]}}