{"id":2112429,"date":"2026-08-25T10:31:39","date_gmt":"2026-08-25T07:31:39","guid":{"rendered":"https:\/\/analyse.optim.biz\/?p=2112429"},"modified":"2026-08-25T10:31:39","modified_gmt":"2026-08-25T07:31:39","slug":"psd-buzau-incepe-reorganizarea-in-municipiu-alegeri-pentru-o-noua-conducere-in-primavara-anului-2027","status":"publish","type":"post","link":"https:\/\/analyse.optim.biz\/?p=2112429","title":{"rendered":"PSD Buz\u0103u \u00eencepe reorganizarea \u00een municipiu. Alegeri pentru o nou\u0103 conducere, \u00een prim\u0103vara anului 2027"},"content":{"rendered":"<p>[analyse_image type=&#8221;featured&#8221; src=&#8221;https:\/\/www.observatorulbuzoian.ro\/wp-content\/uploads\/2026\/08\/PSD-Buzau-2.jpg&#8221;]<\/p>\n<div class=\"td-post-content tagdiv-type\">\n<p>PSD Buz\u0103u \u00eencepe reorganizarea filialei municipale dup\u0103 demisia lui Constantin Toma din func\u021bia de pre\u0219edinte al organiza\u021biei. Secretarul PSD Buz\u0103u Adrian Petre a anun\u021bat c\u0103 actuala conducere interimar\u0103 va organiza \u00eent\u00e2lniri \u00een cartiere \u0219i va discuta direct cu locuitorii ora\u0219ului.<\/p>\n<p>\u201eAm \u00eenceput organizarea pe cartiere. Din aceast\u0103 s\u0103pt\u0103m\u00e2n\u0103 vom ie\u0219i \u0219i vom discuta \u00een fiecare cartier cu cet\u0103\u021benii, vom vedea ce probleme au oamenii \u0219i ce putem rezolva\u201d, a declarat secretarul PSD Buz\u0103u.<\/p>\n<p>Problemele \u0219i propunerile primite de la buzoieni ar urma s\u0103 fie transformate inclusiv \u00een proiecte de hot\u0103r\u00e2re care s\u0103 fie prezentate Consiliului Local Municipal.<\/p>\n<p>Romeo Lungu estimeaz\u0103 c\u0103 alegerile pentru desemnarea unei noi conduceri a organiza\u021biei municipale vor avea loc \u00een prim\u0103vara anului 2027. Viitoarea echip\u0103 va avea \u0219i misiunea de a preg\u0103ti alegerile locale din 2028 \u0219i de a identifica un candidat capabil s\u0103 c\u00e2\u0219tige Prim\u0103ria Buz\u0103u.<\/p>\n<p>\u00cen privin\u021ba rela\u021biei cu primarul Constantin Toma, liderul social-democrat a precizat c\u0103 ale\u0219ii PSD vor sus\u021bine proiectele benefice pentru ora\u0219, indiferent cine le ini\u021biaz\u0103.<\/p>\n<p>\u201eDac\u0103 sunt proiecte bune pentru buzoieni, le sus\u021binem. Dac\u0103 vedem derapaje administrative sau neclarit\u0103\u021bi, vom pune \u00eentreb\u0103ri. Nu vorbim despre sus\u021binerea sau blocarea primarului, ci despre viitorul ora\u0219ului\u201d, a explicat Romeo Lungu.<\/p>\n<p>\u00a0<\/p>\n<\/div>\n<p>[analyse_source url=&#8221;https:\/\/www.observatorulbuzoian.ro\/psd-buzau-incepe-reorganizarea-in-municipiu-alegeri-pentru-o-noua-conducere-in-primavara-anului-2027\/&#8221;]<\/p>\n","protected":false},"excerpt":{"rendered":"<p>[analyse_image type=&#8221;featured&#8221; src=&#8221;https:\/\/www.observatorulbuzoian.ro\/wp-content\/uploads\/2026\/08\/PSD-Buzau-2.jpg&#8221;] PSD Buz\u0103u \u00eencepe reorganizarea filialei municipale dup\u0103 demisia lui Constantin Toma din func\u021bia de pre\u0219edinte al organiza\u021biei. Secretarul PSD Buz\u0103u Adrian Petre a anun\u021bat c\u0103 actuala conducere interimar\u0103 va organiza \u00eent\u00e2lniri \u00een cartiere \u0219i va discuta direct cu locuitorii ora\u0219ului. \u201eAm \u00eenceput organizarea pe cartiere. Din aceast\u0103 s\u0103pt\u0103m\u00e2n\u0103 vom ie\u0219i \u0219i vom [&hellip;]<\/p>\n","protected":false},"author":1,"featured_media":0,"comment_status":"open","ping_status":"","sticky":false,"template":"","format":"standard","meta":{"footnotes":""},"categories":[2],"tags":[226,82],"class_list":["post-2112429","post","type-post","status-publish","format-standard","hentry","category-politics","tag-crawlmanager","tag-observatorulbuzoian-ro"],"_links":{"self":[{"href":"https:\/\/analyse.optim.biz\/index.php?rest_route=\/wp\/v2\/posts\/2112429","targetHints":{"allow":["GET"]}}],"collection":[{"href":"https:\/\/analyse.optim.biz\/index.php?rest_route=\/wp\/v2\/posts"}],"about":[{"href":"https:\/\/analyse.optim.biz\/index.php?rest_route=\/wp\/v2\/types\/post"}],"author":[{"embeddable":true,"href":"https:\/\/analyse.optim.biz\/index.php?rest_route=\/wp\/v2\/users\/1"}],"replies":[{"embeddable":true,"href":"https:\/\/analyse.optim.biz\/index.php?rest_route=%2Fwp%2Fv2%2Fcomments&post=2112429"}],"version-history":[{"count":0,"href":"https:\/\/analyse.optim.biz\/index.php?rest_route=\/wp\/v2\/posts\/2112429\/revisions"}],"wp:attachment":[{"href":"https:\/\/analyse.optim.biz\/index.php?rest_route=%2Fwp%2Fv2%2Fmedia&parent=2112429"}],"wp:term":[{"taxonomy":"category","embeddable":true,"href":"https:\/\/analyse.optim.biz\/index.php?rest_route=%2Fwp%2Fv2%2Fcategories&post=2112429"},{"taxonomy":"post_tag","embeddable":true,"href":"https:\/\/analyse.optim.biz\/index.php?rest_route=%2Fwp%2Fv2%2Ftags&post=2112429"}],"curies":[{"name":"wp","href":"https:\/\/api.w.org\/{rel}","templated":true}]}}