{"id":2112425,"date":"2026-08-25T10:19:56","date_gmt":"2026-08-25T07:19:56","guid":{"rendered":"https:\/\/analyse.optim.biz\/?p=2112425"},"modified":"2026-08-25T10:19:56","modified_gmt":"2026-08-25T07:19:56","slug":"toma-se-desparte-electoral-de-psd-dar-partidul-nu-il-exclude-romeo-lungu-a-ramas-simplu-membru","status":"publish","type":"post","link":"https:\/\/analyse.optim.biz\/?p=2112425","title":{"rendered":"Toma se desparte electoral de PSD, dar partidul nu \u00eel exclude. Romeo Lungu: \u201eA r\u0103mas simplu membru\u201d"},"content":{"rendered":"<p>[analyse_image type=&#8221;featured&#8221; src=&#8221;https:\/\/www.observatorulbuzoian.ro\/wp-content\/uploads\/2026\/08\/Romeo-Lungu-si-Constantin-Toma.jpg&#8221;]<\/p>\n<div class=\"td-post-content tagdiv-type\">\n<p>Primarul municipiului Buz\u0103u, Constantin Toma, \u0219i-a reconfirmat, mar\u021bi, decizia de a nu mai candida din partea PSD pentru un nou mandat, \u00eens\u0103 conducerea organiza\u021biei jude\u021bene nu inten\u021bioneaz\u0103 s\u0103 \u00eel exclud\u0103 din partid.<\/p>\n<p>\u00centr-o postare publicat\u0103 pe Facebook, edilul a anun\u021bat c\u0103 hot\u0103r\u00e2rea sa este definitiv\u0103 \u00een privin\u021ba unei candidaturi sus\u021binute de social-democra\u021bi.<\/p>\n<p>\u201eDecizia mea este luat\u0103 \u2013 nu voi mai candida din partea PSD pentru un nou mandat de primar al municipiului Buz\u0103u\u201d, a transmis Constantin Toma.<\/p>\n<p>Primarul \u0219i-a motivat decizia prin nemul\u021bumirile fa\u021b\u0103 de direc\u021bia \u00een care se \u00eendreapt\u0103 partidul \u0219i fa\u021b\u0103 de ceea ce el consider\u0103 a fi \u201eo mul\u021bime de decizii gre\u0219ite\u201d, luate \u00eempotriva rom\u00e2nilor \u0219i, implicit, a comunit\u0103\u021bii buzoiene.<\/p>\n<p>Toma, care a demisionat din toate func\u021biile de conducere de\u021binute \u00een PSD, dar a r\u0103mas simplu membru, spune c\u0103 nu a decis \u00eenc\u0103 dac\u0103 va mai candida \u00een 2028 \u0219i nici formula \u00een care ar putea intra \u00een competi\u021bia electoral\u0103.<\/p>\n<p>\u201eCert este c\u0103 nu voi mai cere votul buzoienilor \u00een calitate de membru PSD\u201d, a precizat edilul.<\/p>\n<p>P\u00e2n\u0103 atunci, Constantin Toma sus\u021bine c\u0103 prioritatea sa r\u0103m\u00e2ne finalizarea mandatului \u0219i a proiectelor \u00eencepute \u00een municipiu.<\/p>\n<p><strong>Romeo Lungu: \u201eNu sunt adeptul excluderilor\u201d<\/strong><\/p>\n<p>La c\u00e2teva ore dup\u0103 mesajul primarului, pre\u0219edintele PSD Buz\u0103u, deputatul Romeo Lungu, a declarat c\u0103 nu inten\u021bioneaz\u0103 s\u0103 propun\u0103 excluderea lui Constantin Toma.<\/p>\n<p>Lungu consider\u0103 c\u0103 edilul \u0219i-a asumat consecin\u021bele declara\u021biilor sale prin demisia din func\u021biile de pre\u0219edinte al organiza\u021biei municipale, vicepre\u0219edinte al PSD Buz\u0103u \u0219i membru al Consiliului Politic Na\u021bional.<\/p>\n<p>\u201eEl \u0219i-a dat seama c\u0103 a f\u0103cut r\u0103u partidului \u0219i \u0219i-a dat demisia din func\u021biile de conducere. Este un membru simplu \u0219i eu nu cred c\u0103 trebuie s\u0103 d\u0103m afar\u0103 oameni din partid dac\u0103 au alte p\u0103reri, chiar dac\u0103 nou\u0103 nu ne convin\u201d, a declarat Romeo Lungu.<\/p>\n<p>Liderul PSD Buz\u0103u a respins \u00eens\u0103 criticile formulate de Constantin Toma la adresa partidului \u0219i a amintit c\u0103 toate cele trei mandate de primar au fost ob\u021binute cu sprijinul organiza\u021biei social-democrate.<\/p>\n<p>\u201eEu nu cred c\u0103 PSD a luat numai decizii gre\u0219ite, cum spune domnul Toma. F\u0103r\u0103 aceast\u0103 organiza\u021bie, ast\u0103zi nu era primar. Organiza\u021bia l-a adus, l-a ajutat s\u0103 ajung\u0103 primar, iar PSD a adus foarte multe proiecte pentru municipiul Buz\u0103u\u201d, a spus Lungu.<\/p>\n<p><strong>PSD va avea propriul candidat<\/strong><\/p>\n<p>Chiar dac\u0103 actualul primar nu va mai reprezenta PSD la alegerile din 2028, Romeo Lungu sus\u021bine c\u0103 partidul va avea un candidat propriu \u0219i \u00ee\u0219i propune s\u0103 c\u00e2\u0219tige din nou Prim\u0103ria Buz\u0103u.<\/p>\n<p>Deocamdat\u0103, social-democra\u021bii nu au stabilit niciun nume.<\/p>\n<p>\u201e\u00cen acest moment nu am niciun nume \u00een cap. Poate fi un b\u0103rbat sau poate fi o femeie. Vom avea mai multe nume \u0219i vom face studii sociologice, probabil \u00eencep\u00e2nd din aceast\u0103 toamn\u0103, pentru a vedea \u0219i ce \u00ee\u0219i doresc buzoienii\u201d, a explicat pre\u0219edintele PSD Buz\u0103u.<\/p>\n<p>Viitorul candidat ar urma s\u0103 fie ales pe baza sondajelor, a activit\u0103\u021bii politice \u0219i administrative din urm\u0103torii doi ani, dar \u0219i a a\u0219tept\u0103rilor locuitorilor municipiului.<\/p>\n<p>\u00a0<\/p>\n<\/div>\n<p>[analyse_source url=&#8221;https:\/\/www.observatorulbuzoian.ro\/toma-se-desparte-electoral-de-psd-dar-partidul-nu-il-exclude-romeo-lungu-a-ramas-simplu-membru\/&#8221;]<\/p>\n","protected":false},"excerpt":{"rendered":"<p>[analyse_image type=&#8221;featured&#8221; src=&#8221;https:\/\/www.observatorulbuzoian.ro\/wp-content\/uploads\/2026\/08\/Romeo-Lungu-si-Constantin-Toma.jpg&#8221;] Primarul municipiului Buz\u0103u, Constantin Toma, \u0219i-a reconfirmat, mar\u021bi, decizia de a nu mai candida din partea PSD pentru un nou mandat, \u00eens\u0103 conducerea organiza\u021biei jude\u021bene nu inten\u021bioneaz\u0103 s\u0103 \u00eel exclud\u0103 din partid. \u00centr-o postare publicat\u0103 pe Facebook, edilul a anun\u021bat c\u0103 hot\u0103r\u00e2rea sa este definitiv\u0103 \u00een privin\u021ba unei candidaturi sus\u021binute de social-democra\u021bi. [&hellip;]<\/p>\n","protected":false},"author":1,"featured_media":0,"comment_status":"open","ping_status":"","sticky":false,"template":"","format":"standard","meta":{"footnotes":""},"categories":[2],"tags":[226,82],"class_list":["post-2112425","post","type-post","status-publish","format-standard","hentry","category-politics","tag-crawlmanager","tag-observatorulbuzoian-ro"],"_links":{"self":[{"href":"https:\/\/analyse.optim.biz\/index.php?rest_route=\/wp\/v2\/posts\/2112425","targetHints":{"allow":["GET"]}}],"collection":[{"href":"https:\/\/analyse.optim.biz\/index.php?rest_route=\/wp\/v2\/posts"}],"about":[{"href":"https:\/\/analyse.optim.biz\/index.php?rest_route=\/wp\/v2\/types\/post"}],"author":[{"embeddable":true,"href":"https:\/\/analyse.optim.biz\/index.php?rest_route=\/wp\/v2\/users\/1"}],"replies":[{"embeddable":true,"href":"https:\/\/analyse.optim.biz\/index.php?rest_route=%2Fwp%2Fv2%2Fcomments&post=2112425"}],"version-history":[{"count":0,"href":"https:\/\/analyse.optim.biz\/index.php?rest_route=\/wp\/v2\/posts\/2112425\/revisions"}],"wp:attachment":[{"href":"https:\/\/analyse.optim.biz\/index.php?rest_route=%2Fwp%2Fv2%2Fmedia&parent=2112425"}],"wp:term":[{"taxonomy":"category","embeddable":true,"href":"https:\/\/analyse.optim.biz\/index.php?rest_route=%2Fwp%2Fv2%2Fcategories&post=2112425"},{"taxonomy":"post_tag","embeddable":true,"href":"https:\/\/analyse.optim.biz\/index.php?rest_route=%2Fwp%2Fv2%2Ftags&post=2112425"}],"curies":[{"name":"wp","href":"https:\/\/api.w.org\/{rel}","templated":true}]}}