{"id":2112413,"date":"2026-08-26T11:24:56","date_gmt":"2026-08-26T08:24:56","guid":{"rendered":"https:\/\/analyse.optim.biz\/?p=2112413"},"modified":"2026-08-26T11:24:56","modified_gmt":"2026-08-26T08:24:56","slug":"ciolacu-reactie-dupa-ce-toma-a-anuntat-ca-nu-mai-vrea-sa-candideze-din-partea-psd-buzoienii-vor-decide","status":"publish","type":"post","link":"https:\/\/analyse.optim.biz\/?p=2112413","title":{"rendered":"Ciolacu, reac\u021bie dup\u0103 ce Toma a anun\u021bat c\u0103 nu mai vrea s\u0103 candideze din partea PSD: \u201eBuzoienii vor decide\u201d"},"content":{"rendered":"<p>[analyse_image type=&#8221;featured&#8221; src=&#8221;https:\/\/www.observatorulbuzoian.ro\/wp-content\/uploads\/2025\/05\/Ciolacu-si-Toma.jpg&#8221;]<\/p>\n<div class=\"td-post-content tagdiv-type\">\n<p class=\"PDq2pG_selectionAnchorContainer\" data-start=\"232\" data-end=\"486\">Pre\u0219edintele Consiliului Jude\u021bean Buz\u0103u, Marcel Ciolacu, a reac\u021bionat la declara\u021biile primarului Constantin Toma, care a anun\u021bat c\u0103 nu mai dore\u0219te s\u0103 candideze pentru un nou mandat din partea PSD \u0219i c\u0103 ia \u00een calcul varianta unei candidaturi independente.<\/p>\n<p data-start=\"488\" data-end=\"701\">\u00centrebat miercuri despre viitorul politic al primarului municipiului Buz\u0103u, Ciolacu a evitat un atac direct \u0219i a spus c\u0103 aleg\u0103torii vor fi cei care vor decide cine va conduce ora\u0219ul dup\u0103 viitoarele alegeri locale.<\/p>\n<p data-start=\"703\" data-end=\"870\">\u201eMai avem p\u00e2n\u0103 la alegeri. Cel mai bun candidat va c\u00e2\u0219tiga. Buzoienii vor decide\u201d, a declarat Marcel Ciolacu la finalul \u0219edin\u021bei ordinare a Consiliului Jude\u021bean Buz\u0103u.<\/p>\n<p data-start=\"872\" data-end=\"1183\">Fostul lider social-democrat a recunoscut \u00eens\u0103 c\u0103 rela\u021bia dintre Constantin Toma \u0219i PSD a fost una din care ambele p\u0103r\u021bi au avut de c\u00e2\u0219tigat. Ciolacu a ar\u0103tat c\u0103 primarul a contribuit la rezultatele electorale ale partidului \u00een jude\u021b, dar \u0219i c\u0103 PSD l-a sprijinit pe Toma \u0219i proiectele administra\u021biei municipale.<\/p>\n<p data-start=\"1185\" data-end=\"1482\">\u201ePartidul Social Democrat a fost al\u0103turi de primar, de proiectele sale, \u0219i eu personal am fost al\u0103turi. \u0218i d\u00e2nsul a fost al\u0103turi. Nu cred c\u0103 Partidul Social Democrat, la Buz\u0103u, ar fi avut aceste c\u00e2\u0219tiguri politice f\u0103r\u0103 o implicare direct\u0103 a domnului Constantin Toma\u201d, a spus pre\u0219edintele CJ Buz\u0103u.<\/p>\n<p data-start=\"1484\" data-end=\"1619\">\u00cen acela\u0219i timp, Marcel Ciolacu a l\u0103sat s\u0103 se \u00een\u021beleag\u0103 c\u0103 nici Toma nu ar fi ob\u021binut acelea\u0219i rezultate electorale f\u0103r\u0103 sprijinul PSD.<\/p>\n<p data-start=\"1621\" data-end=\"1827\">Pre\u0219edintele CJ a pus recentele declara\u021bii ale primarului pe seama unei perioade de nemul\u021bumire \u0219i a precizat c\u0103, de\u0219i a discutat cu acesta, subiectul unei candidaturi independente nu a fost abordat direct.<\/p>\n<p data-start=\"1829\" data-end=\"2056\">\u201eFiecare dintre noi avem perioade \u00een via\u021b\u0103 \u00een care suntem mai sup\u0103ra\u021bi. Am vorbit cu d\u00e2nsul \u0219i ieri, dar nu a fost o prioritate pentru mine \u0219i cred c\u0103 nici pentru domnia sa s\u0103-mi spun\u0103 despre aceste decizii\u201d, a ad\u0103ugat Ciolacu.<\/p>\n<\/div>\n<p>[analyse_source url=&#8221;https:\/\/www.observatorulbuzoian.ro\/ciolacu-reactie-dupa-ce-toma-a-anuntat-ca-nu-mai-vrea-sa-candideze-din-partea-psd-buzoienii-vor-decide\/&#8221;]<\/p>\n","protected":false},"excerpt":{"rendered":"<p>[analyse_image type=&#8221;featured&#8221; src=&#8221;https:\/\/www.observatorulbuzoian.ro\/wp-content\/uploads\/2025\/05\/Ciolacu-si-Toma.jpg&#8221;] Pre\u0219edintele Consiliului Jude\u021bean Buz\u0103u, Marcel Ciolacu, a reac\u021bionat la declara\u021biile primarului Constantin Toma, care a anun\u021bat c\u0103 nu mai dore\u0219te s\u0103 candideze pentru un nou mandat din partea PSD \u0219i c\u0103 ia \u00een calcul varianta unei candidaturi independente. \u00centrebat miercuri despre viitorul politic al primarului municipiului Buz\u0103u, Ciolacu a evitat un atac [&hellip;]<\/p>\n","protected":false},"author":1,"featured_media":0,"comment_status":"open","ping_status":"","sticky":false,"template":"","format":"standard","meta":{"footnotes":""},"categories":[2],"tags":[226,82],"class_list":["post-2112413","post","type-post","status-publish","format-standard","hentry","category-politics","tag-crawlmanager","tag-observatorulbuzoian-ro"],"_links":{"self":[{"href":"https:\/\/analyse.optim.biz\/index.php?rest_route=\/wp\/v2\/posts\/2112413","targetHints":{"allow":["GET"]}}],"collection":[{"href":"https:\/\/analyse.optim.biz\/index.php?rest_route=\/wp\/v2\/posts"}],"about":[{"href":"https:\/\/analyse.optim.biz\/index.php?rest_route=\/wp\/v2\/types\/post"}],"author":[{"embeddable":true,"href":"https:\/\/analyse.optim.biz\/index.php?rest_route=\/wp\/v2\/users\/1"}],"replies":[{"embeddable":true,"href":"https:\/\/analyse.optim.biz\/index.php?rest_route=%2Fwp%2Fv2%2Fcomments&post=2112413"}],"version-history":[{"count":0,"href":"https:\/\/analyse.optim.biz\/index.php?rest_route=\/wp\/v2\/posts\/2112413\/revisions"}],"wp:attachment":[{"href":"https:\/\/analyse.optim.biz\/index.php?rest_route=%2Fwp%2Fv2%2Fmedia&parent=2112413"}],"wp:term":[{"taxonomy":"category","embeddable":true,"href":"https:\/\/analyse.optim.biz\/index.php?rest_route=%2Fwp%2Fv2%2Fcategories&post=2112413"},{"taxonomy":"post_tag","embeddable":true,"href":"https:\/\/analyse.optim.biz\/index.php?rest_route=%2Fwp%2Fv2%2Ftags&post=2112413"}],"curies":[{"name":"wp","href":"https:\/\/api.w.org\/{rel}","templated":true}]}}