{"id":2112310,"date":"2026-08-26T10:15:20","date_gmt":"2026-08-26T07:15:20","guid":{"rendered":"https:\/\/analyse.optim.biz\/?p=2112310"},"modified":"2026-08-26T10:15:20","modified_gmt":"2026-08-26T07:15:20","slug":"a-murit-profesorul-andronache-gheorghe","status":"publish","type":"post","link":"https:\/\/analyse.optim.biz\/?p=2112310","title":{"rendered":"A murit profesorul Andronache Gheorghe"},"content":{"rendered":"<p>[analyse_image type=&#8221;featured&#8221; src=&#8221;https:\/\/www.buzau.net\/stiri-din-buzau\/wp-content\/uploads\/2026\/08\/a-murit-profesorul-andronache-gheorghe.jpg&#8221;]<\/p>\n<div id=\"mvp-content-main\" class=\"left relative\">\n<p>Comunitatea educa\u021bional\u0103 local\u0103 este \u00een doliu dup\u0103 trecerea la cele ve\u0219nice a profesorului Andronache Gheorghe, fost cadru didactic al \u0218colii Gimnaziale Nr. 11 \u0219i fost director al Palatului Copiilor. Anun\u021bul a fost f\u0103cut cu profund regret de c\u0103tre colectivul \u0219colii, care depl\u00e2nge pierderea unui coleg \u0219i a unui mentor de excep\u021bie.<\/p>\n<p>Un dasc\u0103l dedicat \u0219i un profesionist des\u0103v\u00e2r\u0219it, un om de o aleas\u0103 \u021binut\u0103 moral\u0103, domnul profesor Andronache Gheorghe \u0219i-a dedicat o parte important\u0103 a vie\u021bii educa\u021biei \u0219i form\u0103rii a nenum\u0103rate genera\u021bii de copii. A l\u0103sat \u00een urma sa respectul \u0219i pre\u021buirea tuturor celor care au avut privilegiul de a-l cunoa\u0219te.<\/p>\n<p>\u00cen aceste momente de grea \u00eencercare, g\u00e2ndurile de compasiune ale colectivului \u0218colii Gimnaziale Nr. 11 se \u00eendreapt\u0103 c\u0103tre colega lor, doamna profesor Roxana Andronache, \u0219i c\u0103tre \u00eentreaga familie \u00eendurerat\u0103. Fo\u0219tii colegi \u00eei sunt al\u0103turi cu sufletul \u0219i transmit sincere condolean\u021be, dorindu-le putere \u0219i m\u00e2ng\u00e2iere pentru a dep\u0103\u0219i aceast\u0103 imens\u0103 pierdere.<\/p>\n<p>Cei care l-au cunoscut \u00eei vor p\u0103stra o ve\u0219nic\u0103 amintire. Dumnezeu s\u0103-l odihneasc\u0103 \u00een pace \u0219i lumin\u0103<\/p>\n<div class=\"heateor_sss_sharing_container heateor_sss_horizontal_sharing\" data-heateor-sss-href=\"https:\/\/www.buzau.net\/stiri-din-buzau\/a-murit-profesorul-andronache-gheorghe\/\">\n<div class=\"heateor_sss_sharing_title\">DISTRIBUIE ACEST ARTICOL<\/div>\n<\/div>\n<\/div>\n<p>[analyse_source url=&#8221;https:\/\/www.buzau.net\/stiri-din-buzau\/a-murit-profesorul-andronache-gheorghe\/&#8221;]<\/p>\n","protected":false},"excerpt":{"rendered":"<p>[analyse_image type=&#8221;featured&#8221; src=&#8221;https:\/\/www.buzau.net\/stiri-din-buzau\/wp-content\/uploads\/2026\/08\/a-murit-profesorul-andronache-gheorghe.jpg&#8221;] Comunitatea educa\u021bional\u0103 local\u0103 este \u00een doliu dup\u0103 trecerea la cele ve\u0219nice a profesorului Andronache Gheorghe, fost cadru didactic al \u0218colii Gimnaziale Nr. 11 \u0219i fost director al Palatului Copiilor. Anun\u021bul a fost f\u0103cut cu profund regret de c\u0103tre colectivul \u0219colii, care depl\u00e2nge pierderea unui coleg \u0219i a unui mentor de excep\u021bie. Un [&hellip;]<\/p>\n","protected":false},"author":1,"featured_media":0,"comment_status":"open","ping_status":"","sticky":false,"template":"","format":"standard","meta":{"footnotes":""},"categories":[2],"tags":[113,226],"class_list":["post-2112310","post","type-post","status-publish","format-standard","hentry","category-politics","tag-buzau-net","tag-crawlmanager"],"_links":{"self":[{"href":"https:\/\/analyse.optim.biz\/index.php?rest_route=\/wp\/v2\/posts\/2112310","targetHints":{"allow":["GET"]}}],"collection":[{"href":"https:\/\/analyse.optim.biz\/index.php?rest_route=\/wp\/v2\/posts"}],"about":[{"href":"https:\/\/analyse.optim.biz\/index.php?rest_route=\/wp\/v2\/types\/post"}],"author":[{"embeddable":true,"href":"https:\/\/analyse.optim.biz\/index.php?rest_route=\/wp\/v2\/users\/1"}],"replies":[{"embeddable":true,"href":"https:\/\/analyse.optim.biz\/index.php?rest_route=%2Fwp%2Fv2%2Fcomments&post=2112310"}],"version-history":[{"count":0,"href":"https:\/\/analyse.optim.biz\/index.php?rest_route=\/wp\/v2\/posts\/2112310\/revisions"}],"wp:attachment":[{"href":"https:\/\/analyse.optim.biz\/index.php?rest_route=%2Fwp%2Fv2%2Fmedia&parent=2112310"}],"wp:term":[{"taxonomy":"category","embeddable":true,"href":"https:\/\/analyse.optim.biz\/index.php?rest_route=%2Fwp%2Fv2%2Fcategories&post=2112310"},{"taxonomy":"post_tag","embeddable":true,"href":"https:\/\/analyse.optim.biz\/index.php?rest_route=%2Fwp%2Fv2%2Ftags&post=2112310"}],"curies":[{"name":"wp","href":"https:\/\/api.w.org\/{rel}","templated":true}]}}