{"id":2112297,"date":"2026-08-26T10:12:07","date_gmt":"2026-08-26T07:12:07","guid":{"rendered":"https:\/\/analyse.optim.biz\/?p=2112297"},"modified":"2026-08-26T10:12:07","modified_gmt":"2026-08-26T07:12:07","slug":"sarbatoare-la-mamaia-folclor-paul-surugiu-fuego-marcheaza-50-de-ani-cu-un-spectacol-in-direct-la-tvr","status":"publish","type":"post","link":"https:\/\/analyse.optim.biz\/?p=2112297","title":{"rendered":"S\u0103rb\u0103toare la \u201eMamaia\u201d Folclor: Paul Surugiu-Fuego marcheaz\u0103 50 de ani cu un spectacol \u00een direct la TVR"},"content":{"rendered":"<p>[analyse_image type=&#8221;featured&#8221; src=&#8221;https:\/\/www.buzau.net\/stiri-din-buzau\/wp-content\/uploads\/2026\/08\/sarbatoare-la-mamaia-folclor-paul-surugiu-fuego-marcheaza-50-de-ani-cu-un-spectacol-in-direct-la-tvr.jpg&#8221;]<\/p>\n<div id=\"mvp-content-main\" class=\"left relative\">\n<p>Iuliana Tudor este gazda edi\u021biei jubiliare a Festivalului Na\u021bional al C\u00e2ntecului \u0219i Dansului Popular Rom\u00e2nesc \u201eMamaia\u201d, transmis\u0103 \u00een direct, \u00eentre 26 \u0219i 28 august, de la ora 20.00, la TVR 1, TVR Interna\u021bional \u0219i TVR Folclor. Cea de-a doua sear\u0103 \u00eel are \u00een prim-plan pe Paul Surugiu-Fuego, care \u00ee\u0219i s\u0103rb\u0103tore\u0219te cei 50 de ani pe scena festivalului, al\u0103turi de invita\u021bi speciali.<\/p>\n<p>Spectacolul continu\u0103 la Mamaia, \u00eentre 26 \u0219i 28 august 2026, cu Festivalul Na\u021bional al C\u00e2ntecului \u0219i Dansului Popular Rom\u00e2nesc \u201eMamaia\u201d. Edi\u021bia din acest an are o semnifica\u021bie aparte, marc\u00e2nd 25 de ani de la prima \u00eent\u00e2lnire a festivalului cu publicul, scrie <a href=\"https:\/\/www.expresspress.ro\/sarbatoare-la-mamaia-folclor-paul-surugiu-fuego-marcheaza-50-de-ani-cu-un-spectacol-in-direct-la-tvr\/\" target=\"_blank\">expresspress.ro<\/a>.<\/p>\n<p>\u00cen fiecare sear\u0103, de la ora 20.00, Iuliana Tudor, gazda festivalului, \u00eei invit\u0103 pe telespectatori la trei spectacole construite \u00een jurul c\u00e2ntecului, dansului \u0219i tradi\u021biilor rom\u00e2ne\u0219ti. Evenimentul va fi transmis \u00een direct la TVR 1, TVR Interna\u021bional \u0219i TVR Folclor. TVR Moldova va difuza festivalul vineri, 28 august, de la ora 14.00, s\u00e2mb\u0103t\u0103, 29 august, de la ora 13.00, \u0219i duminic\u0103, 30 august, de la ora 12.30. Din culise, declara\u021biile la cald ale concuren\u021bilor vor ajunge la public prin intermediul lui Ionu\u021b Dulgheriu.<\/p>\n<p>Organizat de Centrul Cultural Jude\u021bean Constan\u021ba \u201eTeodor T. Burada\u201d \u0219i Consiliul Jude\u021bean Constan\u021ba, cu sprijinul Prim\u0103riei Municipiului Constan\u021ba, Festivalul Na\u021bional al C\u00e2ntecului \u0219i Dansului Popular Rom\u00e2nesc \u201eMamaia\u201d se desf\u0103\u0219oar\u0103 \u00een Pia\u021beta Perla din Mamaia.<\/p>\n<p>Paul Surugiu-Fuego, s\u0103rb\u0103torit la Mamaia la \u00eemplinirea a 50 de ani<\/p>\n<p>Cea de-a doua sear\u0103, programat\u0103 pe 27 august, sub genericul \u201eTradi\u021bia ne une\u0219te \u2013 De la tradi\u021bia autentic\u0103 la cea urban\u0103, folclor \u0219i c\u00e2ntece de petrecere\u201d, propune un spectacol dinamic, construit \u00een jurul lui Paul Surugiu-Fuego. Artistul va ilustra, prin muzic\u0103 \u0219i momente scenice special preg\u0103tite, metamorfoza c\u00e2ntecului tradi\u021bional, de la folclorul autentic la cel urban \u0219i la muzica de petrecere, marc\u00e2nd totodat\u0103 aniversarea celor 50 de ani de via\u021b\u0103.<\/p>\n<p>Pentru spectacolul aniversar, Paul Surugiu-Fuego a preg\u0103tit momente \u00een premier\u0103 \u0219i apari\u021bii speciale, urm\u00e2nd s\u0103 schimbe \u0219ase costume populare \u0219i s\u0103 interpreteze c\u00e2ntece reprezentative pentru \u0219ase zone folclorice. Artistul va aborda \u0219i un repertoriu mai pu\u021bin prezent \u00een apari\u021biile sale de p\u00e2n\u0103 acum: muzic\u0103 l\u0103ut\u0103reasc\u0103, or\u0103\u0219eneasc\u0103 \u0219i de petrecere.<\/p>\n<p>Al\u0103turi de el vor urca pe scen\u0103 \u0219ase invita\u021bi speciali: Niculina Stoican, Andreea Voica, Viorica Macovei, Cornelia \u0219i Lupu Rednic, Ionu\u021b Fulea \u0219i Gabriel Nebunu.<\/p>\n<p>\u201eEu v\u0103 poftesc la Mamaia! Atmosfera va fi, crede\u021bi-m\u0103, incendiar\u0103! Ne vom distra pe scen\u0103 \u0219i v\u0103 poftim la cea mai tare petrecere \u2013 petrecerea mea! \u00cemi \u021bin ziua pe scen\u0103 la Mamaia \u0219i vin prieteni s\u0103 c\u00e2nt cu ei \u0219i ei s\u0103 \u00eemi c\u00e2nte! Dar va fi la propriu a\u0219a \u2013 avem \u0219i m\u00e2ncare, bun\u0103t\u0103\u021bi, pepene, pr\u0103jituri \u0219i toate ingredientele unui show care vrea s\u0103 arate c\u0103 folclorul are poten\u021bial, c\u0103 e minunat\u0103 trecerea de la un stil la altul!<\/p>\n<p>Voi c\u00e2nta folclor autentic neabordat p\u00e2n\u0103 acum, schimb\u00e2nd \u0219ase costume populare, av\u00e2nd \u0219i \u0219ase invita\u021bi de colec\u021bie, la care \u021bin enorm \u0219i pe care \u00eei pre\u021buiesc pentru activitatea lor! Mai apoi vom ar\u0103ta evolu\u021bia folclorului, de la autentic la urban, ajung\u00e2nd la muzic\u0103 de petrecere, transform\u00e2nd scena \u00eentr-o frumoas\u0103 s\u0103rb\u0103toare a diversit\u0103\u021bii, ar\u0103t\u00e2nd c\u0103 tradi\u021bia ne une\u0219te!<\/p>\n<p>Vom c\u00e2nta muzic\u0103 de petrecere, l\u0103ut\u0103reasc\u0103, c\u00e2ntece or\u0103\u0219ene\u0219ti \u0219i compozi\u021bii originale intrate \u00een folclorul urban! Va fi dinamic \u0219i divers \u0219i vom ar\u0103ta c\u0103 muzicile rom\u00e2ne\u0219ti, de ieri p\u00e2n\u0103 azi, au culoare, varietate \u0219i sunt un \u00abbun material\u00bb de spectacol, aduse \u00een contemporaneitate! Vom fi acompania\u021bi de Orchestra Ansamblului \u201eBr\u00e2ule\u021bul\u201d, care \u021bine de Centrul Cultural Jude\u021bean Constan\u021ba \u201eTeodor T. Burada\u201d, dirijor talentat \u0219i profesionist fiind minunatul Cezar Cazanoi! Vor fi dansatorii ansamblului cu noi, cu o coregrafie semnat\u0103 de \u0218tefan Coman, iar gazda serii va fi, desigur, buna mea prieten\u0103 \u0219i coleg\u0103 de la TVR, Iuliana Tudor! V\u0103 a\u0219tept\u0103m \u00een sal\u0103!\u201d, a spus Paul Surugiu.<\/p>\n<p>Tag-uri: Festivalul Na\u021bional al C\u00e2ntecului \u0219i Dansului Popular Rom\u00e2nesc \u201eMamaia, Iuliana Tudor, Mamaia Folclor, Paul Surugiu Fuego, TVR 1, TVR FOLCLOR, TVR Internationl<\/p>\n<p>Cite\u0219te articolul integral pe <a href=\"https:\/\/www.expresspress.ro\/sarbatoare-la-mamaia-folclor-paul-surugiu-fuego-marcheaza-50-de-ani-cu-un-spectacol-in-direct-la-tvr\/\" target=\"_blank\">expresspress.ro<\/a><\/p>\n<div class=\"heateor_sss_sharing_container heateor_sss_horizontal_sharing\" data-heateor-sss-href=\"https:\/\/www.buzau.net\/stiri-din-buzau\/sarbatoare-la-mamaia-folclor-paul-surugiu-fuego-marcheaza-50-de-ani-cu-un-spectacol-in-direct-la-tvr\/\">\n<div class=\"heateor_sss_sharing_title\">DISTRIBUIE ACEST ARTICOL<\/div>\n<\/div>\n<\/div>\n<p>[analyse_source url=&#8221;https:\/\/www.buzau.net\/stiri-din-buzau\/sarbatoare-la-mamaia-folclor-paul-surugiu-fuego-marcheaza-50-de-ani-cu-un-spectacol-in-direct-la-tvr\/&#8221;]<\/p>\n","protected":false},"excerpt":{"rendered":"<p>[analyse_image type=&#8221;featured&#8221; src=&#8221;https:\/\/www.buzau.net\/stiri-din-buzau\/wp-content\/uploads\/2026\/08\/sarbatoare-la-mamaia-folclor-paul-surugiu-fuego-marcheaza-50-de-ani-cu-un-spectacol-in-direct-la-tvr.jpg&#8221;] Iuliana Tudor este gazda edi\u021biei jubiliare a Festivalului Na\u021bional al C\u00e2ntecului \u0219i Dansului Popular Rom\u00e2nesc \u201eMamaia\u201d, transmis\u0103 \u00een direct, \u00eentre 26 \u0219i 28 august, de la ora 20.00, la TVR 1, TVR Interna\u021bional \u0219i TVR Folclor. Cea de-a doua sear\u0103 \u00eel are \u00een prim-plan pe Paul Surugiu-Fuego, care \u00ee\u0219i s\u0103rb\u0103tore\u0219te cei 50 [&hellip;]<\/p>\n","protected":false},"author":1,"featured_media":0,"comment_status":"open","ping_status":"","sticky":false,"template":"","format":"standard","meta":{"footnotes":""},"categories":[2],"tags":[113,226],"class_list":["post-2112297","post","type-post","status-publish","format-standard","hentry","category-politics","tag-buzau-net","tag-crawlmanager"],"_links":{"self":[{"href":"https:\/\/analyse.optim.biz\/index.php?rest_route=\/wp\/v2\/posts\/2112297","targetHints":{"allow":["GET"]}}],"collection":[{"href":"https:\/\/analyse.optim.biz\/index.php?rest_route=\/wp\/v2\/posts"}],"about":[{"href":"https:\/\/analyse.optim.biz\/index.php?rest_route=\/wp\/v2\/types\/post"}],"author":[{"embeddable":true,"href":"https:\/\/analyse.optim.biz\/index.php?rest_route=\/wp\/v2\/users\/1"}],"replies":[{"embeddable":true,"href":"https:\/\/analyse.optim.biz\/index.php?rest_route=%2Fwp%2Fv2%2Fcomments&post=2112297"}],"version-history":[{"count":0,"href":"https:\/\/analyse.optim.biz\/index.php?rest_route=\/wp\/v2\/posts\/2112297\/revisions"}],"wp:attachment":[{"href":"https:\/\/analyse.optim.biz\/index.php?rest_route=%2Fwp%2Fv2%2Fmedia&parent=2112297"}],"wp:term":[{"taxonomy":"category","embeddable":true,"href":"https:\/\/analyse.optim.biz\/index.php?rest_route=%2Fwp%2Fv2%2Fcategories&post=2112297"},{"taxonomy":"post_tag","embeddable":true,"href":"https:\/\/analyse.optim.biz\/index.php?rest_route=%2Fwp%2Fv2%2Ftags&post=2112297"}],"curies":[{"name":"wp","href":"https:\/\/api.w.org\/{rel}","templated":true}]}}