{"id":2112173,"date":"2026-08-26T08:57:05","date_gmt":"2026-08-26T05:57:05","guid":{"rendered":"https:\/\/analyse.optim.biz\/?p=2112173"},"modified":"2026-08-26T08:57:05","modified_gmt":"2026-08-26T05:57:05","slug":"ploi-torentiale-si-furtuni-in-urmatoarele-doua-zile-zonele-aflate-sub-cod-galben","status":"publish","type":"post","link":"https:\/\/analyse.optim.biz\/?p=2112173","title":{"rendered":"Ploi toren\u021biale \u0219i furtuni, \u00een urm\u0103toarele dou\u0103 zile. Zonele aflate sub cod galben"},"content":{"rendered":"<p>[analyse_image type=&#8221;featured&#8221; src=&#8221;https:\/\/renasterea.ro\/ro\/wp-content\/uploads\/2026\/08\/harta-meteo.jpghttps:\/\/renasterea.ro\/ro\/wp-content\/uploads\/2026\/08\/harta-meteo.jpg&#8221;]<\/p>\n<div class=\"entry-content\"><img loading=\"lazy\" decoding=\"async\" width=\"600\" height=\"373\" src=\"https:\/\/renasterea.ro\/ro\/wp-content\/uploads\/2026\/08\/harta-meteo.jpg\" class=\"attachment-medium size-medium wp-post-image\" alt=\"Ploi toren\u021biale \u0219i furtuni, \u00een urm\u0103toarele dou\u0103 zile. Zonele aflate sub cod galben\" title=\"Ploi toren\u021biale \u0219i furtuni, \u00een urm\u0103toarele dou\u0103 zile. Zonele aflate sub cod galben 1\"><\/p>\n<h4><strong>Ploi toren\u021biale \u0219i furtuni, \u00een urm\u0103toarele dou\u0103 zile. Zonele aflate sub cod galben.<\/strong><\/h4>\n<p>Administra\u021bia Na\u021bional\u0103 de Meteorologie ANM a emis noi aten\u021bion\u0103ri de vreme rea valabile miercuri \u0219i joi. Un cod galben va fi valabil miercuri, p\u00e2n\u0103 \u00a0la ora 23, \u00een cea mai mare parte a zonei montane, precum \u0219i \u00een estul \u0219i sud-estul Transilvaniei, potrivit meteorologilor cita\u021bi de <a href=\"https:\/\/hotnews.ro\/anm-anunta-doua-zile-de-ploi-torentiale-si-furtuni-zonele-in-care-este-cod-galben-2333632\" rel=\"noopener\">hotnews<\/a>.<\/p>\n<p>\u00cen aceste zone vor fi perioade cu instabilitate atmosferic\u0103, ce se va manifesta prin averse toren\u021biale \u00eensemnate cantitativ, desc\u0103rc\u0103ri electrice, intensific\u0103ri ale v\u00e2ntului, izolat vijelii (rafale de 50\u202670 km\/h) \u0219i grindin\u0103 de mici \u0219i posibil medii dimensiuni (1\u20263 cm). \u00cen intervale scurte de timp (1\u20263 ore) \u0219i prin acumulare cantit\u0103\u021bile de ap\u0103 vor fi de 15\u202620 l\/mp \u0219i pe arii restr\u00e2nse de peste 30\u202640 l\/mp.<\/p>\n<p>ANM precizeaz\u0103 c\u0103 \u00a0manifest\u0103ri de instabilitate atmosferic\u0103 vor fi pe arii restr\u00e2nse \u0219i \u00een restul teritoriului.<\/p>\n<p><strong>Cod galben de vijelii \u0219i joi<\/strong><\/p>\n<p>De asemenea, ANM a transmis o avertizare cod galben \u0219i pentru ziua de joi, \u00een intervalul 12-23.<\/p>\n<p>Avertizarea va fi valabil\u0103 \u00een estul \u0219i sud-estul Transilvaniei, nordul Munteniei, sud-vestul Moldovei \u0219i local \u00een Carpa\u021bii Meridionali \u0219i Orientali.<\/p>\n<p>Confom ANM, \u00een aceste zone vor fi perioade cu instabilitate atmosferic\u0103, ce se va manifesta prin averse toren\u021biale \u00eensemnate cantitativ, desc\u0103rc\u0103ri electrice, intensific\u0103ri de scurt\u0103 durat\u0103 ale v\u00e2ntului, izolat vijelii (rafale de 50\u202670 km\/h) \u0219i grindin\u0103 de mici dimensiuni (1\u20262 cm).<\/p>\n<p>\u00cen intervale scurte de timp (1\u20263 ore) \u0219i prin acumulare cantit\u0103\u021bile de ap\u0103 vor fi de 15\u202620 l\/mp \u0219i pe arii restr\u00e2nse de peste 30\u202640 l\/mp. Meteorologii mai spun c\u0103 manifest\u0103ri de instabilitate atmosferic\u0103 vor fi joi arii restr\u00e2nse \u0219i \u00een restul teritoriului.<\/p>\n<h2><strong>CITE\u0218TE \u0218I: <a href=\"https:\/\/renasterea.ro\/ce-se-intampla-cu-alesii-locali-care-si-au-dat-demisia-de-teama-incompatibilitatii\/\">Ce se \u00eent\u00e2mpl\u0103 cu ale\u0219ii locali care \u0219i-au dat demisia de teama incompatibilit\u0103\u021bii<\/a><\/strong><\/h2>\n<\/div>\n<p>[analyse_source url=&#8221;https:\/\/renasterea.ro\/ploi-torentiale-si-furtuni-in-urmatoarele-doua-zile-zonele-aflate-sub-cod-galben\/&#8221;]<\/p>\n","protected":false},"excerpt":{"rendered":"<p>[analyse_image type=&#8221;featured&#8221; src=&#8221;https:\/\/renasterea.ro\/ro\/wp-content\/uploads\/2026\/08\/harta-meteo.jpghttps:\/\/renasterea.ro\/ro\/wp-content\/uploads\/2026\/08\/harta-meteo.jpg&#8221;] Ploi toren\u021biale \u0219i furtuni, \u00een urm\u0103toarele dou\u0103 zile. Zonele aflate sub cod galben. Administra\u021bia Na\u021bional\u0103 de Meteorologie ANM a emis noi aten\u021bion\u0103ri de vreme rea valabile miercuri \u0219i joi. Un cod galben va fi valabil miercuri, p\u00e2n\u0103 \u00a0la ora 23, \u00een cea mai mare parte a zonei montane, precum \u0219i \u00een estul [&hellip;]<\/p>\n","protected":false},"author":1,"featured_media":0,"comment_status":"open","ping_status":"","sticky":false,"template":"","format":"standard","meta":{"footnotes":""},"categories":[89],"tags":[226,188],"class_list":["post-2112173","post","type-post","status-publish","format-standard","hentry","category-romania","tag-crawlmanager","tag-renasterea-ro"],"_links":{"self":[{"href":"https:\/\/analyse.optim.biz\/index.php?rest_route=\/wp\/v2\/posts\/2112173","targetHints":{"allow":["GET"]}}],"collection":[{"href":"https:\/\/analyse.optim.biz\/index.php?rest_route=\/wp\/v2\/posts"}],"about":[{"href":"https:\/\/analyse.optim.biz\/index.php?rest_route=\/wp\/v2\/types\/post"}],"author":[{"embeddable":true,"href":"https:\/\/analyse.optim.biz\/index.php?rest_route=\/wp\/v2\/users\/1"}],"replies":[{"embeddable":true,"href":"https:\/\/analyse.optim.biz\/index.php?rest_route=%2Fwp%2Fv2%2Fcomments&post=2112173"}],"version-history":[{"count":0,"href":"https:\/\/analyse.optim.biz\/index.php?rest_route=\/wp\/v2\/posts\/2112173\/revisions"}],"wp:attachment":[{"href":"https:\/\/analyse.optim.biz\/index.php?rest_route=%2Fwp%2Fv2%2Fmedia&parent=2112173"}],"wp:term":[{"taxonomy":"category","embeddable":true,"href":"https:\/\/analyse.optim.biz\/index.php?rest_route=%2Fwp%2Fv2%2Fcategories&post=2112173"},{"taxonomy":"post_tag","embeddable":true,"href":"https:\/\/analyse.optim.biz\/index.php?rest_route=%2Fwp%2Fv2%2Ftags&post=2112173"}],"curies":[{"name":"wp","href":"https:\/\/api.w.org\/{rel}","templated":true}]}}