{"id":2112163,"date":"2026-08-25T12:35:11","date_gmt":"2026-08-25T09:35:11","guid":{"rendered":"https:\/\/analyse.optim.biz\/?p=2112163"},"modified":"2026-08-25T12:35:11","modified_gmt":"2026-08-25T09:35:11","slug":"avarie-la-reteaua-primara-de-termoficare-a-timisoarei-intreruperi-programate-miercuri-26-august","status":"publish","type":"post","link":"https:\/\/analyse.optim.biz\/?p=2112163","title":{"rendered":"Avarie la re\u021beaua primar\u0103 de termoficare a Timi\u0219oarei, \u00eentreruperi programate miercuri 26 august"},"content":{"rendered":"<p>[analyse_image type=&#8221;featured&#8221; src=&#8221;https:\/\/renasterea.ro\/ro\/wp-content\/uploads\/oprire-apa-calda.jpghttps:\/\/renasterea.ro\/ro\/wp-content\/uploads\/oprire-apa-calda.jpg&#8221;]<\/p>\n<div class=\"entry-content\"><img loading=\"lazy\" decoding=\"async\" width=\"700\" height=\"400\" src=\"https:\/\/renasterea.ro\/ro\/wp-content\/uploads\/oprire-apa-calda.jpg\" class=\"attachment-medium size-medium wp-post-image\" alt=\"Avarie la re\u021beaua primar\u0103 de termoficare a Timi\u0219oarei, \u00eentreruperi programate miercuri 26 august\" title=\"Avarie la re\u021beaua primar\u0103 de termoficare a Timi\u0219oarei, \u00eentreruperi programate miercuri 26 august 1\"><\/p>\n<h4><strong>Avarie la re\u021beaua primar\u0103 de termoficare a Timi\u0219oarei, \u00eentreruperi programate miercuri 26 august.<\/strong><\/h4>\n<p class=\"yiv6086008413MsoNormal\">Miercuri, 26 august 2026, \u00eentre orele 08:00 \u0219i 16:00, Colterm \u00eentrerupe furnizarea apei calde de consum la PT 27, PT 28, PT 29, PT 32, PT 33, PT 35, PT 36, PT 37, PT 38, PT 38A, PT 38B, PT 39, PT 40, PT 41, precum \u0219i la Edil Color, Centrul Comercial Euro \u0219i Centrul Comercial Kappa, pentru remedierea unei avarii ap\u0103rute la re\u021beaua primar\u0103 de termoficare a municipiului Timi\u0219oara.<\/p>\n<p class=\"yiv6086008413MsoNormal\">Vor fi afecta\u021bi consumatorii aronda\u021bi str\u0103zilor: Intrarea Martir Dumitru Osman, Aleea Martir Gheorghe Iosub, Aleea Amicitiei, Leandrului, Aleea Arca\u0219ilor, Calea Sever Bocu, Martir Silviu Motohon, Ecoului, Perlei, Aleea Balcic, Intrarea Sunetului, Aleea B\u0103l\u021bii, Horia M\u0103celariu, Intrarea Aca de Barbu, Sf. Ap. Petru \u0219i Pavel, C-tin cel Mare, Martir C-tin Zabulica, Luminita Botoc, Martir Gabriela Tako, Martir Gheorghe Nu\u021bu Iotcovici, Silistra, Lucerna, Martir Maria Andrei, Martir A Chorosi, C-tin R\u0103dulescu Motru, Olanda, Pomiculturii, Holdelor, Aurel Ciupe, Lucian Georgevici, Franz Liebhard, Carol Davila, Galvani, arhitect Ion Mincu, Verde, Petre Olariu, academician P.P. Negulescu, Ion Ionescu de la Brad, Stuparilor, Amurgului, Calea Aradului, Liege, Or\u0219ova, Ac. R. R\u0103dule\u021b, C\u0103lan, Carei, Cugir, Dej, Felix, Martir S. Motohon, Lini\u0219tei, S. Bocu, Ghe. Leahu, R\u0103s\u0103ritului, Martir I. Miron, Aleea Scurt\u0103, Ghe. Ostrogovich, Dr. V.A. Alaci. <span lang=\"PT-BR\">Total bran\u0219amente afectate: 263.<\/span><\/p>\n<p class=\"yiv6086008413MsoNormal\"><span lang=\"PT-BR\">\u00a0\u201e<\/span><span lang=\"PT-BR\">La reluarea furniz\u0103rii, apa poate prezenta urme de turbiditate pentru scurt timp. V\u0103 recomand\u0103m s\u0103 nu o folosi\u021bi \u00een scopuri menajere p\u00e2n\u0103 la limpezire. <\/span><span lang=\"PT-BR\">\u0218tim c\u0103 este nepl\u0103cut, \u00eens\u0103 interven\u021bia este necesar\u0103 pentru a men\u021bine re\u021beaua func\u021bional\u0103\u201d, transmit reprezentan\u021bii companiei. <\/span><\/p>\n<h2><strong>CITE\u0218TE \u0218I: <a href=\"https:\/\/renasterea.ro\/cod-galben-de-viituri-in-19-judete-printre-care-timis-si-caras-severin\/\">Cod galben de viituri \u00een 19 jude\u021be, printre care Timi\u0219 \u0219i Cara\u0219-Severin<\/a><\/strong><\/h2>\n<\/div>\n<p>[analyse_source url=&#8221;https:\/\/renasterea.ro\/avarie-la-reteaua-primara-de-termoficare-a-timisoarei-intreruperi-programate-miercuri-26-august\/&#8221;]<\/p>\n","protected":false},"excerpt":{"rendered":"<p>[analyse_image type=&#8221;featured&#8221; src=&#8221;https:\/\/renasterea.ro\/ro\/wp-content\/uploads\/oprire-apa-calda.jpghttps:\/\/renasterea.ro\/ro\/wp-content\/uploads\/oprire-apa-calda.jpg&#8221;] Avarie la re\u021beaua primar\u0103 de termoficare a Timi\u0219oarei, \u00eentreruperi programate miercuri 26 august. Miercuri, 26 august 2026, \u00eentre orele 08:00 \u0219i 16:00, Colterm \u00eentrerupe furnizarea apei calde de consum la PT 27, PT 28, PT 29, PT 32, PT 33, PT 35, PT 36, PT 37, PT 38, PT 38A, PT 38B, [&hellip;]<\/p>\n","protected":false},"author":1,"featured_media":0,"comment_status":"open","ping_status":"","sticky":false,"template":"","format":"standard","meta":{"footnotes":""},"categories":[89],"tags":[226,188],"class_list":["post-2112163","post","type-post","status-publish","format-standard","hentry","category-romania","tag-crawlmanager","tag-renasterea-ro"],"_links":{"self":[{"href":"https:\/\/analyse.optim.biz\/index.php?rest_route=\/wp\/v2\/posts\/2112163","targetHints":{"allow":["GET"]}}],"collection":[{"href":"https:\/\/analyse.optim.biz\/index.php?rest_route=\/wp\/v2\/posts"}],"about":[{"href":"https:\/\/analyse.optim.biz\/index.php?rest_route=\/wp\/v2\/types\/post"}],"author":[{"embeddable":true,"href":"https:\/\/analyse.optim.biz\/index.php?rest_route=\/wp\/v2\/users\/1"}],"replies":[{"embeddable":true,"href":"https:\/\/analyse.optim.biz\/index.php?rest_route=%2Fwp%2Fv2%2Fcomments&post=2112163"}],"version-history":[{"count":0,"href":"https:\/\/analyse.optim.biz\/index.php?rest_route=\/wp\/v2\/posts\/2112163\/revisions"}],"wp:attachment":[{"href":"https:\/\/analyse.optim.biz\/index.php?rest_route=%2Fwp%2Fv2%2Fmedia&parent=2112163"}],"wp:term":[{"taxonomy":"category","embeddable":true,"href":"https:\/\/analyse.optim.biz\/index.php?rest_route=%2Fwp%2Fv2%2Fcategories&post=2112163"},{"taxonomy":"post_tag","embeddable":true,"href":"https:\/\/analyse.optim.biz\/index.php?rest_route=%2Fwp%2Fv2%2Ftags&post=2112163"}],"curies":[{"name":"wp","href":"https:\/\/api.w.org\/{rel}","templated":true}]}}