{"id":2112157,"date":"2026-08-25T08:49:00","date_gmt":"2026-08-25T05:49:00","guid":{"rendered":"https:\/\/analyse.optim.biz\/?p=2112157"},"modified":"2026-08-25T08:49:00","modified_gmt":"2026-08-25T05:49:00","slug":"39-de-lei-pe-noapte-la-mare-litoralul-pentru-toti-revine-in-septembrie","status":"publish","type":"post","link":"https:\/\/analyse.optim.biz\/?p=2112157","title":{"rendered":"39 de lei pe noapte la mare. \u201eLitoralul pentru To\u021bi\u201d revine \u00een septembrie"},"content":{"rendered":"<p>[analyse_image type=&#8221;featured&#8221; src=&#8221;https:\/\/renasterea.ro\/ro\/wp-content\/uploads\/litoral-9.jpghttps:\/\/renasterea.ro\/ro\/wp-content\/uploads\/litoral-9.jpg&#8221;]<\/p>\n<div class=\"entry-content\"><img loading=\"lazy\" decoding=\"async\" width=\"800\" height=\"450\" src=\"https:\/\/renasterea.ro\/ro\/wp-content\/uploads\/litoral-9-800x450.jpg\" class=\"attachment-medium size-medium wp-post-image\" alt=\"39 de lei pe noapte la mare. \u201eLitoralul pentru To\u021bi\u201d revine \u00een septembrie\" title=\"39 de lei pe noapte la mare. \u201eLitoralul pentru To\u021bi\u201d revine \u00een septembrie 1\"><\/p>\n<h4>39 de lei pe noapte la mare. \u201eLitoralul pentru To\u021bi\u201d revine \u00een septembrie.<\/h4>\n<p>Programul \u201eLitoralul pentru To\u021bi\u201d revine \u00een septembrie cu cea de-a 49-a edi\u021bie. 67 de unit\u0103\u021bi de cazare din 10 sta\u021biuni de la malul M\u0103rii Negre ofer\u0103 tarife \u00eencep\u00e2nd de la 39 de lei pe persoan\u0103 pe noapte, pentru turi\u0219tii care aleg litoralul \u00een extrasezon.<\/p>\n<p>Programul, lansat de FPTR \u00een anul 2001, urm\u0103re\u0219te s\u0103 ofere turi\u0219tilor posibilitatea de a petrece vacan\u021be pe litoral la tarife reduse \u0219i, \u00een acela\u0219i timp, s\u0103 contribuie la prelungirea sezonului estival.<\/p>\n<p>O noutate a edi\u021biei din aceast\u0103 toamn\u0103 este schimbarea listei participan\u021bilor. 24 dintre cele 67 de unit\u0103\u021bi \u00eenscrise nu au participat la edi\u021bia din prim\u0103var\u0103, printre acestea afl\u00e2ndu-se at\u00e2t operatori care intr\u0103 pentru prima dat\u0103 \u00een program, c\u00e2t \u0219i unit\u0103\u021bi care revin dup\u0103 o perioad\u0103 de absen\u021b\u0103.<\/p>\n<p>Tarife de la 39 de lei pe noapte<\/p>\n<p>Cel mai mic tarif din aceast\u0103 edi\u021bie este de 39 de lei\/persoan\u0103\/noapte, \u00een Eforie Nord, pentru cazare f\u0103r\u0103 mas\u0103.<\/p>\n<p>Tarifele minime comunicate de unit\u0103\u021bile participante sunt:<\/p>\n<p>\u2013 Eforie Nord \u2013 de la 39 lei\/persoan\u0103\/noapte;<br \/>\n\u2013 Eforie Sud \u2013 de la 65 lei\/persoan\u0103\/noapte;<br \/>\n\u2013 Costine\u0219ti \u2013 de la 60 lei\/persoan\u0103\/noapte;<br \/>\n\u2013 Neptun-Olimp \u2013 de la 58 lei\/persoan\u0103\/noapte;<br \/>\n\u2013 Jupiter \u2013 de la 74 lei\/persoan\u0103\/noapte;<br \/>\n\u2013 Saturn \u2013 de la 77 lei\/persoan\u0103\/noapte;<br \/>\n\u2013 Mangalia \u2013 de la 108 lei\/persoan\u0103\/noapte;<br \/>\n\u2013 Vama Veche \u2013 de la 80 lei\/persoan\u0103\/noapte;<br \/>\n\u2013 Mamaia \u2013 de la 69 lei\/persoan\u0103\/noapte;<br \/>\n\u2013 Mamaia Nord \u2013 de la 65 lei\/persoan\u0103\/noapte.<\/p>\n<p>Serviciile incluse \u0219i perioadele de valabilitate sunt stabilite de fiecare unitate de cazare. \u00cen func\u021bie de ofert\u0103, turi\u0219tii pot g\u0103si pachete care includ doar cazare, mic dejun sau servicii All Inclusive.<\/p>\n<p>Comparativ cu edi\u021bia de prim\u0103var\u0103, c\u00e2nd cel mai mic tarif anun\u021bat a fost de 42 de lei\/persoan\u0103\/noapte, oferta din aceast\u0103 toamn\u0103 porne\u0219te de la 39 de lei\/persoan\u0103\/noapte.<\/p>\n<p>De\u0219i programul se desf\u0103\u0219oar\u0103 oficial \u00eentre 1 \u0219i 30 septembrie, unele unit\u0103\u021bi participante au transmis oferte care se extind \u0219i \u00een luna octombrie.<\/p>\n<p>\u201eAnul Calit\u0103\u021bii \u00een Turism\u201d<\/p>\n<p>Edi\u021bia de toamn\u0103 se desf\u0103\u0219oar\u0103 \u00een cadrul ini\u021biativei \u201eAnul Calit\u0103\u021bii \u00een Turism\u201d, lansat\u0103 de FPTR pentru 2026.<\/p>\n<p>\u201eDup\u0103 49 de edi\u021bii, \u201eLitoralul pentru To\u021bi\u201d continu\u0103 s\u0103 atrag\u0103 unit\u0103\u021bi noi \u0219i s\u0103 readuc\u0103 \u00een program operatori care nu au mai participat \u00een ultimele edi\u021bii. Am declarat 2026 \u201eAnul Calit\u0103\u021bii \u00een Turism\u201d pentru c\u0103 turismul rom\u00e2nesc trebuie s\u0103 c\u00e2\u0219tige \u00een fa\u021ba destina\u021biilor externe prin servicii, profesionalism \u0219i un raport corect \u00eentre pre\u021b \u0219i ceea ce a\u0219teapt\u0103 s\u0103 primeasc\u0103 turistul. Turistul care vine la mare \u00een septembrie este la fel de important ca turistul din plin sezon \u0219i trebuie s\u0103 plece mul\u021bumit, cu dorin\u021ba de a reveni\u201d, a declarat Drago\u0219 R\u0103ducan, pre\u0219edintele FPTR.<\/p>\n<p>Pachetele turistice pot fi achitate \u0219i cu vouchere de vacan\u021b\u0103, \u00een condi\u021biile acceptate de fiecare unitate de cazare sau agen\u021bie de turism.<\/p>\n<p>Lista unit\u0103\u021bilor participante, tarifele, perioadele de valabilitate \u0219i datele de contact sunt disponibile pe site-ul oficial al FPTR \u0219i este actualizat\u0103 pe m\u0103sur\u0103 ce sunt \u00eenscrise noi unit\u0103\u021bi. Pentru rezerv\u0103ri \u0219i verificarea disponibilit\u0103\u021bii, turi\u0219tii pot contacta direct unit\u0103\u021bile de cazare sau agen\u021biile de turism partenere.<\/p>\n<p>(sursa: <a href=\"https:\/\/mediafax.ro\/\" target=\"_blank\" rel=\"noopener\">Mediafax<\/a>)<\/p>\n<h2><strong>CITE\u0218TE \u0218I: <a href=\"https:\/\/renasterea.ro\/un-cadru-didactic-universitar-din-timisoara-va-participa-la-o-expeditie-stiintifica-in-antarctica\/\">Un cadru didactic universitar din Timi\u0219oara va participa la o expedi\u021bie \u0219tiin\u021bific\u0103 \u00een Antarctica<\/a><\/strong><\/h2>\n<\/div>\n<p>[analyse_source url=&#8221;https:\/\/renasterea.ro\/39-de-lei-pe-noapte-la-mare-litoralul-pentru-toti-revine-in-septembrie\/&#8221;]<\/p>\n","protected":false},"excerpt":{"rendered":"<p>[analyse_image type=&#8221;featured&#8221; src=&#8221;https:\/\/renasterea.ro\/ro\/wp-content\/uploads\/litoral-9.jpghttps:\/\/renasterea.ro\/ro\/wp-content\/uploads\/litoral-9.jpg&#8221;] 39 de lei pe noapte la mare. \u201eLitoralul pentru To\u021bi\u201d revine \u00een septembrie. Programul \u201eLitoralul pentru To\u021bi\u201d revine \u00een septembrie cu cea de-a 49-a edi\u021bie. 67 de unit\u0103\u021bi de cazare din 10 sta\u021biuni de la malul M\u0103rii Negre ofer\u0103 tarife \u00eencep\u00e2nd de la 39 de lei pe persoan\u0103 pe noapte, pentru turi\u0219tii [&hellip;]<\/p>\n","protected":false},"author":1,"featured_media":0,"comment_status":"open","ping_status":"","sticky":false,"template":"","format":"standard","meta":{"footnotes":""},"categories":[89],"tags":[226,188],"class_list":["post-2112157","post","type-post","status-publish","format-standard","hentry","category-romania","tag-crawlmanager","tag-renasterea-ro"],"_links":{"self":[{"href":"https:\/\/analyse.optim.biz\/index.php?rest_route=\/wp\/v2\/posts\/2112157","targetHints":{"allow":["GET"]}}],"collection":[{"href":"https:\/\/analyse.optim.biz\/index.php?rest_route=\/wp\/v2\/posts"}],"about":[{"href":"https:\/\/analyse.optim.biz\/index.php?rest_route=\/wp\/v2\/types\/post"}],"author":[{"embeddable":true,"href":"https:\/\/analyse.optim.biz\/index.php?rest_route=\/wp\/v2\/users\/1"}],"replies":[{"embeddable":true,"href":"https:\/\/analyse.optim.biz\/index.php?rest_route=%2Fwp%2Fv2%2Fcomments&post=2112157"}],"version-history":[{"count":0,"href":"https:\/\/analyse.optim.biz\/index.php?rest_route=\/wp\/v2\/posts\/2112157\/revisions"}],"wp:attachment":[{"href":"https:\/\/analyse.optim.biz\/index.php?rest_route=%2Fwp%2Fv2%2Fmedia&parent=2112157"}],"wp:term":[{"taxonomy":"category","embeddable":true,"href":"https:\/\/analyse.optim.biz\/index.php?rest_route=%2Fwp%2Fv2%2Fcategories&post=2112157"},{"taxonomy":"post_tag","embeddable":true,"href":"https:\/\/analyse.optim.biz\/index.php?rest_route=%2Fwp%2Fv2%2Ftags&post=2112157"}],"curies":[{"name":"wp","href":"https:\/\/api.w.org\/{rel}","templated":true}]}}