{"id":2112154,"date":"2026-08-25T05:09:19","date_gmt":"2026-08-25T02:09:19","guid":{"rendered":"https:\/\/analyse.optim.biz\/?p=2112154"},"modified":"2026-08-25T05:09:19","modified_gmt":"2026-08-25T02:09:19","slug":"toamna-cu-gust-de-vara-in-vestul-tarii-estimarile-anm-pentru-urmatoarele-patru-saptamani","status":"publish","type":"post","link":"https:\/\/analyse.optim.biz\/?p=2112154","title":{"rendered":"Toamn\u0103 cu gust de var\u0103 \u00een vestul \u021b\u0103rii. Estim\u0103rile ANM pentru urm\u0103toarele patru s\u0103pt\u0103m\u00e2ni"},"content":{"rendered":"<p>[analyse_image type=&#8221;featured&#8221; src=&#8221;https:\/\/renasterea.ro\/ro\/wp-content\/uploads\/2026\/08\/vara.jpghttps:\/\/renasterea.ro\/ro\/wp-content\/uploads\/2026\/08\/vara.jpg&#8221;]<\/p>\n<div class=\"entry-content\"><img loading=\"lazy\" decoding=\"async\" width=\"600\" height=\"331\" src=\"https:\/\/renasterea.ro\/ro\/wp-content\/uploads\/2026\/08\/vara.jpg\" class=\"attachment-medium size-medium wp-post-image\" alt=\"Toamn\u0103 cu gust de var\u0103 \u00een vestul \u021b\u0103rii. Estim\u0103rile ANM pentru urm\u0103toarele patru s\u0103pt\u0103m\u00e2ni\" title=\"Toamn\u0103 cu gust de var\u0103 \u00een vestul \u021b\u0103rii. Estim\u0103rile ANM pentru urm\u0103toarele patru s\u0103pt\u0103m\u00e2ni 1\"><\/p>\n<h4><strong>Toamn\u0103 cu gust de var\u0103 \u00een vestul \u021b\u0103rii. Estim\u0103rile ANM pentru urm\u0103toarele patru s\u0103pt\u0103m\u00e2ni.<\/strong><\/h4>\n<p>ANM a actualizat estim\u0103rile meteo pentru perioada 24 august \u2013 21 septembrie 2026. Vestul \u021b\u0103rii r\u0103m\u00e2ne mai cald dec\u00e2t normal, iar ploile variaz\u0103 de la o s\u0103pt\u0103m\u00e2n\u0103 la alta.<\/p>\n<p>Administra\u021bia Na\u021bional\u0103 de Meteorologie a publicat estim\u0103rile pe patru s\u0103pt\u0103m\u00e2ni pentru perioada 24 august \u2013 21 septembrie 2026. Vestul \u021b\u0103rii va avea temperaturi peste normal aproape tot intervalul, iar precipita\u021biile vor varia de la o s\u0103pt\u0103m\u00e2n\u0103 la alta.<\/p>\n<p><strong>\u00cen s\u0103pt\u0103m\u00e2na 24-31 august<\/strong>, aerul va fi mai cald dec\u00e2t normal \u00een vest. \u00cen est \u0219i sud-est, valorile vor fi u\u0219or mai cobor\u00e2te, iar \u00een rest se vor apropia de medie. Ploile vor fi mai abundente la munte \u0219i local \u00een centrul \u0219i estul \u021b\u0103rii. \u00cen extremit\u0103\u021bile vestice \u0219i nord-vestice, precipita\u021biile vor fi deficitare.<\/p>\n<p><strong>\u00centre 31 august \u0219i 7 septembrie<\/strong>, temperaturile cresc peste normal doar \u00een vest \u0219i sud-vest. Restul teritoriului r\u0103m\u00e2ne \u00een limite obi\u0219nuite pentru aceast\u0103 perioad\u0103 a anului. Regimul pluviometric va fi u\u0219or excedentar local \u00een centru \u0219i est, iar \u00een celelalte regiuni se va apropia de normal.<\/p>\n<p>Septembrie \u00eencepe cu vreme de var\u0103: temperaturile r\u0103m\u00e2n ridicate<\/p>\n<p><strong>S\u0103pt\u0103m\u00e2na 7-14 septembrie<\/strong> aduce din nou valori termice mai ridicate \u00een vest \u0219i sud-vest. Restul \u021b\u0103rii se men\u021bine \u00een jurul mediilor multianuale. Precipita\u021biile se vor situa aproape de normele specifice acestui interval, potrivit ANM.<\/p>\n<p>Pentru ultima s\u0103pt\u0103m\u00e2n\u0103 analizat\u0103, <strong>14-21 septembrie<\/strong>, temperaturile vor dep\u0103\u0219i normalul climatologic \u00een vest \u0219i sud-vest. Abaterea se resimte local \u0219i \u00een nord \u0219i centru, \u00een timp ce restul teritoriului r\u0103m\u00e2ne \u00een jurul mediilor obi\u0219nuite. Ploile vor lipsi \u00een vest \u0219i local \u00een nord, centru \u0219i sud. \u00cen rest, cantit\u0103\u021bile se vor \u00eencadra \u00een limite normale.<\/p>\n<p>(sursa: <a href=\"https:\/\/mediafax.ro\/\" target=\"_blank\" rel=\"noopener\">Mediafax<\/a>)<\/p>\n<p>Foto: Libertatea<\/p>\n<h2><strong>CITE\u0218TE \u0218I: <a href=\"https:\/\/renasterea.ro\/accident-cu-mai-multe-masini-si-victime-in-apropiere-de-timisoara-ce-au-stabilit-politistii\/\">Accident cu mai multe ma\u0219ini \u0219i victime, \u00een apropiere de Timi\u0219oara. Ce au stabilit poli\u021bi\u0219tii<\/a><\/strong><\/h2>\n<\/div>\n<p>[analyse_source url=&#8221;https:\/\/renasterea.ro\/toamna-cu-gust-de-vara-in-vestul-tarii-estimarile-anm-pentru-urmatoarele-patru-saptamani\/&#8221;]<\/p>\n","protected":false},"excerpt":{"rendered":"<p>[analyse_image type=&#8221;featured&#8221; src=&#8221;https:\/\/renasterea.ro\/ro\/wp-content\/uploads\/2026\/08\/vara.jpghttps:\/\/renasterea.ro\/ro\/wp-content\/uploads\/2026\/08\/vara.jpg&#8221;] Toamn\u0103 cu gust de var\u0103 \u00een vestul \u021b\u0103rii. Estim\u0103rile ANM pentru urm\u0103toarele patru s\u0103pt\u0103m\u00e2ni. ANM a actualizat estim\u0103rile meteo pentru perioada 24 august \u2013 21 septembrie 2026. Vestul \u021b\u0103rii r\u0103m\u00e2ne mai cald dec\u00e2t normal, iar ploile variaz\u0103 de la o s\u0103pt\u0103m\u00e2n\u0103 la alta. Administra\u021bia Na\u021bional\u0103 de Meteorologie a publicat estim\u0103rile pe patru [&hellip;]<\/p>\n","protected":false},"author":1,"featured_media":0,"comment_status":"open","ping_status":"","sticky":false,"template":"","format":"standard","meta":{"footnotes":""},"categories":[89],"tags":[226,188],"class_list":["post-2112154","post","type-post","status-publish","format-standard","hentry","category-romania","tag-crawlmanager","tag-renasterea-ro"],"_links":{"self":[{"href":"https:\/\/analyse.optim.biz\/index.php?rest_route=\/wp\/v2\/posts\/2112154","targetHints":{"allow":["GET"]}}],"collection":[{"href":"https:\/\/analyse.optim.biz\/index.php?rest_route=\/wp\/v2\/posts"}],"about":[{"href":"https:\/\/analyse.optim.biz\/index.php?rest_route=\/wp\/v2\/types\/post"}],"author":[{"embeddable":true,"href":"https:\/\/analyse.optim.biz\/index.php?rest_route=\/wp\/v2\/users\/1"}],"replies":[{"embeddable":true,"href":"https:\/\/analyse.optim.biz\/index.php?rest_route=%2Fwp%2Fv2%2Fcomments&post=2112154"}],"version-history":[{"count":0,"href":"https:\/\/analyse.optim.biz\/index.php?rest_route=\/wp\/v2\/posts\/2112154\/revisions"}],"wp:attachment":[{"href":"https:\/\/analyse.optim.biz\/index.php?rest_route=%2Fwp%2Fv2%2Fmedia&parent=2112154"}],"wp:term":[{"taxonomy":"category","embeddable":true,"href":"https:\/\/analyse.optim.biz\/index.php?rest_route=%2Fwp%2Fv2%2Fcategories&post=2112154"},{"taxonomy":"post_tag","embeddable":true,"href":"https:\/\/analyse.optim.biz\/index.php?rest_route=%2Fwp%2Fv2%2Ftags&post=2112154"}],"curies":[{"name":"wp","href":"https:\/\/api.w.org\/{rel}","templated":true}]}}